{"id":31992,"date":"2019-10-04T08:42:42","date_gmt":"2019-10-04T14:42:42","guid":{"rendered":"http:\/\/www.inces.gob.ve\/?p=31992"},"modified":"2020-05-28T20:25:49","modified_gmt":"2020-05-29T00:25:49","slug":"bolivar-fundacion-armonia-recibe-asistencia-social","status":"publish","type":"post","link":"https:\/\/inces.gob.ve\/index.php\/2019\/10\/04\/bolivar-fundacion-armonia-recibe-asistencia-social\/","title":{"rendered":"Bol\u00edvar | Fundaci\u00f3n Armon\u00eda recibe asistencia social"},"content":{"rendered":"<p align=\"justify\"><span style=\"font-family: Arial, sans-serif;\"><span style=\"font-size: x-large;\">** <i><b>En el marco del cumplimiento de la responsabilidad social que promueve el Inces en Bol\u00edvar, las brigadas productivas de barber\u00eda se trasladaron a la sede del adulto mayor, con la finalidad de atender a las personas de la tercera edad<\/b><\/i><\/span><\/span><\/p>\n<p align=\"justify\"><!--more--><\/p>\n<p align=\"justify\"><strong><span style=\"font-family: Arial,sans-serif;\"><span style=\"font-size: x-large;\">ALEXSSIA THOMAS<\/span><\/span><\/strong><\/p>\n<p align=\"justify\">\n<p align=\"justify\"><span style=\"font-family: Arial, sans-serif;\"><span style=\"font-size: x-large;\">Cada d\u00eda son m\u00e1s las brigadas que se unen para llevar a la poblaci\u00f3n la mayor suma de felicidad. Es por ello que en esta ocasi\u00f3n los participantes que conforman la brigada de barber\u00eda, visitaron a la Fundaci\u00f3n Armon\u00eda para atender a m\u00e1s de 30 abuelos con cortes de cabello, secado, manicure y pedicure.<\/span><\/span><\/p>\n<p align=\"justify\">\n<p align=\"justify\"><span style=\"font-family: Arial, sans-serif;\"><span style=\"font-size: x-large;\">El director de la Fundaci\u00f3n, Lazaro Gattor, agradeci\u00f3 la atenci\u00f3n que mantiene el Inces con\u00a0 esta casa de abrigo, para brindar la mayor protecci\u00f3n a los adultos m\u00e1s vulnerables del municipio Caron\u00ed.<\/span><\/span><\/p>\n<p align=\"justify\"><img loading=\"lazy\" decoding=\"async\" class=\"aligncenter wp-image-31995 size-full\" src=\"http:\/\/www.inces.gob.ve\/wp-content\/uploads\/2019\/10\/INCES-asistencia-social1-.jpg\" alt=\"\" width=\"800\" height=\"450\" srcset=\"https:\/\/inces.gob.ve\/wp-content\/uploads\/2019\/10\/INCES-asistencia-social1-.jpg 800w, https:\/\/inces.gob.ve\/wp-content\/uploads\/2019\/10\/INCES-asistencia-social1--300x169.jpg 300w, https:\/\/inces.gob.ve\/wp-content\/uploads\/2019\/10\/INCES-asistencia-social1--768x432.jpg 768w\" sizes=\"auto, (max-width: 800px) 100vw, 800px\" \/><\/p>\n<p align=\"justify\"><span style=\"font-family: Arial, sans-serif;\"><span style=\"font-size: x-large;\">Por su parte, la jefa de Formaci\u00f3n Profesional, Mar\u00eda Salazar, asever\u00f3 que para la pr\u00f3xima semana 150 adultos mayores iniciar\u00e1n las formaciones en Reciclaje de Desechos Oorg\u00e1nicos, Productor de Hortalizas en \u00c1reas Urbanas, Procesamiento y Conservaci\u00f3n del Tomate, Word y Excel.<\/span><\/span><\/p>\n<p align=\"justify\">\n<p align=\"justify\"><span style=\"font-family: Arial, sans-serif;\"><span style=\"font-size: x-large;\">Asimismo, Salazar asegur\u00f3 seguir con el plan de visitas guiadas para brindar asistencia social a trav\u00e9s de los cuidados al adulto mayor. \u201cCon este tipo de acciones el Inces Bol\u00edvar asume el compromiso de la responsabilidad social con las fundaciones de la regi\u00f3n. La acci\u00f3n del instituto es definitivamente inclusiva\u201d, finaliz\u00f3.<\/span><\/span><\/p>\n<p align=\"justify\"><span style=\"font-family: Arial, sans-serif;\"><span style=\"font-size: x-large;\"><img loading=\"lazy\" decoding=\"async\" class=\"aligncenter wp-image-31993 size-full\" src=\"http:\/\/www.inces.gob.ve\/wp-content\/uploads\/2019\/10\/INCES-asistencia-social6-.jpg\" alt=\"\" width=\"800\" height=\"450\" srcset=\"https:\/\/inces.gob.ve\/wp-content\/uploads\/2019\/10\/INCES-asistencia-social6-.jpg 800w, https:\/\/inces.gob.ve\/wp-content\/uploads\/2019\/10\/INCES-asistencia-social6--300x169.jpg 300w, https:\/\/inces.gob.ve\/wp-content\/uploads\/2019\/10\/INCES-asistencia-social6--768x432.jpg 768w\" sizes=\"auto, (max-width: 800px) 100vw, 800px\" \/><\/span><\/span><\/p>\n<p align=\"justify\">\n","protected":false},"excerpt":{"rendered":"<p>** En el marco del cumplimiento de la responsabilidad social que promueve el Inces en Bol\u00edvar, las brigadas productivas de barber\u00eda se trasladaron a la sede del adulto mayor, con la finalidad de atender a las personas de la tercera edad<\/p>\n","protected":false},"author":15,"featured_media":31994,"comment_status":"closed","ping_status":"closed","sticky":false,"template":"","format":"standard","meta":{"footnotes":""},"categories":[2],"tags":[],"class_list":["post-31992","post","type-post","status-publish","format-standard","has-post-thumbnail","hentry","category-blog"],"_links":{"self":[{"href":"https:\/\/inces.gob.ve\/index.php\/wp-json\/wp\/v2\/posts\/31992","targetHints":{"allow":["GET"]}}],"collection":[{"href":"https:\/\/inces.gob.ve\/index.php\/wp-json\/wp\/v2\/posts"}],"about":[{"href":"https:\/\/inces.gob.ve\/index.php\/wp-json\/wp\/v2\/types\/post"}],"author":[{"embeddable":true,"href":"https:\/\/inces.gob.ve\/index.php\/wp-json\/wp\/v2\/users\/15"}],"replies":[{"embeddable":true,"href":"https:\/\/inces.gob.ve\/index.php\/wp-json\/wp\/v2\/comments?post=31992"}],"version-history":[{"count":2,"href":"https:\/\/inces.gob.ve\/index.php\/wp-json\/wp\/v2\/posts\/31992\/revisions"}],"predecessor-version":[{"id":32001,"href":"https:\/\/inces.gob.ve\/index.php\/wp-json\/wp\/v2\/posts\/31992\/revisions\/32001"}],"wp:featuredmedia":[{"embeddable":true,"href":"https:\/\/inces.gob.ve\/index.php\/wp-json\/wp\/v2\/media\/31994"}],"wp:attachment":[{"href":"https:\/\/inces.gob.ve\/index.php\/wp-json\/wp\/v2\/media?parent=31992"}],"wp:term":[{"taxonomy":"category","embeddable":true,"href":"https:\/\/inces.gob.ve\/index.php\/wp-json\/wp\/v2\/categories?post=31992"},{"taxonomy":"post_tag","embeddable":true,"href":"https:\/\/inces.gob.ve\/index.php\/wp-json\/wp\/v2\/tags?post=31992"}],"curies":[{"name":"wp","href":"https:\/\/api.w.org\/{rel}","templated":true}]}}