{"id":32115,"date":"2019-10-08T13:14:51","date_gmt":"2019-10-08T19:14:51","guid":{"rendered":"http:\/\/www.inces.gob.ve\/?p=32115"},"modified":"2020-05-28T20:25:48","modified_gmt":"2020-05-29T00:25:48","slug":"aragua-desde-el-inces-textil-se-establecen-alianzas-productivas-y-de-formacion","status":"publish","type":"post","link":"https:\/\/inces.gob.ve\/index.php\/2019\/10\/08\/aragua-desde-el-inces-textil-se-establecen-alianzas-productivas-y-de-formacion\/","title":{"rendered":"ARAGUA | Desde el Inces Textil se establecen alianzas productivas y de formaci\u00f3n"},"content":{"rendered":"\n<p align=\"justify\"><em><strong><span style=\"font-family: Arial,sans-serif;\"><span style=\"font-size: x-large;\">** Junto a los directivos de las escuelas aleda\u00f1as se avanza en el trabajo mancomunado<\/span><\/span><\/strong><\/em><\/p>\n<p align=\"justify\"><!--more--><br \/><br \/><\/p>\n<p align=\"justify\"><span style=\"font-family: Arial, sans-serif;\"><span style=\"font-size: x-large;\">NINOSKA PATRIZ <\/span><\/span><\/p>\n<p align=\"justify\">\u201c<span style=\"font-family: Arial, sans-serif;\"><span style=\"font-size: x-large;\">El fomentar los intercambios formativos, socio pol\u00edticos y t\u00e9cnicos productivos es nuestra misi\u00f3n m\u00e1s importante\u201d coment\u00f3 la jefe de Centro Mar\u00eda Cabrera, desde las instalaciones de La Candelaria.<\/span><\/span><\/p>\n<p align=\"justify\"><span style=\"font-family: Arial, sans-serif;\"><span style=\"font-size: x-large;\">Y agreg\u00f3: \u201cPreocupados y ocupados por la formaci\u00f3n de nuestro pa\u00eds y a pesar de la guerra econ\u00f3mica a la cual nos somete el imperio, seguimos trabajando por garantizar la educaci\u00f3n gratuita y de calidad para el pueblo\u201d.<\/span><\/span><\/p>\n<p align=\"justify\"><span style=\"font-family: Arial, sans-serif;\"><span style=\"font-size: x-large;\">De la misma forma Cabrera explic\u00f3 que el acercamiento a los Planteles Educativos permite desarrollar parte de la planificaci\u00f3n de la ruta establecida para atender a las escuelas en cuanto al apoyo en mantenimiento de la infraestructura y reparaci\u00f3n de pupitres o mesas sillas.<\/span><\/span><\/p>\n<p align=\"justify\"><span style=\"font-family: Arial, sans-serif;\"><span style=\"font-size: x-large;\">Al respecto cabe destacar que: \u201cNada m\u00e1s en el liceo Julio Morales Lara, de la parroquia El Lim\u00f3n, ya se han reparado 50 pupitres, del diagn\u00f3stico arrojado de m\u00e1s de 250 por reparar en la zona\u201d.<\/span><\/span><\/p>\n<p align=\"justify\"><span style=\"font-family: Arial, sans-serif;\"><span style=\"font-size: x-large;\">Adem\u00e1s acot\u00f3 que: \u201cSiempre estamos a la b\u00fasqueda de nuevas oportunidades para brindar nuestros conocimientos y habilidades en funci\u00f3n de mejorar los ambientes donde se despierta el conocimiento\u201d.<\/span><\/span><\/p>\n<p align=\"justify\"><br \/><br \/><\/p>\n<p align=\"justify\"><span style=\"font-family: Arial, sans-serif;\"><span style=\"font-size: x-large;\">Curso de Ropa \u00cdntima B\u00e1sica<\/span><\/span><\/p>\n<p align=\"justify\"><span style=\"font-family: Arial, sans-serif;\"><span style=\"font-size: x-large;\">En esta oportunidad la direcci\u00f3n del curso correspondi\u00f3 a la profesora Jennie Hern\u00e1ndez. Fu\u00e9e una formaci\u00f3n de calidad en el \u00e1rea de patronaje b\u00e1sico para prendas \u00edntimas.<\/span><\/span><\/p>\n<p align=\"justify\"><span style=\"font-family: Arial, sans-serif;\"><span style=\"font-size: x-large;\">Los directivos de las escuelas y personal acompa\u00f1ante se mostraron gratamente satisfechos.<\/span><\/span><\/p>\n<p align=\"justify\"><span style=\"font-family: Arial, sans-serif;\"><span style=\"font-size: x-large;\">As\u00ed mismo se adelantan nuevas experiencias integrales pedag\u00f3gicas para dar a conocer los oficios Inces y el establecimiento de brigadas productivas para incrementar la estabilidad econ\u00f3mica de la patria de Ch\u00e1vez y Bol\u00edvar. <\/span><\/span><\/p>\n<p align=\"justify\"><br \/><br \/><\/p>\n","protected":false},"excerpt":{"rendered":"<p>** Junto a los directivos de las escuelas aleda\u00f1as se avanza en el trabajo mancomunado<\/p>\n","protected":false},"author":4,"featured_media":27865,"comment_status":"closed","ping_status":"open","sticky":false,"template":"","format":"standard","meta":{"footnotes":""},"categories":[2],"tags":[],"class_list":["post-32115","post","type-post","status-publish","format-standard","has-post-thumbnail","hentry","category-blog"],"_links":{"self":[{"href":"https:\/\/inces.gob.ve\/index.php\/wp-json\/wp\/v2\/posts\/32115","targetHints":{"allow":["GET"]}}],"collection":[{"href":"https:\/\/inces.gob.ve\/index.php\/wp-json\/wp\/v2\/posts"}],"about":[{"href":"https:\/\/inces.gob.ve\/index.php\/wp-json\/wp\/v2\/types\/post"}],"author":[{"embeddable":true,"href":"https:\/\/inces.gob.ve\/index.php\/wp-json\/wp\/v2\/users\/4"}],"replies":[{"embeddable":true,"href":"https:\/\/inces.gob.ve\/index.php\/wp-json\/wp\/v2\/comments?post=32115"}],"version-history":[{"count":2,"href":"https:\/\/inces.gob.ve\/index.php\/wp-json\/wp\/v2\/posts\/32115\/revisions"}],"predecessor-version":[{"id":32120,"href":"https:\/\/inces.gob.ve\/index.php\/wp-json\/wp\/v2\/posts\/32115\/revisions\/32120"}],"wp:featuredmedia":[{"embeddable":true,"href":"https:\/\/inces.gob.ve\/index.php\/wp-json\/wp\/v2\/media\/27865"}],"wp:attachment":[{"href":"https:\/\/inces.gob.ve\/index.php\/wp-json\/wp\/v2\/media?parent=32115"}],"wp:term":[{"taxonomy":"category","embeddable":true,"href":"https:\/\/inces.gob.ve\/index.php\/wp-json\/wp\/v2\/categories?post=32115"},{"taxonomy":"post_tag","embeddable":true,"href":"https:\/\/inces.gob.ve\/index.php\/wp-json\/wp\/v2\/tags?post=32115"}],"curies":[{"name":"wp","href":"https:\/\/api.w.org\/{rel}","templated":true}]}}