{"id":32228,"date":"2019-10-10T12:07:44","date_gmt":"2019-10-10T18:07:44","guid":{"rendered":"http:\/\/www.inces.gob.ve\/?p=32228"},"modified":"2020-05-28T20:25:19","modified_gmt":"2020-05-29T00:25:19","slug":"tachira-inces-promueve-formaciones-de-atencion-integral","status":"publish","type":"post","link":"https:\/\/inces.gob.ve\/index.php\/2019\/10\/10\/tachira-inces-promueve-formaciones-de-atencion-integral\/","title":{"rendered":"T\u00c1CHIRA | Inces promueve formaciones de atenci\u00f3n integral"},"content":{"rendered":"<p class=\"western\" lang=\"es-VE\" align=\"justify\"><span style=\"font-family: Arial, sans-serif;\"><span style=\"font-size: x-large;\"><i><b>** Impulsando el desarrollo de la naci\u00f3n<\/b><\/i><\/span><\/span><\/p>\n<p class=\"western\" lang=\"es-VE\" align=\"justify\">\n<!--more--><\/p>\n<p class=\"western\" lang=\"es-VE\" align=\"justify\"><span style=\"font-family: Arial, sans-serif;\"><span style=\"font-size: x-large;\"><b>YOLIMA BOYAC\u00c1<\/b><\/span><\/span><\/p>\n<p class=\"western\" lang=\"es-VE\" align=\"justify\"><span style=\"font-family: Arial, sans-serif;\"><span style=\"font-size: x-large;\">El centro de formaci\u00f3n socialista (CFS) Dr. Luis Beltr\u00e1n Prieto Figueroa abre sus puertas a toda la colectividad tachirense para participar en las diferentes formaciones industriales, agr\u00edcolas y artesanales que ofrece.<\/span><\/span><\/p>\n<p class=\"western\" lang=\"es-VE\" align=\"justify\">\n<p class=\"western\" lang=\"es-VE\" align=\"justify\"><span style=\"font-family: Arial, sans-serif;\"><span style=\"font-size: x-large;\">La coordinadora del CFS, Ayda M\u00e1rquez, manifest\u00f3 la importancia de las formaciones que se dictan en este centro y cmo contribuyen con el desarrollo de la naci\u00f3n y los programas impulsados por el Inces T\u00e1chira, con el objetivo de desarrollar la autogesti\u00f3n en materia productiva.<\/span><\/span><\/p>\n<p class=\"western\" lang=\"es-VE\" align=\"justify\"><span style=\"font-family: Arial, sans-serif;\"><span style=\"font-size: x-large;\"><img loading=\"lazy\" decoding=\"async\" class=\"aligncenter wp-image-32229 size-full\" src=\"http:\/\/www.inces.gob.ve\/wp-content\/uploads\/2019\/10\/Inces-formaciones-atenci\u00f3n-integral3-.jpg\" alt=\"\" width=\"800\" height=\"600\" srcset=\"https:\/\/inces.gob.ve\/wp-content\/uploads\/2019\/10\/Inces-formaciones-atenci\u00f3n-integral3-.jpg 800w, https:\/\/inces.gob.ve\/wp-content\/uploads\/2019\/10\/Inces-formaciones-atenci\u00f3n-integral3--300x225.jpg 300w, https:\/\/inces.gob.ve\/wp-content\/uploads\/2019\/10\/Inces-formaciones-atenci\u00f3n-integral3--768x576.jpg 768w, https:\/\/inces.gob.ve\/wp-content\/uploads\/2019\/10\/Inces-formaciones-atenci\u00f3n-integral3--136x102.jpg 136w\" sizes=\"auto, (max-width: 800px) 100vw, 800px\" \/><\/span><\/span><\/p>\n<p class=\"western\" lang=\"es-VE\" align=\"justify\">\n<p class=\"western\" lang=\"es-VE\" align=\"justify\"><span style=\"font-family: Arial, sans-serif;\"><span style=\"font-size: x-large;\">Asimismo, se atiende a las instituciones educativas, comunidades, instituciones p\u00fablicas y privadas, consejos comunales, comunas, UBCH, frentes, entre otras organizaciones.<\/span><\/span><\/p>\n<p class=\"western\" lang=\"es-VE\" align=\"justify\">\n<img loading=\"lazy\" decoding=\"async\" class=\"aligncenter wp-image-32230 size-full\" src=\"http:\/\/www.inces.gob.ve\/wp-content\/uploads\/2019\/10\/Inces-formaciones-atenci\u00f3n-integral2-.jpg\" alt=\"\" width=\"800\" height=\"600\" srcset=\"https:\/\/inces.gob.ve\/wp-content\/uploads\/2019\/10\/Inces-formaciones-atenci\u00f3n-integral2-.jpg 800w, https:\/\/inces.gob.ve\/wp-content\/uploads\/2019\/10\/Inces-formaciones-atenci\u00f3n-integral2--300x225.jpg 300w, https:\/\/inces.gob.ve\/wp-content\/uploads\/2019\/10\/Inces-formaciones-atenci\u00f3n-integral2--768x576.jpg 768w, https:\/\/inces.gob.ve\/wp-content\/uploads\/2019\/10\/Inces-formaciones-atenci\u00f3n-integral2--136x102.jpg 136w\" sizes=\"auto, (max-width: 800px) 100vw, 800px\" \/><\/p>\n<p class=\"western\" lang=\"es-VE\" align=\"justify\"><span style=\"font-family: Arial, sans-serif;\"><span style=\"font-size: x-large;\">Cabe destacar que el Inces tiene como fundamento capacitar, formar, certificar y acreditar conocimientos en saberes emp\u00edricos en diversos oficios; adem\u00e1s promueve e incentiva el desarrollo de los 15 motores productivos de la agenda econ\u00f3mica nacional. <\/span><\/span><\/p>\n","protected":false},"excerpt":{"rendered":"<p>** Impulsando el desarrollo de la naci\u00f3n<\/p>\n","protected":false},"author":15,"featured_media":32231,"comment_status":"closed","ping_status":"closed","sticky":false,"template":"","format":"standard","meta":{"footnotes":""},"categories":[2],"tags":[],"class_list":["post-32228","post","type-post","status-publish","format-standard","has-post-thumbnail","hentry","category-blog"],"_links":{"self":[{"href":"https:\/\/inces.gob.ve\/index.php\/wp-json\/wp\/v2\/posts\/32228","targetHints":{"allow":["GET"]}}],"collection":[{"href":"https:\/\/inces.gob.ve\/index.php\/wp-json\/wp\/v2\/posts"}],"about":[{"href":"https:\/\/inces.gob.ve\/index.php\/wp-json\/wp\/v2\/types\/post"}],"author":[{"embeddable":true,"href":"https:\/\/inces.gob.ve\/index.php\/wp-json\/wp\/v2\/users\/15"}],"replies":[{"embeddable":true,"href":"https:\/\/inces.gob.ve\/index.php\/wp-json\/wp\/v2\/comments?post=32228"}],"version-history":[{"count":1,"href":"https:\/\/inces.gob.ve\/index.php\/wp-json\/wp\/v2\/posts\/32228\/revisions"}],"predecessor-version":[{"id":32232,"href":"https:\/\/inces.gob.ve\/index.php\/wp-json\/wp\/v2\/posts\/32228\/revisions\/32232"}],"wp:featuredmedia":[{"embeddable":true,"href":"https:\/\/inces.gob.ve\/index.php\/wp-json\/wp\/v2\/media\/32231"}],"wp:attachment":[{"href":"https:\/\/inces.gob.ve\/index.php\/wp-json\/wp\/v2\/media?parent=32228"}],"wp:term":[{"taxonomy":"category","embeddable":true,"href":"https:\/\/inces.gob.ve\/index.php\/wp-json\/wp\/v2\/categories?post=32228"},{"taxonomy":"post_tag","embeddable":true,"href":"https:\/\/inces.gob.ve\/index.php\/wp-json\/wp\/v2\/tags?post=32228"}],"curies":[{"name":"wp","href":"https:\/\/api.w.org\/{rel}","templated":true}]}}