{"id":32326,"date":"2019-10-15T06:37:35","date_gmt":"2019-10-15T12:37:35","guid":{"rendered":"http:\/\/www.inces.gob.ve\/?p=32326"},"modified":"2020-05-28T20:25:18","modified_gmt":"2020-05-29T00:25:18","slug":"monagas-clase-trabajadora-de-petrodelta-se-acredita-en-el-inces","status":"publish","type":"post","link":"https:\/\/inces.gob.ve\/index.php\/2019\/10\/15\/monagas-clase-trabajadora-de-petrodelta-se-acredita-en-el-inces\/","title":{"rendered":"MONAGAS | Clase trabajadora de Petrodelta se acredita en el Inces"},"content":{"rendered":"<p align=\"justify\"><span style=\"font-family: Arial, sans-serif;\"><span style=\"font-size: x-large;\"><i><b>** 42 trabajadores de la filial petrolera se incorporan a los procesos formativos y productivos en el Motor Turismo <\/b><\/i><\/span><\/span><\/p>\n<p align=\"justify\">\n<!--more--><\/p>\n<p align=\"justify\"><span style=\"font-family: Arial, sans-serif;\"><span style=\"font-size: x-large;\">MARI\u00c1NGEL HENR\u00cdQUEZ<\/span><\/span><\/p>\n<p align=\"justify\"><span style=\"font-family: Arial, sans-serif;\"><span style=\"font-size: x-large;\">En el marco de los convenios suscritos por el Inces y las diferentes instituciones aliadas, se desarroll\u00f3 una jornada de Acreditaciones de Saberes por Experiencias en Ejercicios en las ocupaciones de Panader\u00eda y Reposter\u00eda en el centro de formaci\u00f3n socialista (CFS) \u201cSim\u00f3n Rodr\u00edguez\u201d para atender a la clase trabajadora de Petrodelta.<\/span><\/span><\/p>\n<p align=\"justify\">\n<p align=\"justify\"><span style=\"font-family: Arial, sans-serif;\"><span style=\"font-size: x-large;\">Con la participaci\u00f3n de 22 trabajadores y trabajadoras que dominan el oficio de Panader\u00eda y 20 del \u00e1rea de Reposter\u00eda, se llev\u00f3 a cabo el proceso donde la maestra t\u00e9cnica productiva del Motor Turismo, Carmen M\u00e1rquez, aplic\u00f3 la metodolog\u00eda \u201cAprender Haciendo\u201d para reconocer los conocimientos de los hombres y mujeres que se suman a la construcci\u00f3n del nuevo modelo econ\u00f3mico productivo que requiere el pa\u00eds. <\/span><\/span><\/p>\n<p align=\"justify\"><img loading=\"lazy\" decoding=\"async\" class=\"aligncenter wp-image-32327 size-full\" src=\"http:\/\/www.inces.gob.ve\/wp-content\/uploads\/2019\/10\/Inces-trabajadora-Petrodelta-se-acredita3-.jpg\" alt=\"\" width=\"800\" height=\"598\" srcset=\"https:\/\/inces.gob.ve\/wp-content\/uploads\/2019\/10\/Inces-trabajadora-Petrodelta-se-acredita3-.jpg 800w, https:\/\/inces.gob.ve\/wp-content\/uploads\/2019\/10\/Inces-trabajadora-Petrodelta-se-acredita3--300x224.jpg 300w, https:\/\/inces.gob.ve\/wp-content\/uploads\/2019\/10\/Inces-trabajadora-Petrodelta-se-acredita3--768x574.jpg 768w, https:\/\/inces.gob.ve\/wp-content\/uploads\/2019\/10\/Inces-trabajadora-Petrodelta-se-acredita3--136x102.jpg 136w\" sizes=\"auto, (max-width: 800px) 100vw, 800px\" \/><\/p>\n<p align=\"justify\"><span style=\"font-family: Arial, sans-serif;\"><span style=\"font-size: x-large;\">Durante la actividad los presentes fortalecieron sus saberes con el taller de \u201cPanader\u00eda Artesanal\u201d donde aprendieron a elaborar otros productos como: tortas, galletas, ponqu\u00e9s, roles de canela, panes de batata, auyama, yuca, caraotas y de otras especies nunca antes vistas en las panader\u00edas tradicionales. <\/span><\/span><\/p>\n<p align=\"justify\">\n<p align=\"justify\"><span style=\"font-family: Arial, sans-serif;\"><span style=\"font-size: x-large;\">En este sentido, Yamira Ram\u00edrez, participante, dijo: \u201cSolo se ve y se vive en el Inces\u201d, a prop\u00f3sito de los nuevos conocimientos que adquiri\u00f3 gracias a la oportunidad y el apoyo brindado en el proceso de acreditaci\u00f3n, ya que pudo reforzar los saberes t\u00e9cnicos bajo los ideales socialistas, los cuales le permitieron conocer m\u00e1s a sus compa\u00f1eros de trabajos.<\/span><\/span><\/p>\n<p align=\"justify\"><img loading=\"lazy\" decoding=\"async\" class=\"aligncenter wp-image-32329 size-full\" src=\"http:\/\/www.inces.gob.ve\/wp-content\/uploads\/2019\/10\/Inces-trabajadora-Petrodelta-se-acredita1-.jpg\" alt=\"\" width=\"800\" height=\"600\" srcset=\"https:\/\/inces.gob.ve\/wp-content\/uploads\/2019\/10\/Inces-trabajadora-Petrodelta-se-acredita1-.jpg 800w, https:\/\/inces.gob.ve\/wp-content\/uploads\/2019\/10\/Inces-trabajadora-Petrodelta-se-acredita1--300x225.jpg 300w, https:\/\/inces.gob.ve\/wp-content\/uploads\/2019\/10\/Inces-trabajadora-Petrodelta-se-acredita1--768x576.jpg 768w, https:\/\/inces.gob.ve\/wp-content\/uploads\/2019\/10\/Inces-trabajadora-Petrodelta-se-acredita1--136x102.jpg 136w\" sizes=\"auto, (max-width: 800px) 100vw, 800px\" \/><br \/>\n<span style=\"font-family: Arial, sans-serif;\"><span style=\"font-size: x-large;\">En este sentido, el gerente regional William N\u00fa\u00f1ez aplaudi\u00f3 los avances que se han logrado desde la incorporaci\u00f3n de los obreros y las obreras en los procesos formativos y productivos del Inces, ya que la instituci\u00f3n ha demostrado su responsabilidad en la formaci\u00f3n del mencionado sector con una visi\u00f3n nueva de incorporarlos a la recuperaci\u00f3n del aparato productivo de la naci\u00f3n, tal y como lo concibi\u00f3 el maestro Luis Beltr\u00e1n Prieto Figueroa, de formar mano de obra para asumir tareas como emprendedores, no como asalariados.<\/span><\/span><\/p>\n","protected":false},"excerpt":{"rendered":"<p>** 42 trabajadores de la filial petrolera se incorporan a los procesos formativos y productivos en el Motor Turismo<\/p>\n","protected":false},"author":15,"featured_media":32328,"comment_status":"closed","ping_status":"closed","sticky":false,"template":"","format":"standard","meta":{"footnotes":""},"categories":[2],"tags":[],"class_list":["post-32326","post","type-post","status-publish","format-standard","has-post-thumbnail","hentry","category-blog"],"_links":{"self":[{"href":"https:\/\/inces.gob.ve\/index.php\/wp-json\/wp\/v2\/posts\/32326","targetHints":{"allow":["GET"]}}],"collection":[{"href":"https:\/\/inces.gob.ve\/index.php\/wp-json\/wp\/v2\/posts"}],"about":[{"href":"https:\/\/inces.gob.ve\/index.php\/wp-json\/wp\/v2\/types\/post"}],"author":[{"embeddable":true,"href":"https:\/\/inces.gob.ve\/index.php\/wp-json\/wp\/v2\/users\/15"}],"replies":[{"embeddable":true,"href":"https:\/\/inces.gob.ve\/index.php\/wp-json\/wp\/v2\/comments?post=32326"}],"version-history":[{"count":1,"href":"https:\/\/inces.gob.ve\/index.php\/wp-json\/wp\/v2\/posts\/32326\/revisions"}],"predecessor-version":[{"id":32330,"href":"https:\/\/inces.gob.ve\/index.php\/wp-json\/wp\/v2\/posts\/32326\/revisions\/32330"}],"wp:featuredmedia":[{"embeddable":true,"href":"https:\/\/inces.gob.ve\/index.php\/wp-json\/wp\/v2\/media\/32328"}],"wp:attachment":[{"href":"https:\/\/inces.gob.ve\/index.php\/wp-json\/wp\/v2\/media?parent=32326"}],"wp:term":[{"taxonomy":"category","embeddable":true,"href":"https:\/\/inces.gob.ve\/index.php\/wp-json\/wp\/v2\/categories?post=32326"},{"taxonomy":"post_tag","embeddable":true,"href":"https:\/\/inces.gob.ve\/index.php\/wp-json\/wp\/v2\/tags?post=32326"}],"curies":[{"name":"wp","href":"https:\/\/api.w.org\/{rel}","templated":true}]}}