{"id":32356,"date":"2019-10-15T13:15:50","date_gmt":"2019-10-15T19:15:50","guid":{"rendered":"http:\/\/www.inces.gob.ve\/?p=32356"},"modified":"2020-05-28T20:25:18","modified_gmt":"2020-05-29T00:25:18","slug":"merida-congreso-de-la-jpsuv-se-desarrollo-con-exito-en-el-inces-la-azulita","status":"publish","type":"post","link":"https:\/\/inces.gob.ve\/index.php\/2019\/10\/15\/merida-congreso-de-la-jpsuv-se-desarrollo-con-exito-en-el-inces-la-azulita\/","title":{"rendered":"M\u00c9RIDA | Congreso de la Jpsuv se desarroll\u00f3 con \u00e9xito en el Inces La Azulita"},"content":{"rendered":"<p align=\"justify\"><span style=\"font-family: Arial, sans-serif;\"><span style=\"font-size: x-large;\"><i><b>** El espacio permiti\u00f3 a los j\u00f3venes discutir temas de gran relevancia para el pa\u00eds, como la guerra econ\u00f3mica que afronta el pueblo y las medidas y acciones a tomar para contrarrestar el ataque imperial<\/b><\/i><\/span><\/span><\/p>\n<p align=\"justify\"><!--more--><\/p>\n<p align=\"justify\"><span style=\"font-family: Arial, sans-serif;\"><span style=\"font-size: x-large;\"><b>NADIA LOBO<\/b><\/span><\/span><\/p>\n<p align=\"justify\"><span style=\"font-family: Arial, sans-serif;\"><span style=\"font-size: x-large;\">Con el objetivo de dar fiel cumplimiento a las jornadas de formaci\u00f3n, un n\u00famero importante de j\u00f3venes procedentes de los 23 municipios del estado M\u00e9rida se dieron cita durante tres d\u00edas en las instalaciones del Inces, ubicadas en la poblaci\u00f3n La Azulita, jurisdicci\u00f3n del municipio Andr\u00e9s Bello, donde se desarroll\u00f3 de manea exitosa el \u00abSeminario Pol\u00edtico Formativo de Altos Estudios de la Revoluci\u00f3n\u00bb.<\/span><\/span><\/p>\n<p align=\"justify\">\n<p align=\"justify\"><span style=\"font-family: Arial, sans-serif;\"><span style=\"font-size: x-large;\">El encuentro de formaci\u00f3n dirigido a la juventud del PSUV se desarroll\u00f3 desde el pasado viernes 11 hasta el domingo 13 de octubre del a\u00f1o 2019, donde se destac\u00f3 el nivel pol\u00edtico y t\u00e9cnico de la militancia joven del partido, que adem\u00e1s permiti\u00f3 abrir el debate con importantes ejes de formaci\u00f3n, la organizaci\u00f3n pol\u00edtica, historia pol\u00edtica, entre otros temas de gran importancia. <\/span><\/span><\/p>\n<p align=\"justify\"><img loading=\"lazy\" decoding=\"async\" class=\"aligncenter wp-image-32357 size-full\" src=\"http:\/\/www.inces.gob.ve\/wp-content\/uploads\/2019\/10\/Inces-Congreso-de-la-Jpsuv-Azulita4-.jpg\" alt=\"\" width=\"800\" height=\"600\" srcset=\"https:\/\/inces.gob.ve\/wp-content\/uploads\/2019\/10\/Inces-Congreso-de-la-Jpsuv-Azulita4-.jpg 800w, https:\/\/inces.gob.ve\/wp-content\/uploads\/2019\/10\/Inces-Congreso-de-la-Jpsuv-Azulita4--300x225.jpg 300w, https:\/\/inces.gob.ve\/wp-content\/uploads\/2019\/10\/Inces-Congreso-de-la-Jpsuv-Azulita4--768x576.jpg 768w, https:\/\/inces.gob.ve\/wp-content\/uploads\/2019\/10\/Inces-Congreso-de-la-Jpsuv-Azulita4--136x102.jpg 136w\" sizes=\"auto, (max-width: 800px) 100vw, 800px\" \/><br \/>\n<span style=\"font-family: Arial, sans-serif;\"><span style=\"font-size: x-large;\">El Congreso de la Juventud del Partido Socialista Unido de Venezuela (Jpsuv) del estado M\u00e9rida cont\u00f3 con la participaci\u00f3n del equipo pol\u00edtico de la entidad y autoridades municipales encabezadas por el ciudadano alcalde Ram\u00f3n (Pipa) Rodr\u00edguez, quienes participaron con una serie de ponencias entre las que destac\u00f3: Francisco de Miranda y Sim\u00f3n Bol\u00edvar como gu\u00edas para la Juventud, a cargo de Alberto Rodr\u00edguez; la legisladora Niloha Delgado, estuvo presente con el tema: RAAS y la Organizaci\u00f3n de PSUV.<\/span><\/span><\/p>\n<p align=\"justify\">\n<p align=\"justify\"><span style=\"font-family: Arial, sans-serif;\"><span style=\"font-size: x-large;\">La formaci\u00f3n como herramienta necesaria para el crecimiento de la Juventud, fue otra de las ponencias, por parte de Richard Lobo, responsable estadal de Formaci\u00f3n PSUV; Mientras que el Papel de la Juventud en Am\u00e9rica Latina, le correspondi\u00f3 a Franklin Leal, de la Escuela Superior de Estudios Pol\u00edticos de la Juventud Antonio Jos\u00e9 de Sucre. <\/span><\/span><\/p>\n<p align=\"justify\">\n<p align=\"justify\"><span style=\"font-family: Arial, sans-serif;\"><span style=\"font-size: x-large;\">Durante la actividad tambi\u00e9n particip\u00f3 el constituyentista Pedro \u00c1lvarez, con su ponencia sobre Seguridad y Defensa de la Naci\u00f3n; mientras que Di\u00f3genes Andrade disert\u00f3 sobre la Militancia Revolucionaria; y finalmente la clausura del evento estuvo a cargo del Protector de M\u00e9rida, Jehyson Guzm\u00e1n, quien adem\u00e1s tambi\u00e9n es el coordinador pol\u00edtico del PSUV. <\/span><\/span><\/p>\n<p align=\"justify\"><img loading=\"lazy\" decoding=\"async\" class=\"aligncenter wp-image-32359 size-full\" src=\"http:\/\/www.inces.gob.ve\/wp-content\/uploads\/2019\/10\/Inces-Congreso-de-la-Jpsuv-Azulita1-.jpg\" alt=\"\" width=\"800\" height=\"600\" srcset=\"https:\/\/inces.gob.ve\/wp-content\/uploads\/2019\/10\/Inces-Congreso-de-la-Jpsuv-Azulita1-.jpg 800w, https:\/\/inces.gob.ve\/wp-content\/uploads\/2019\/10\/Inces-Congreso-de-la-Jpsuv-Azulita1--300x225.jpg 300w, https:\/\/inces.gob.ve\/wp-content\/uploads\/2019\/10\/Inces-Congreso-de-la-Jpsuv-Azulita1--768x576.jpg 768w, https:\/\/inces.gob.ve\/wp-content\/uploads\/2019\/10\/Inces-Congreso-de-la-Jpsuv-Azulita1--136x102.jpg 136w\" sizes=\"auto, (max-width: 800px) 100vw, 800px\" \/><\/p>\n<p align=\"justify\">\u201c<span style=\"font-family: Arial, sans-serif;\"><span style=\"font-size: x-large;\">Comprometidos y motivados a impulsar este proceso de formaci\u00f3n de cuadros t\u00e9cnicos y pol\u00edticos, no slo para alcanzar los objetivos concebido en la Escuela de Formaci\u00f3n Pol\u00edtica \u201cWillian Lara\u201d, que proporcionar\u00e1 herramientas a los l\u00edderes de la juventud en teor\u00eda de la organizaci\u00f3n pol\u00edtica, sino que adem\u00e1s, fortalece la estructura del partido\u201d, asegur\u00f3 Douglas Jove, Enlace Estadal de la Juventud del PSUV en el estado M\u00e9rida.<\/span><\/span><\/p>\n<p align=\"justify\">\n","protected":false},"excerpt":{"rendered":"<p>** El espacio permiti\u00f3 a los j\u00f3venes discutir temas de gran relevancia para el pa\u00eds, como la guerra econ\u00f3mica que afronta el pueblo y las medidas y acciones a tomar para contrarrestar el ataque imperial<\/p>\n","protected":false},"author":15,"featured_media":32358,"comment_status":"closed","ping_status":"closed","sticky":false,"template":"","format":"standard","meta":{"footnotes":""},"categories":[2],"tags":[],"class_list":["post-32356","post","type-post","status-publish","format-standard","has-post-thumbnail","hentry","category-blog"],"_links":{"self":[{"href":"https:\/\/inces.gob.ve\/index.php\/wp-json\/wp\/v2\/posts\/32356","targetHints":{"allow":["GET"]}}],"collection":[{"href":"https:\/\/inces.gob.ve\/index.php\/wp-json\/wp\/v2\/posts"}],"about":[{"href":"https:\/\/inces.gob.ve\/index.php\/wp-json\/wp\/v2\/types\/post"}],"author":[{"embeddable":true,"href":"https:\/\/inces.gob.ve\/index.php\/wp-json\/wp\/v2\/users\/15"}],"replies":[{"embeddable":true,"href":"https:\/\/inces.gob.ve\/index.php\/wp-json\/wp\/v2\/comments?post=32356"}],"version-history":[{"count":2,"href":"https:\/\/inces.gob.ve\/index.php\/wp-json\/wp\/v2\/posts\/32356\/revisions"}],"predecessor-version":[{"id":32361,"href":"https:\/\/inces.gob.ve\/index.php\/wp-json\/wp\/v2\/posts\/32356\/revisions\/32361"}],"wp:featuredmedia":[{"embeddable":true,"href":"https:\/\/inces.gob.ve\/index.php\/wp-json\/wp\/v2\/media\/32358"}],"wp:attachment":[{"href":"https:\/\/inces.gob.ve\/index.php\/wp-json\/wp\/v2\/media?parent=32356"}],"wp:term":[{"taxonomy":"category","embeddable":true,"href":"https:\/\/inces.gob.ve\/index.php\/wp-json\/wp\/v2\/categories?post=32356"},{"taxonomy":"post_tag","embeddable":true,"href":"https:\/\/inces.gob.ve\/index.php\/wp-json\/wp\/v2\/tags?post=32356"}],"curies":[{"name":"wp","href":"https:\/\/api.w.org\/{rel}","templated":true}]}}