{"id":32362,"date":"2019-10-15T13:27:42","date_gmt":"2019-10-15T19:27:42","guid":{"rendered":"http:\/\/www.inces.gob.ve\/?p=32362"},"modified":"2020-05-28T20:34:47","modified_gmt":"2020-05-29T00:34:47","slug":"zulia-22-zulianos-se-forman-como-serigrafistas","status":"publish","type":"post","link":"https:\/\/inces.gob.ve\/index.php\/2019\/10\/15\/zulia-22-zulianos-se-forman-como-serigrafistas\/","title":{"rendered":"ZULIA| 22 zulianos se forman como serigrafistas"},"content":{"rendered":"<p class=\"western\" align=\"justify\"><span style=\"font-family: Arial, sans-serif;\"><span style=\"font-size: x-large;\"><i><b>** La capacitaci\u00f3n tiene una duraci\u00f3n de 276 horas, tiempo en el cual los participantes crean las herramientas que utilizar\u00e1n en la jornada laboral<\/b><\/i><\/span><\/span><\/p>\n<p class=\"western\" align=\"justify\"><!--more--><\/p>\n<p class=\"western\" align=\"justify\"><span style=\"font-family: Arial, sans-serif;\"><span style=\"font-size: x-large;\"><b>YUDITH CASTRO\/ZULIA<\/b><\/span><\/span><\/p>\n<p class=\"western\" align=\"justify\"><span style=\"font-family: Arial, sans-serif;\"><span style=\"font-size: x-large;\">Un total de 22 zulianos participan en el curso de Serigraf\u00eda el cual se desarrolla en el centro de formaci\u00f3n socialista (CFS) Artes Gr\u00e1ficas del Inces, ubicado en Maracaibo, indic\u00f3 el docente Modesto Ch\u00e1vez.<\/span><\/span><\/p>\n<p class=\"western\" align=\"justify\"><span style=\"font-family: Arial, sans-serif;\"><span style=\"font-size: x-large;\">La <b>formaci\u00f3n tiene un per\u00edodo de duraci\u00f3n de 276 horas, tiempo en el cual los participantes crean las herramientas que utilizar\u00e1n en la jornada laboral,<\/b> por ejemplo, el bastidor y las plantillas entre otros. Se les ense\u00f1a dos t\u00e9cnica de impresi\u00f3n; con la primera pueden hacer trabajos de menor tiraje, pero la otra t\u00e9cnica les permite hacer mas de 4 mil impresiones.\u201d<\/span><\/span><\/p>\n<p class=\"western\" align=\"justify\"><span style=\"font-family: Arial, sans-serif;\"><span style=\"font-size: x-large;\"><img loading=\"lazy\" decoding=\"async\" class=\"aligncenter wp-image-32365 size-full\" src=\"http:\/\/www.inces.gob.ve\/wp-content\/uploads\/2019\/10\/Inces-formacion-como-serigrafistas1-.jpg\" alt=\"\" width=\"800\" height=\"480\" srcset=\"https:\/\/inces.gob.ve\/wp-content\/uploads\/2019\/10\/Inces-formacion-como-serigrafistas1-.jpg 800w, https:\/\/inces.gob.ve\/wp-content\/uploads\/2019\/10\/Inces-formacion-como-serigrafistas1--300x180.jpg 300w, https:\/\/inces.gob.ve\/wp-content\/uploads\/2019\/10\/Inces-formacion-como-serigrafistas1--768x461.jpg 768w\" sizes=\"auto, (max-width: 800px) 100vw, 800px\" \/><\/span><\/span><\/p>\n<p class=\"western\" align=\"justify\"><span style=\"font-family: Arial, sans-serif;\"><span style=\"font-size: x-large;\">A\u00f1adi\u00f3 Modesto Ch\u00e1vez que ya el grupo inici\u00f3 la fase pr\u00e1ctica de estampado con las plantillas. Varios de los participantes han impreso sus nombres en franelas y n\u00fameros. Una vez que dominen esta t\u00e9cnica -indic\u00f3- pasaremos a la otra, enfatiz\u00f3 Ch\u00e1vez. <\/span><\/span><\/p>\n<p class=\"western\" align=\"justify\"><span style=\"font-family: Arial, sans-serif;\"><span style=\"font-size: x-large;\"><b>Habla la juventud <\/b><\/span><\/span><\/p>\n<p class=\"western\" align=\"justify\"><span style=\"font-family: Arial, sans-serif;\"><span style=\"font-size: x-large;\">Con un tono de voz que denota emoci\u00f3n y satisfacci\u00f3n, Luna Viloria Uribarr\u00ed, de 17 a\u00f1os indic\u00f3 <b>que est\u00e1 realizando dos cursos en la instituci\u00f3n: Serigraf\u00eda y Panader\u00eda Dom\u00e9stica, los cuales calific\u00f3 de excelente calidad.<\/b>\u201cEn un futuro quiero crear mi propia empresa en la cual mezcle todos los conocimientos que estoy adquiriendo,\u201d resalt\u00f3. <\/span><\/span><\/p>\n<p class=\"western\" align=\"justify\"><span style=\"font-family: Arial, sans-serif;\"><span style=\"font-size: x-large;\">Adri\u00e1n Primero de 29 a\u00f1os es peluquero y en esa b\u00fasqueda de seguir capacit\u00e1ndose se inscribi\u00f3 en el curso de Serigraf\u00eda. \u201cDurante la formaci\u00f3n he aprendido a preparar el bastidor, a elaborar las plantillas y a preparar las tintas, entre otros. Una vez que finalice el curso me dedicar\u00e9 a brindar este servicio desde mi comunidad.\u201d<\/span><\/span><\/p>\n<p class=\"western\" align=\"justify\"><span style=\"font-family: Arial, sans-serif;\"><span style=\"font-size: x-large;\"><img loading=\"lazy\" decoding=\"async\" class=\"aligncenter wp-image-32363 size-full\" src=\"http:\/\/www.inces.gob.ve\/wp-content\/uploads\/2019\/10\/Inces-formacion-como-serigrafistas4-.jpg\" alt=\"\" width=\"800\" height=\"480\" srcset=\"https:\/\/inces.gob.ve\/wp-content\/uploads\/2019\/10\/Inces-formacion-como-serigrafistas4-.jpg 800w, https:\/\/inces.gob.ve\/wp-content\/uploads\/2019\/10\/Inces-formacion-como-serigrafistas4--300x180.jpg 300w, https:\/\/inces.gob.ve\/wp-content\/uploads\/2019\/10\/Inces-formacion-como-serigrafistas4--768x461.jpg 768w\" sizes=\"auto, (max-width: 800px) 100vw, 800px\" \/><\/span><\/span><\/p>\n<p class=\"western\" align=\"justify\"><span style=\"font-family: Arial, sans-serif;\"><span style=\"font-size: x-large;\">Elizabeth Palmar, 52 a\u00f1os, mencion\u00f3 que <b>es su primer curso en el Inces y la experiencia ha sido satisfactoria porque el docente es muy profesional, paciente y sabe transmitir los conocimientos<\/b>. \u201cEste es el primer curso de los muchos que voy hacer porque necesito generar ingresos que me permitan resistir esta crisis que estamos viviendo y solo a trav\u00e9s de la preparaci\u00f3n en oficios podr\u00e9 hacerlo.\u201d<\/span><\/span><\/p>\n<p class=\"western\" align=\"justify\"><span style=\"font-family: Arial, sans-serif;\"><span style=\"font-size: x-large;\">El curso culminar\u00e1 el 13 de diciembre con una exposici\u00f3n en la cual los estudiantes tendr\u00e1n la oportunidad de mostrar lo aprendido a trav\u00e9s de las diferentes piezas estampadas que exhibir\u00e1n. <\/span><\/span><\/p>\n","protected":false},"excerpt":{"rendered":"<p>** La capacitaci\u00f3n tiene una duraci\u00f3n de 276 horas, tiempo en el cual los participantes crean las herramientas que utilizar\u00e1n en la jornada laboral<\/p>\n","protected":false},"author":15,"featured_media":32364,"comment_status":"closed","ping_status":"closed","sticky":false,"template":"","format":"standard","meta":{"footnotes":""},"categories":[2],"tags":[],"class_list":["post-32362","post","type-post","status-publish","format-standard","has-post-thumbnail","hentry","category-blog"],"_links":{"self":[{"href":"https:\/\/inces.gob.ve\/index.php\/wp-json\/wp\/v2\/posts\/32362","targetHints":{"allow":["GET"]}}],"collection":[{"href":"https:\/\/inces.gob.ve\/index.php\/wp-json\/wp\/v2\/posts"}],"about":[{"href":"https:\/\/inces.gob.ve\/index.php\/wp-json\/wp\/v2\/types\/post"}],"author":[{"embeddable":true,"href":"https:\/\/inces.gob.ve\/index.php\/wp-json\/wp\/v2\/users\/15"}],"replies":[{"embeddable":true,"href":"https:\/\/inces.gob.ve\/index.php\/wp-json\/wp\/v2\/comments?post=32362"}],"version-history":[{"count":1,"href":"https:\/\/inces.gob.ve\/index.php\/wp-json\/wp\/v2\/posts\/32362\/revisions"}],"predecessor-version":[{"id":32366,"href":"https:\/\/inces.gob.ve\/index.php\/wp-json\/wp\/v2\/posts\/32362\/revisions\/32366"}],"wp:featuredmedia":[{"embeddable":true,"href":"https:\/\/inces.gob.ve\/index.php\/wp-json\/wp\/v2\/media\/32364"}],"wp:attachment":[{"href":"https:\/\/inces.gob.ve\/index.php\/wp-json\/wp\/v2\/media?parent=32362"}],"wp:term":[{"taxonomy":"category","embeddable":true,"href":"https:\/\/inces.gob.ve\/index.php\/wp-json\/wp\/v2\/categories?post=32362"},{"taxonomy":"post_tag","embeddable":true,"href":"https:\/\/inces.gob.ve\/index.php\/wp-json\/wp\/v2\/tags?post=32362"}],"curies":[{"name":"wp","href":"https:\/\/api.w.org\/{rel}","templated":true}]}}