{"id":32367,"date":"2019-10-15T13:34:04","date_gmt":"2019-10-15T19:34:04","guid":{"rendered":"http:\/\/www.inces.gob.ve\/?p=32367"},"modified":"2020-05-28T20:34:48","modified_gmt":"2020-05-29T00:34:48","slug":"zulia-con-exposicion-de-lo-aprendido-culmino-el-curso-ensamblaje-de-calzado","status":"publish","type":"post","link":"https:\/\/inces.gob.ve\/index.php\/2019\/10\/15\/zulia-con-exposicion-de-lo-aprendido-culmino-el-curso-ensamblaje-de-calzado\/","title":{"rendered":"ZULIA| Con exposici\u00f3n de lo aprendido culmin\u00f3 el curso Ensamblaje de Calzado"},"content":{"rendered":"<p class=\"western\" align=\"justify\"><span style=\"font-family: Arial, sans-serif;\"><span style=\"font-size: x-large;\"><i><b>** El segundo paso a seguir es realizar otra formaci\u00f3n sobre An\u00e1lisis de costos <\/b><\/i><\/span><\/span><\/p>\n<p class=\"western\" align=\"justify\"><!--more--><\/p>\n<p class=\"western\" align=\"justify\"><span style=\"font-family: Arial, sans-serif;\"><span style=\"font-size: x-large;\"><b>YUDITH CASTRO\/Zulia <\/b><\/span><\/span><\/p>\n<p class=\"western\" align=\"justify\"><span style=\"font-family: Arial, sans-serif;\"><span style=\"font-size: x-large;\">Un total de 17 participantes egresaron del curso Ensamblaje de Calzado efectuado en el centro de formaci\u00f3n socialista (CFS) Bella Vista I del Inces ubicado en Maracaibo. <\/span><\/span><\/p>\n<p class=\"western\" align=\"justify\"><span style=\"font-family: Arial, sans-serif;\"><span style=\"font-size: x-large;\">La formaci\u00f3n fue dictada por la docente Roc\u00edo Uzcategu\u00ed. Durante el curso aprendieron a realizar sandalias<\/span><\/span><\/p>\n<p class=\"western\" align=\"justify\">\u201c<span style=\"font-family: Arial, sans-serif;\"><span style=\"font-size: x-large;\">raja dedos\u201d <\/span><\/span><\/p>\n<p class=\"western\" align=\"justify\"><span style=\"font-family: Arial, sans-serif;\"><span style=\"font-size: x-large;\">babuchas <\/span><\/span><\/p>\n<p class=\"western\" align=\"justify\"><span style=\"font-family: Arial, sans-serif;\"><span style=\"font-size: x-large;\">zapatillas de damas y ni\u00f1os, <\/span><\/span><\/p>\n<p class=\"western\" align=\"justify\"><span style=\"font-family: Arial, sans-serif;\"><span style=\"font-size: x-large;\"><img loading=\"lazy\" decoding=\"async\" class=\"aligncenter wp-image-32370 size-full\" src=\"http:\/\/www.inces.gob.ve\/wp-content\/uploads\/2019\/10\/Inces-curso-Ensamblaje-de-Calzado1-.jpg\" alt=\"\" width=\"800\" height=\"553\" srcset=\"https:\/\/inces.gob.ve\/wp-content\/uploads\/2019\/10\/Inces-curso-Ensamblaje-de-Calzado1-.jpg 800w, https:\/\/inces.gob.ve\/wp-content\/uploads\/2019\/10\/Inces-curso-Ensamblaje-de-Calzado1--300x207.jpg 300w, https:\/\/inces.gob.ve\/wp-content\/uploads\/2019\/10\/Inces-curso-Ensamblaje-de-Calzado1--768x531.jpg 768w\" sizes=\"auto, (max-width: 800px) 100vw, 800px\" \/><\/span><\/span><\/p>\n<p class=\"western\" align=\"justify\">\u201c<span style=\"font-family: Arial, sans-serif;\"><span style=\"font-size: x-large;\">Estos calzados se trabajan con telas pero tambi\u00e9n se pueden utilizar otros tipos de materiales como el semicuero, entre otros. Todo se hizo de forma artesanal,\u201d recalc\u00f3 la docente. <\/span><\/span><\/p>\n<p class=\"western\" align=\"justify\"><span style=\"font-family: Arial, sans-serif;\"><span style=\"font-size: x-large;\">Indic\u00f3 la instructora que los interesados en realizar el curso deben buscar las hormas, pega de contacto y telas, las cuales pueden ser recicladas, entre otros. As\u00ed mismo manifest\u00f3 que los egresados realizar\u00e1n el curso de An\u00e1lisis de Costos con el prop\u00f3sito de obtener los criterios que les permitir\u00e1n asignar un precio justo a sus productos. <\/span><\/span><\/p>\n<p class=\"western\" align=\"justify\"><span style=\"font-family: Arial, sans-serif;\"><span style=\"font-size: x-large;\"><img loading=\"lazy\" decoding=\"async\" class=\"aligncenter wp-image-32369 size-full\" src=\"http:\/\/www.inces.gob.ve\/wp-content\/uploads\/2019\/10\/Inces-curso-Ensamblaje-de-Calzado2-.jpg\" alt=\"\" width=\"800\" height=\"480\" srcset=\"https:\/\/inces.gob.ve\/wp-content\/uploads\/2019\/10\/Inces-curso-Ensamblaje-de-Calzado2-.jpg 800w, https:\/\/inces.gob.ve\/wp-content\/uploads\/2019\/10\/Inces-curso-Ensamblaje-de-Calzado2--300x180.jpg 300w, https:\/\/inces.gob.ve\/wp-content\/uploads\/2019\/10\/Inces-curso-Ensamblaje-de-Calzado2--768x461.jpg 768w\" sizes=\"auto, (max-width: 800px) 100vw, 800px\" \/><\/span><\/span><\/p>\n<p class=\"western\" align=\"justify\"><span style=\"font-family: Arial, sans-serif;\"><span style=\"font-size: x-large;\"><b>Voz de las emprendedoras <\/b><\/span><\/span><\/p>\n<p class=\"western\" align=\"justify\"><span style=\"font-family: Arial, sans-serif;\"><span style=\"font-size: x-large;\">Bertha Rosill\u00f3n, educadora de 58 a\u00f1os, ha realizado tres cursos en el Inces. \u201cPrimero me inscrib\u00ed en el curso de Elaboraci\u00f3n de Patronaje, Corte y Costura y este \u00faltimo, Ensamblaje de Calzados. \u201cYa he vendido varios calzados\u2026los vecinos llegan por la ventana y me preguntan \u00bfqu\u00e9 modelo hiciste? me dicen mira que yo calzo 35,\u201d resalt\u00f3 Rosill\u00f3n con una sonrisa que denota orgullo. <\/span><\/span><\/p>\n<p class=\"western\" align=\"justify\">\n","protected":false},"excerpt":{"rendered":"<p>** El segundo paso a seguir es realizar otra formaci\u00f3n sobre An\u00e1lisis de costos<\/p>\n","protected":false},"author":15,"featured_media":32368,"comment_status":"closed","ping_status":"closed","sticky":false,"template":"","format":"standard","meta":{"footnotes":""},"categories":[2],"tags":[],"class_list":["post-32367","post","type-post","status-publish","format-standard","has-post-thumbnail","hentry","category-blog"],"_links":{"self":[{"href":"https:\/\/inces.gob.ve\/index.php\/wp-json\/wp\/v2\/posts\/32367","targetHints":{"allow":["GET"]}}],"collection":[{"href":"https:\/\/inces.gob.ve\/index.php\/wp-json\/wp\/v2\/posts"}],"about":[{"href":"https:\/\/inces.gob.ve\/index.php\/wp-json\/wp\/v2\/types\/post"}],"author":[{"embeddable":true,"href":"https:\/\/inces.gob.ve\/index.php\/wp-json\/wp\/v2\/users\/15"}],"replies":[{"embeddable":true,"href":"https:\/\/inces.gob.ve\/index.php\/wp-json\/wp\/v2\/comments?post=32367"}],"version-history":[{"count":1,"href":"https:\/\/inces.gob.ve\/index.php\/wp-json\/wp\/v2\/posts\/32367\/revisions"}],"predecessor-version":[{"id":32371,"href":"https:\/\/inces.gob.ve\/index.php\/wp-json\/wp\/v2\/posts\/32367\/revisions\/32371"}],"wp:featuredmedia":[{"embeddable":true,"href":"https:\/\/inces.gob.ve\/index.php\/wp-json\/wp\/v2\/media\/32368"}],"wp:attachment":[{"href":"https:\/\/inces.gob.ve\/index.php\/wp-json\/wp\/v2\/media?parent=32367"}],"wp:term":[{"taxonomy":"category","embeddable":true,"href":"https:\/\/inces.gob.ve\/index.php\/wp-json\/wp\/v2\/categories?post=32367"},{"taxonomy":"post_tag","embeddable":true,"href":"https:\/\/inces.gob.ve\/index.php\/wp-json\/wp\/v2\/tags?post=32367"}],"curies":[{"name":"wp","href":"https:\/\/api.w.org\/{rel}","templated":true}]}}