{"id":32419,"date":"2019-10-17T09:13:47","date_gmt":"2019-10-17T15:13:47","guid":{"rendered":"http:\/\/www.inces.gob.ve\/?p=32419"},"modified":"2020-05-28T20:25:18","modified_gmt":"2020-05-29T00:25:18","slug":"nueva-esparta-inces-acredita-a-profesores-de-la-unefa-para-implementar-formaciones-con-perfil-productivo","status":"publish","type":"post","link":"https:\/\/inces.gob.ve\/index.php\/2019\/10\/17\/nueva-esparta-inces-acredita-a-profesores-de-la-unefa-para-implementar-formaciones-con-perfil-productivo\/","title":{"rendered":"NUEVA ESPARTA | Inces acredita a profesores de la Unefa para implementar formaciones con perfil productivo"},"content":{"rendered":"<p class=\"western\" align=\"justify\"><span style=\"font-family: Arial, sans-serif;\"><span style=\"font-size: x-large;\">*<em><strong>* Se busca que cada estudiante, paralelo a su carrera, obtenga un perfil productivo mediante el cual pueda desarrollar emprendimientos<\/strong><\/em><\/span><\/span><\/p>\n<p class=\"western\" align=\"justify\">\n<!--more--><\/p>\n<p class=\"western\" align=\"justify\"><strong><span style=\"font-family: Arial,sans-serif;\"><span style=\"font-size: x-large;\">FRANCIS MORENO<\/span><\/span><\/strong><\/p>\n<p class=\"western\" align=\"justify\"><span style=\"font-family: Arial, sans-serif;\"><span style=\"font-size: x-large;\">El Inces inici\u00f3 su proceso de certificaci\u00f3n de conocimientos emp\u00edricos, dirigido a profesores en la Universidad Nacional Experimental Polit\u00e9cnica de la Fuerza Armada Bolivariana, (Unefa). <\/span><\/span><\/p>\n<p class=\"western\" align=\"justify\"><span style=\"font-family: Arial, sans-serif;\"><span style=\"font-size: x-large;\">Esta acci\u00f3n se lleva a cabo en la instalaci\u00f3n del Inces Genov\u00e9s de Porlamar, en donde los docentes demuestran sus experiencias ancestrales ante el equipo calificado de Tecnolog\u00eda Educativa.<img loading=\"lazy\" decoding=\"async\" class=\"aligncenter wp-image-32420 size-full\" src=\"http:\/\/www.inces.gob.ve\/wp-content\/uploads\/2019\/10\/Inces-acredita-profesores-perfil-productivo3-.jpg\" alt=\"\" width=\"800\" height=\"600\" srcset=\"https:\/\/inces.gob.ve\/wp-content\/uploads\/2019\/10\/Inces-acredita-profesores-perfil-productivo3-.jpg 800w, https:\/\/inces.gob.ve\/wp-content\/uploads\/2019\/10\/Inces-acredita-profesores-perfil-productivo3--300x225.jpg 300w, https:\/\/inces.gob.ve\/wp-content\/uploads\/2019\/10\/Inces-acredita-profesores-perfil-productivo3--768x576.jpg 768w, https:\/\/inces.gob.ve\/wp-content\/uploads\/2019\/10\/Inces-acredita-profesores-perfil-productivo3--136x102.jpg 136w\" sizes=\"auto, (max-width: 800px) 100vw, 800px\" \/><\/span><\/span><\/p>\n<p class=\"western\" align=\"justify\"><span style=\"font-family: Arial, sans-serif;\"><span style=\"font-size: x-large;\">La jefa de formaci\u00f3n profesional Laurie Zabala indic\u00f3 que el objetivo trazado por la (Unefa) al acceder a ser avalados por la instituci\u00f3n, tiene como finalidad que cada estudiante, en paralelo a su carrera, obtenga un perfil productivo mediante el cual pueda desarrollar emprendimientos.<\/span><\/span><\/p>\n<p class=\"western\" align=\"justify\"><span style=\"font-family: Arial, sans-serif;\"><span style=\"font-size: x-large;\"><img loading=\"lazy\" decoding=\"async\" class=\"aligncenter wp-image-32421 size-full\" src=\"http:\/\/www.inces.gob.ve\/wp-content\/uploads\/2019\/10\/Inces-acredita-profesores-perfil-productivo2-.jpg\" alt=\"\" width=\"800\" height=\"737\" srcset=\"https:\/\/inces.gob.ve\/wp-content\/uploads\/2019\/10\/Inces-acredita-profesores-perfil-productivo2-.jpg 800w, https:\/\/inces.gob.ve\/wp-content\/uploads\/2019\/10\/Inces-acredita-profesores-perfil-productivo2--300x276.jpg 300w, https:\/\/inces.gob.ve\/wp-content\/uploads\/2019\/10\/Inces-acredita-profesores-perfil-productivo2--768x708.jpg 768w\" sizes=\"auto, (max-width: 800px) 100vw, 800px\" \/><\/span><\/span><\/p>\n<p class=\"western\" align=\"justify\"><span style=\"font-family: Arial, sans-serif;\"><span style=\"font-size: x-large;\">En ese sentido, afirm\u00f3 el coordinador de Tecnolog\u00eda Educativa, Carlos Vel\u00e1squez, lo primero es acreditar al personal educativo de la mencionada academia universitaria, y posterior a ello, los mismos podr\u00e1n aplicar a sus estudiantes conocimientos en el \u00e1rea de agronom\u00eda y agricultura, entre otras a\u00e9reas de producci\u00f3n. <\/span><\/span><\/p>\n<p class=\"western\" align=\"justify\"><span style=\"font-family: Arial, sans-serif;\"><span style=\"font-size: x-large;\">Resalt\u00f3 Vel\u00e1squez, que una vez aplicados y concretados los conocimientos dentro del p\u00e9nsum de estudios, el Inces podr\u00e1 realizar la acreditaci\u00f3n de cada alumno.<\/span><\/span><\/p>\n","protected":false},"excerpt":{"rendered":"<p>** Se busca que cada estudiante, paralelo a su carrera, obtenga un perfil productivo mediante el cual pueda desarrollar emprendimientos<\/p>\n","protected":false},"author":15,"featured_media":32422,"comment_status":"closed","ping_status":"closed","sticky":false,"template":"","format":"standard","meta":{"footnotes":""},"categories":[2],"tags":[],"class_list":["post-32419","post","type-post","status-publish","format-standard","has-post-thumbnail","hentry","category-blog"],"_links":{"self":[{"href":"https:\/\/inces.gob.ve\/index.php\/wp-json\/wp\/v2\/posts\/32419","targetHints":{"allow":["GET"]}}],"collection":[{"href":"https:\/\/inces.gob.ve\/index.php\/wp-json\/wp\/v2\/posts"}],"about":[{"href":"https:\/\/inces.gob.ve\/index.php\/wp-json\/wp\/v2\/types\/post"}],"author":[{"embeddable":true,"href":"https:\/\/inces.gob.ve\/index.php\/wp-json\/wp\/v2\/users\/15"}],"replies":[{"embeddable":true,"href":"https:\/\/inces.gob.ve\/index.php\/wp-json\/wp\/v2\/comments?post=32419"}],"version-history":[{"count":1,"href":"https:\/\/inces.gob.ve\/index.php\/wp-json\/wp\/v2\/posts\/32419\/revisions"}],"predecessor-version":[{"id":32423,"href":"https:\/\/inces.gob.ve\/index.php\/wp-json\/wp\/v2\/posts\/32419\/revisions\/32423"}],"wp:featuredmedia":[{"embeddable":true,"href":"https:\/\/inces.gob.ve\/index.php\/wp-json\/wp\/v2\/media\/32422"}],"wp:attachment":[{"href":"https:\/\/inces.gob.ve\/index.php\/wp-json\/wp\/v2\/media?parent=32419"}],"wp:term":[{"taxonomy":"category","embeddable":true,"href":"https:\/\/inces.gob.ve\/index.php\/wp-json\/wp\/v2\/categories?post=32419"},{"taxonomy":"post_tag","embeddable":true,"href":"https:\/\/inces.gob.ve\/index.php\/wp-json\/wp\/v2\/tags?post=32419"}],"curies":[{"name":"wp","href":"https:\/\/api.w.org\/{rel}","templated":true}]}}