{"id":32426,"date":"2019-10-17T09:29:29","date_gmt":"2019-10-17T15:29:29","guid":{"rendered":"http:\/\/www.inces.gob.ve\/?p=32426"},"modified":"2020-05-28T20:25:18","modified_gmt":"2020-05-29T00:25:18","slug":"carabobo-16-privadas-de-libertad-cursan-el-bachillerato-productivo","status":"publish","type":"post","link":"https:\/\/inces.gob.ve\/index.php\/2019\/10\/17\/carabobo-16-privadas-de-libertad-cursan-el-bachillerato-productivo\/","title":{"rendered":"CARABOBO | 16 privadas de libertad cursan el bachillerato productivo"},"content":{"rendered":"<p class=\"western\" align=\"justify\"><span style=\"font-family: Arial, sans-serif;\"><span style=\"font-size: x-large;\">** <i><b>El programa que lidera el Inces Carabobo no solo busca a incorporar a los j\u00f3venes que desertaron de la educaci\u00f3n media-diversificada, sino tambi\u00e9n incluir a otros sectores de la poblaci\u00f3n, como es el caso de las privadas de libertad<\/b><\/i><\/span><\/span><\/p>\n<p class=\"western\" align=\"justify\">\n<p class=\"western\" align=\"justify\"><!--more--><\/p>\n<p class=\"western\" align=\"justify\"><span style=\"font-family: Arial, sans-serif;\"><span style=\"font-size: x-large;\"><b>ATILIA CORTEZ<\/b><\/span><\/span><\/p>\n<p class=\"western\" align=\"justify\"><span style=\"font-family: Arial, sans-serif;\"><span style=\"font-size: x-large;\">Un grupo de 16 de privadas de libertad de los centros penitenciarios denominados M\u00e1xima y Min\u00edma en Tocuyito, municipio Libertador, participan del programa Bachillerato Productivo, adscrito a la unidad educativa del Inces en Carabobo. Es importante destacar que para la prosecuci\u00f3n de sus estudios recibieron una dotaci\u00f3n de art\u00edculos educativos.<\/span><\/span><\/p>\n<p class=\"western\" align=\"justify\">\n<p class=\"western\" align=\"justify\"><span style=\"font-family: Arial, sans-serif;\"><span style=\"font-size: x-large;\">Mar\u00eda Pinto, coordinadora regional de la Unidad Educativa del Inces Carabobo, explic\u00f3: \u201cNosotros tenemos un ambiente en el penal de Tocuyito, en el anexo, donde atendemos a los privados de libertad de las denominadas M\u00e1xima y M\u00ednina, del recinto penitenciario en la regi\u00f3n carabobe\u00f1a.<\/span><\/span><\/p>\n<p class=\"western\" align=\"justify\"><span style=\"font-family: Arial, sans-serif;\"><span style=\"font-size: x-large;\"><img loading=\"lazy\" decoding=\"async\" class=\"aligncenter wp-image-32427 size-full\" src=\"http:\/\/www.inces.gob.ve\/wp-content\/uploads\/2019\/10\/Inces-privadas-libertad-bachillerato-productivo3-.jpeg\" alt=\"\" width=\"800\" height=\"796\" srcset=\"https:\/\/inces.gob.ve\/wp-content\/uploads\/2019\/10\/Inces-privadas-libertad-bachillerato-productivo3-.jpeg 800w, https:\/\/inces.gob.ve\/wp-content\/uploads\/2019\/10\/Inces-privadas-libertad-bachillerato-productivo3--150x150.jpeg 150w, https:\/\/inces.gob.ve\/wp-content\/uploads\/2019\/10\/Inces-privadas-libertad-bachillerato-productivo3--300x300.jpeg 300w, https:\/\/inces.gob.ve\/wp-content\/uploads\/2019\/10\/Inces-privadas-libertad-bachillerato-productivo3--768x764.jpeg 768w\" sizes=\"auto, (max-width: 800px) 100vw, 800px\" \/><\/span><\/span><\/p>\n<p class=\"western\" align=\"justify\">\u201c<span style=\"font-family: Arial, sans-serif;\"><span style=\"font-size: x-large;\">Articulamos con la profesora Chourio, responsable del anexo Femenino, y en dicha reuni\u00f3n le bajamos los lineamientos del a\u00f1o 2019 -2020 del programa Bachillerato Productivo, a la vez que les entregamos las planillas de inscripci\u00f3n. En otra visita, les entregamos libros, marcadores y cuadernos, mostr\u00e1ndose ellas muy motivadas por ser incluidas en en el sistema educativo venezolano gratuito y de calidad\u201d, acot\u00f3 Pinto.<\/span><\/span><\/p>\n<p class=\"western\" align=\"justify\">\n<p class=\"western\" align=\"justify\"><span style=\"font-family: Arial, sans-serif;\"><span style=\"font-size: x-large;\">Se pudo conocer que las nuevas participantes son seis privadas de libertad, quienes se inscribieron para este per\u00edodo octubre-marzo 2020; para un total de 16. El resto de las diez participantes est\u00e1n en su prosecuci\u00f3n de estudios y van para un III periodo, con un perfil productivo ya definido, orientado hacia el \u00e1rea agr\u00edcola.<\/span><\/span><\/p>\n<p class=\"western\" align=\"justify\">\n<p class=\"western\" align=\"justify\"><span style=\"font-family: Arial, sans-serif;\"><span style=\"font-size: x-large;\">Finaliz\u00f3 la coordinadora de la Unidad Educativa de Inces Carabobo, resaltando que en el centro penitenciario \u201chay grande extensiones de tierra que pueden ser usadas para la siembra de diversos rubros, en pro de la soberan\u00eda alimentaria Es parte de nuestro eslogan Formar Produciendo y Producir Formando, ambos procesos de la mano\u201d<\/span><\/span><\/p>\n<p class=\"western\" align=\"justify\">\n","protected":false},"excerpt":{"rendered":"<p>** El programa que lidera el Inces Carabobo no solo busca a incorporar a los j\u00f3venes que desertaron de la educaci\u00f3n media-diversificada, sino tambi\u00e9n incluir a otros sectores de la poblaci\u00f3n, como es el caso de las privadas de libertad<\/p>\n","protected":false},"author":15,"featured_media":32428,"comment_status":"closed","ping_status":"closed","sticky":false,"template":"","format":"standard","meta":{"footnotes":""},"categories":[2],"tags":[],"class_list":["post-32426","post","type-post","status-publish","format-standard","has-post-thumbnail","hentry","category-blog"],"_links":{"self":[{"href":"https:\/\/inces.gob.ve\/index.php\/wp-json\/wp\/v2\/posts\/32426","targetHints":{"allow":["GET"]}}],"collection":[{"href":"https:\/\/inces.gob.ve\/index.php\/wp-json\/wp\/v2\/posts"}],"about":[{"href":"https:\/\/inces.gob.ve\/index.php\/wp-json\/wp\/v2\/types\/post"}],"author":[{"embeddable":true,"href":"https:\/\/inces.gob.ve\/index.php\/wp-json\/wp\/v2\/users\/15"}],"replies":[{"embeddable":true,"href":"https:\/\/inces.gob.ve\/index.php\/wp-json\/wp\/v2\/comments?post=32426"}],"version-history":[{"count":2,"href":"https:\/\/inces.gob.ve\/index.php\/wp-json\/wp\/v2\/posts\/32426\/revisions"}],"predecessor-version":[{"id":32430,"href":"https:\/\/inces.gob.ve\/index.php\/wp-json\/wp\/v2\/posts\/32426\/revisions\/32430"}],"wp:featuredmedia":[{"embeddable":true,"href":"https:\/\/inces.gob.ve\/index.php\/wp-json\/wp\/v2\/media\/32428"}],"wp:attachment":[{"href":"https:\/\/inces.gob.ve\/index.php\/wp-json\/wp\/v2\/media?parent=32426"}],"wp:term":[{"taxonomy":"category","embeddable":true,"href":"https:\/\/inces.gob.ve\/index.php\/wp-json\/wp\/v2\/categories?post=32426"},{"taxonomy":"post_tag","embeddable":true,"href":"https:\/\/inces.gob.ve\/index.php\/wp-json\/wp\/v2\/tags?post=32426"}],"curies":[{"name":"wp","href":"https:\/\/api.w.org\/{rel}","templated":true}]}}