{"id":32473,"date":"2019-10-18T13:16:03","date_gmt":"2019-10-18T19:16:03","guid":{"rendered":"http:\/\/www.inces.gob.ve\/?p=32473"},"modified":"2020-05-28T20:34:46","modified_gmt":"2020-05-29T00:34:46","slug":"yaracuy-inces-dicto-curso-de-refrigeracion-y-aire-acondicionado","status":"publish","type":"post","link":"https:\/\/inces.gob.ve\/index.php\/2019\/10\/18\/yaracuy-inces-dicto-curso-de-refrigeracion-y-aire-acondicionado\/","title":{"rendered":"YARACUY | Inces dict\u00f3 curso de refrigeraci\u00f3n y aire acondicionado"},"content":{"rendered":"<p align=\"justify\"><span style=\"color: #000000;\"><span style=\"font-family: Arial, sans-serif;\"><span style=\"font-size: x-large;\"><i><b>** M\u00e1s de 30 participantes de diferentes comunidades se formaron en 236 horas de inducci\u00f3n<\/b><\/i><\/span><\/span><\/span><\/p>\n<p align=\"justify\">\n<!--more--><\/p>\n<p align=\"justify\"><span style=\"color: #000000;\"><span style=\"font-family: Arial, sans-serif;\"><span style=\"font-size: x-large;\"><b>DIANA S\u00c1NCHEZ <\/b><\/span><\/span><\/span><\/p>\n<p align=\"justify\"><span style=\"color: #000000;\"><span style=\"font-family: Arial, sans-serif;\"><span style=\"font-size: x-large;\">Como parte de la programaci\u00f3n de capacitaci\u00f3n y formaci\u00f3n educativa dirigida a la comunidad, el Inces Yaracuy, a trav\u00e9s del centro de formaci\u00f3n socialista \u201cSan Felipe El Fuerte\u201d, culmin\u00f3 este martes el curso de refrigeraci\u00f3n y aire acondicionado dirigido a j\u00f3venes y adultos de diferentes sectores de la localidad.<\/span><\/span><\/span><\/p>\n<p align=\"justify\"><span style=\"color: #000000;\"><span style=\"font-family: Arial, sans-serif;\"><span style=\"font-size: x-large;\">Esta formaci\u00f3n, de acuerdo a la informaci\u00f3n aportada por el gerente regional del Inces, Dalvi Torrealba, estuvo dirigida a 31 participantes con una duraci\u00f3n aproximada de 236 horas. Las clases contaron con el apoyo de un selecto equipo de instructores (maestros t\u00e9cnicos productivos), quienes apropiaron a los cursantes del dominio de las habilidades y destrezas para su desempe\u00f1o en cuanto a la reparaci\u00f3n de estos equipos.<\/span><\/span><\/span><\/p>\n<p align=\"justify\">\n<p align=\"justify\"><span style=\"color: #000000;\"><span style=\"font-family: Arial, sans-serif;\"><span style=\"font-size: x-large;\"><img loading=\"lazy\" decoding=\"async\" class=\"aligncenter wp-image-32476 size-full\" src=\"http:\/\/www.inces.gob.ve\/wp-content\/uploads\/2019\/10\/Inces-curso-refrigeraci\u00f3n-y-aire-acond2-.jpg\" alt=\"\" width=\"750\" height=\"681\" srcset=\"https:\/\/inces.gob.ve\/wp-content\/uploads\/2019\/10\/Inces-curso-refrigeraci\u00f3n-y-aire-acond2-.jpg 750w, https:\/\/inces.gob.ve\/wp-content\/uploads\/2019\/10\/Inces-curso-refrigeraci\u00f3n-y-aire-acond2--300x272.jpg 300w\" sizes=\"auto, (max-width: 750px) 100vw, 750px\" \/><\/span><\/span><\/span><\/p>\n<p align=\"justify\"><span style=\"color: #000000;\"><span style=\"font-family: Arial, sans-serif;\"><span style=\"font-size: x-large;\">Durante su per\u00edodo de preparaci\u00f3n, los participantes recibieron inducci\u00f3n de soldadura de piezas, an\u00e1lisis de sistema, empalme de conductores y reconocimiento de herramientas, as\u00ed como la actividad pr\u00e1ctica que estuvo basada en visitas a diferentes instituciones educativas que ameritan el apoyo institucional para el mantenimiento y reparaci\u00f3n de sus equipos.<\/span><\/span><\/span><\/p>\n<p align=\"justify\"><span style=\"color: #000000;\"><span style=\"font-family: Arial, sans-serif;\"><span style=\"font-size: x-large;\">A\u00f1adi\u00f3 Torrealba que con la realizaci\u00f3n de estos cursos el Inces busca motivar y promover en los j\u00f3venes y adultos de las distintas comunidades el inter\u00e9s para obtener un oficio que les permita obtener un ingreso econ\u00f3mico adem\u00e1s de aportar beneficios para su comunidad y contribuir al desarrollo de la naci\u00f3n.<\/span><\/span><\/span><\/p>\n<p align=\"justify\">\n<p align=\"justify\"><span style=\"color: #000000;\"><span style=\"font-family: Arial, sans-serif;\"><span style=\"font-size: x-large;\"><img loading=\"lazy\" decoding=\"async\" class=\"aligncenter wp-image-32474 size-full\" src=\"http:\/\/www.inces.gob.ve\/wp-content\/uploads\/2019\/10\/Inces-curso-refrigeraci\u00f3n-y-aire-acond4-.jpg\" alt=\"\" width=\"800\" height=\"452\" srcset=\"https:\/\/inces.gob.ve\/wp-content\/uploads\/2019\/10\/Inces-curso-refrigeraci\u00f3n-y-aire-acond4-.jpg 800w, https:\/\/inces.gob.ve\/wp-content\/uploads\/2019\/10\/Inces-curso-refrigeraci\u00f3n-y-aire-acond4--300x170.jpg 300w, https:\/\/inces.gob.ve\/wp-content\/uploads\/2019\/10\/Inces-curso-refrigeraci\u00f3n-y-aire-acond4--768x434.jpg 768w\" sizes=\"auto, (max-width: 800px) 100vw, 800px\" \/><\/span><\/span><\/span><\/p>\n<p align=\"justify\"><span style=\"color: #000000;\"><span style=\"font-family: Arial, sans-serif;\"><span style=\"font-size: x-large;\">Agreg\u00f3 que luego de finalizado el curso, el CFS selecciona un grupo de participantes m\u00e1s destacados para conformar brigadas de mantenimiento como equipo de apoyo a la instituci\u00f3n en caso de requerir su contribuci\u00f3n en futuras capacitaciones.<\/span><\/span><\/span><\/p>\n<p align=\"justify\"><span style=\"color: #000000;\"><span style=\"font-family: Arial, sans-serif;\"><span style=\"font-size: x-large;\">L T.<\/span><\/span><\/span><\/p>\n","protected":false},"excerpt":{"rendered":"<p>** M\u00e1s de 30 participantes de diferentes comunidades se formaron en 236 horas de inducci\u00f3n<\/p>\n","protected":false},"author":15,"featured_media":32475,"comment_status":"closed","ping_status":"closed","sticky":false,"template":"","format":"standard","meta":{"footnotes":""},"categories":[2],"tags":[],"class_list":["post-32473","post","type-post","status-publish","format-standard","has-post-thumbnail","hentry","category-blog"],"_links":{"self":[{"href":"https:\/\/inces.gob.ve\/index.php\/wp-json\/wp\/v2\/posts\/32473","targetHints":{"allow":["GET"]}}],"collection":[{"href":"https:\/\/inces.gob.ve\/index.php\/wp-json\/wp\/v2\/posts"}],"about":[{"href":"https:\/\/inces.gob.ve\/index.php\/wp-json\/wp\/v2\/types\/post"}],"author":[{"embeddable":true,"href":"https:\/\/inces.gob.ve\/index.php\/wp-json\/wp\/v2\/users\/15"}],"replies":[{"embeddable":true,"href":"https:\/\/inces.gob.ve\/index.php\/wp-json\/wp\/v2\/comments?post=32473"}],"version-history":[{"count":1,"href":"https:\/\/inces.gob.ve\/index.php\/wp-json\/wp\/v2\/posts\/32473\/revisions"}],"predecessor-version":[{"id":32477,"href":"https:\/\/inces.gob.ve\/index.php\/wp-json\/wp\/v2\/posts\/32473\/revisions\/32477"}],"wp:featuredmedia":[{"embeddable":true,"href":"https:\/\/inces.gob.ve\/index.php\/wp-json\/wp\/v2\/media\/32475"}],"wp:attachment":[{"href":"https:\/\/inces.gob.ve\/index.php\/wp-json\/wp\/v2\/media?parent=32473"}],"wp:term":[{"taxonomy":"category","embeddable":true,"href":"https:\/\/inces.gob.ve\/index.php\/wp-json\/wp\/v2\/categories?post=32473"},{"taxonomy":"post_tag","embeddable":true,"href":"https:\/\/inces.gob.ve\/index.php\/wp-json\/wp\/v2\/tags?post=32473"}],"curies":[{"name":"wp","href":"https:\/\/api.w.org\/{rel}","templated":true}]}}