{"id":32499,"date":"2019-10-21T10:36:15","date_gmt":"2019-10-21T16:36:15","guid":{"rendered":"http:\/\/www.inces.gob.ve\/?p=32499"},"modified":"2020-05-28T20:25:17","modified_gmt":"2020-05-29T00:25:17","slug":"aragua-venezuela-es-un-pueblo-que-empodera-e-inspira-a-otros-con-el-ejemplo","status":"publish","type":"post","link":"https:\/\/inces.gob.ve\/index.php\/2019\/10\/21\/aragua-venezuela-es-un-pueblo-que-empodera-e-inspira-a-otros-con-el-ejemplo\/","title":{"rendered":"ARAGUA | Venezuela es un pueblo que empodera e inspira a otros con el ejemplo"},"content":{"rendered":"<p align=\"justify\"><span style=\"font-family: Arial, sans-serif;\"><span style=\"font-size: x-large;\"><i><b>** Afirmaci\u00f3n que se resalta en el CFSP Turismo. Con fortaleza y valor ante la adversidad seguimos juntos y adelante desde el Inces<\/b><\/i><\/span><\/span><\/p>\n<p align=\"justify\">\n<!--more--><\/p>\n<p align=\"justify\"><span style=\"font-family: Arial, sans-serif;\"><span style=\"font-size: x-large;\"><b>NINOSKA PATRIZ<\/b> <\/span><\/span><\/p>\n<p align=\"justify\"><span style=\"font-family: Arial, sans-serif;\"><span style=\"font-size: x-large;\">Convencidos de que estamos conectados universalmente de maneras invisibles y que todas nuestras acciones generan situaciones trascendentales que inevitablemente transforman nuestro entorno, desde el centro de formaci\u00f3n socialista polivalente (CFSP) Turismo se desarroll\u00f3 la Ponencia denominada: \u201cEl emprendimiento como estilo de vida\u201d. La misma estuvo a cargo de Jhonatan Atta, desarrollador de ideas de SefoSalud C.A.<\/span><\/span><\/p>\n<p align=\"justify\">\n<p align=\"justify\"><span style=\"font-family: Arial, sans-serif;\"><span style=\"font-size: x-large;\">La actividad inici\u00f3 destacando la importancia de desprendernos de la cultura de la explotaci\u00f3n del hombre en la producci\u00f3n del capital y orientarnos m\u00e1s hacia la satisfacci\u00f3n de necesidades de valor, que nos lleva al sentimiento de realizaci\u00f3n de nuestra existencia. <\/span><\/span><\/p>\n<p align=\"justify\"><span style=\"font-family: Arial, sans-serif;\"><span style=\"font-size: x-large;\"><img loading=\"lazy\" decoding=\"async\" class=\"aligncenter wp-image-32501 size-full\" src=\"http:\/\/www.inces.gob.ve\/wp-content\/uploads\/2019\/10\/Inces-Venezuela-empodera-inspira-con-ejemplo-3-.jpg\" alt=\"\" width=\"800\" height=\"452\" srcset=\"https:\/\/inces.gob.ve\/wp-content\/uploads\/2019\/10\/Inces-Venezuela-empodera-inspira-con-ejemplo-3-.jpg 800w, https:\/\/inces.gob.ve\/wp-content\/uploads\/2019\/10\/Inces-Venezuela-empodera-inspira-con-ejemplo-3--300x170.jpg 300w, https:\/\/inces.gob.ve\/wp-content\/uploads\/2019\/10\/Inces-Venezuela-empodera-inspira-con-ejemplo-3--768x434.jpg 768w\" sizes=\"auto, (max-width: 800px) 100vw, 800px\" \/><\/span><\/span><\/p>\n<p align=\"justify\"><span style=\"font-family: Arial, sans-serif;\"><span style=\"font-size: x-large;\">Atta coment\u00f3: \u201cConscientes de que siendo gestores de nuestra propia felicidad debemos ser constantes y leales con nuestras decisiones, as\u00ed como con las consecuencias que ellas acarrean; tenemos que reconocer que: \u201cNo hay felicidad sin libertad, ni libertad sin coraje\u201d, como dijera Paul Valery.<\/span><\/span><\/p>\n<p align=\"justify\"><span style=\"font-family: Arial, sans-serif;\"><span style=\"font-size: x-large;\">Para este desarrollista la convicci\u00f3n y seguridad de nuestro prop\u00f3sito en la vida es lo \u00fanico que puede asegurar la felicidad, motivo por el cual afirm\u00f3 que: \u201cSi quieres resultados diferentes, tienes que hacer las cosas de manera diferente\u201d parafraseando a Einstein.<\/span><\/span><\/p>\n<p align=\"justify\"><span style=\"font-family: Arial, sans-serif;\"><span style=\"font-size: x-large;\">De igual forma asever\u00f3 que: \u201cLos momentos de crisis son oportunidades que nos regala la vida para renovarnos y emprender donde otros no han llegado a desplegar ideas en hechos concretos\u201d. <\/span><\/span><\/p>\n<p align=\"justify\">\n<p align=\"justify\"><span style=\"font-family: Arial, sans-serif;\"><span style=\"font-size: x-large;\"><b>Fieles a nuestra coherencia<\/b><\/span><\/span><\/p>\n<p align=\"justify\">\u201c<span style=\"font-family: Arial, sans-serif;\"><span style=\"font-size: x-large;\">La sana ambici\u00f3n no tiene por qu\u00e9 tener l\u00edmites\u201d, Oller, J. (1988) resalt\u00f3 Jhonatan Atta. Este destac\u00f3 que es bueno disfrutar de todos los procesos, al fin y al cabo, cada uno tiene su propio ritmo y la generalizaci\u00f3n nunca es buena, lo que es bueno para unos, puede que no sea adecuado para otros, y siempre existen muchos matices para innovar en la resoluci\u00f3n de cualquier circunstancia\u201d.<\/span><\/span><\/p>\n<p align=\"justify\">\u201c<span style=\"font-family: Arial, sans-serif;\"><span style=\"font-size: x-large;\">De lo \u00fanico que no podemos desconfiar es de nosotros mismos\u201d, explic\u00f3 el ponente. Quien asegur\u00f3 que en el transcurrir de nuestro camino, siempre nos veremos confrontados con las ense\u00f1anzas que hemos recibido. Y esto es excelente, pues de all\u00ed surgen las rupturas paradigm\u00e1ticas que nos llevan a soltar la codependencia a las estructuras establecidas y evolucionar.<\/span><\/span><\/p>\n<p align=\"justify\">\u201c<span style=\"font-family: Arial, sans-serif;\"><span style=\"font-size: x-large;\">Cabe destacar que el 80% de la no realizaci\u00f3n de emprendimientos es a causa de la falta de conocimientos, entonces siempre debemos prepararnos, de tal manera que en todo momento estemos firmemente representados por nuestras acciones m\u00e1s que por nuestras palabras\u201d, acot\u00f3 J. Atta. El mismo agreg\u00f3: \u201cY no soy necesariamente un hombre espiritual pero Jes\u00fas manifiesta que por sus frutos los conocer\u00e1n\u201d. <\/span><\/span><\/p>\n<p align=\"justify\"><span style=\"font-family: Arial, sans-serif;\"><span style=\"font-size: x-large;\">Puede decirse, que m\u00e1s que una ponencia fue un viaje al descubrimiento interno de las fuentes de valor que dan brillo agregado a cada uno a trav\u00e9s de su individualidad, pero al mismo tiempo fue una invitaci\u00f3n al establecimiento de alianzas cooperacionales donde por medio del trabajo en equipo la patria se vea beneficiada por el desarrollo integral.<\/span><\/span><\/p>\n<p align=\"justify\">\n<p align=\"justify\"><span style=\"font-family: Arial, sans-serif;\"><span style=\"font-size: x-large;\"><b>Pero no todo es romance<\/b><\/span><\/span><\/p>\n<p align=\"justify\">\u201c<span style=\"font-family: Arial, sans-serif;\"><span style=\"font-size: x-large;\">Tambi\u00e9n es necesaria la adecuaci\u00f3n estructurada de un sistema de pasos para la puesta en marcha de cualquier emprendimiento. Entre estos elementos se encuentran: Fijar objetivos, Definici\u00f3n especifica del tama\u00f1o de los proyectos y cuidar los detalles en cuanto a aspectos organizacionales, legales, ambientales y financieros\u201d, explic\u00f3 el desarrollista.<\/span><\/span><\/p>\n<p align=\"justify\"><span style=\"font-family: Arial, sans-serif;\"><span style=\"font-size: x-large;\"><img loading=\"lazy\" decoding=\"async\" class=\"aligncenter wp-image-32500 size-full\" src=\"http:\/\/www.inces.gob.ve\/wp-content\/uploads\/2019\/10\/Inces-Venezuela-empodera-inspira-con-ejemplo-4-.jpg\" alt=\"\" width=\"800\" height=\"600\" srcset=\"https:\/\/inces.gob.ve\/wp-content\/uploads\/2019\/10\/Inces-Venezuela-empodera-inspira-con-ejemplo-4-.jpg 800w, https:\/\/inces.gob.ve\/wp-content\/uploads\/2019\/10\/Inces-Venezuela-empodera-inspira-con-ejemplo-4--300x225.jpg 300w, https:\/\/inces.gob.ve\/wp-content\/uploads\/2019\/10\/Inces-Venezuela-empodera-inspira-con-ejemplo-4--768x576.jpg 768w, https:\/\/inces.gob.ve\/wp-content\/uploads\/2019\/10\/Inces-Venezuela-empodera-inspira-con-ejemplo-4--136x102.jpg 136w\" sizes=\"auto, (max-width: 800px) 100vw, 800px\" \/><\/span><\/span><\/p>\n<p align=\"justify\"><span style=\"font-family: Arial, sans-serif;\"><span style=\"font-size: x-large;\">Para Atta, lo m\u00e1s dif\u00edcil es romper con la inercia, ser disciplinado en cuanto al tiempo o lapsos establecidos y mejorar cada d\u00eda las estrategias seg\u00fan el an\u00e1lisis de las experiencias vividas que son intransferibles, parafraseando a Walter Mart\u00ednez (Dossier).<\/span><\/span><\/p>\n<p align=\"justify\"><span style=\"font-family: Arial, sans-serif;\"><span style=\"font-size: x-large;\">Dar forma real a nuestros sue\u00f1os, desde las bases ciertas de la efectividad es la misi\u00f3n que afrontaremos eternamente, esto no es un concepto nuevo. Pero lo que siempre debemos recordar es que la pasi\u00f3n y el entusiasmo con el cual avancemos hacia el logro de nuestras metas es lo que marca la diferencia y salva cualquier obst\u00e1culo y hasta equivocaci\u00f3n que podamos encontrar, argument\u00f3 para finalizar. <\/span><\/span><\/p>\n<p align=\"justify\">\n<p align=\"justify\"><span style=\"font-family: Arial, sans-serif;\"><span style=\"font-size: x-large;\">lt.-<\/span><\/span><\/p>\n","protected":false},"excerpt":{"rendered":"<p>** Afirmaci\u00f3n que se resalta en el CFSP Turismo. Con fortaleza y valor ante la adversidad seguimos juntos y adelante desde el Inces<\/p>\n","protected":false},"author":15,"featured_media":32502,"comment_status":"closed","ping_status":"closed","sticky":false,"template":"","format":"standard","meta":{"footnotes":""},"categories":[2],"tags":[],"class_list":["post-32499","post","type-post","status-publish","format-standard","has-post-thumbnail","hentry","category-blog"],"_links":{"self":[{"href":"https:\/\/inces.gob.ve\/index.php\/wp-json\/wp\/v2\/posts\/32499","targetHints":{"allow":["GET"]}}],"collection":[{"href":"https:\/\/inces.gob.ve\/index.php\/wp-json\/wp\/v2\/posts"}],"about":[{"href":"https:\/\/inces.gob.ve\/index.php\/wp-json\/wp\/v2\/types\/post"}],"author":[{"embeddable":true,"href":"https:\/\/inces.gob.ve\/index.php\/wp-json\/wp\/v2\/users\/15"}],"replies":[{"embeddable":true,"href":"https:\/\/inces.gob.ve\/index.php\/wp-json\/wp\/v2\/comments?post=32499"}],"version-history":[{"count":1,"href":"https:\/\/inces.gob.ve\/index.php\/wp-json\/wp\/v2\/posts\/32499\/revisions"}],"predecessor-version":[{"id":32503,"href":"https:\/\/inces.gob.ve\/index.php\/wp-json\/wp\/v2\/posts\/32499\/revisions\/32503"}],"wp:featuredmedia":[{"embeddable":true,"href":"https:\/\/inces.gob.ve\/index.php\/wp-json\/wp\/v2\/media\/32502"}],"wp:attachment":[{"href":"https:\/\/inces.gob.ve\/index.php\/wp-json\/wp\/v2\/media?parent=32499"}],"wp:term":[{"taxonomy":"category","embeddable":true,"href":"https:\/\/inces.gob.ve\/index.php\/wp-json\/wp\/v2\/categories?post=32499"},{"taxonomy":"post_tag","embeddable":true,"href":"https:\/\/inces.gob.ve\/index.php\/wp-json\/wp\/v2\/tags?post=32499"}],"curies":[{"name":"wp","href":"https:\/\/api.w.org\/{rel}","templated":true}]}}