{"id":32535,"date":"2019-10-22T09:47:11","date_gmt":"2019-10-22T15:47:11","guid":{"rendered":"http:\/\/www.inces.gob.ve\/?p=32535"},"modified":"2020-05-28T20:25:17","modified_gmt":"2020-05-29T00:25:17","slug":"carabobo-cierre-del-curso-panificacion-domestica-se-realizo-en-base-de-misiones-villas-de-capeminfra","status":"publish","type":"post","link":"https:\/\/inces.gob.ve\/index.php\/2019\/10\/22\/carabobo-cierre-del-curso-panificacion-domestica-se-realizo-en-base-de-misiones-villas-de-capeminfra\/","title":{"rendered":"CARABOBO | Cierre del Curso Panificaci\u00f3n Dom\u00e9stica se realiz\u00f3 en base de misiones Villas de Capeminfra"},"content":{"rendered":"<p align=\"justify\"><span style=\"color: #000000;\"><span style=\"font-family: Arial, sans-serif;\"><span style=\"font-size: x-large;\"><i><b>** Luego de 186 horas de <\/b><\/i><i><b>formaci\u00f3n <\/b><\/i><i><b>y de la mano de la <\/b><\/i><i><b>profesora <\/b><\/i><i><b>Mar<\/b><\/i><i><b>\u00eda<\/b><\/i><i><b> Mena, 20 participantes de la comunidad Villas de Capeminfra realizaron la socializaci<\/b><\/i><i><b>\u00f3<\/b><\/i><i><b>n del cierre del curso, que pertenece al \u00e1mbito de formaci\u00f3n del CFS Bicentenario del Inces Carabobo, en el marco del Plan de Atenci\u00f3n Integral a las V\u00edctimas de la Guerra Econ\u00f3mica<\/b><\/i><\/span><\/span><\/span><\/p>\n<p align=\"justify\">\n<!--more--><\/p>\n<p align=\"justify\">\n<p align=\"justify\"><span style=\"color: #000000;\"><span style=\"font-family: Arial, sans-serif;\"><span style=\"font-size: x-large;\"><b>ATILIA CORTEZ <\/b><\/span><\/span><\/span><\/p>\n<p align=\"justify\"><span style=\"color: #000000;\"><span style=\"font-family: Arial, sans-serif;\"><span style=\"font-size: x-large;\">En el marco del Plan de Atenci\u00f3n Integral a las V\u00edctimas de la Guerra Econ\u00f3mica, llevando beneficios a la poblaci\u00f3n m\u00e1s vulnerable para mitigar los efectos del bloqueo econ\u00f3mico impuesto por Estados Unidos, se llev\u00f3 cabo en la base de misiones Villas de Capeminfra de Guacara en Carabobo, el curso de Panificaci\u00f3n Dom\u00e9stica, que tuvo una duraci\u00f3n de 186 horas, de la mano de la promotora t\u00e9cnica productiva Mar\u00eda Mena.<\/span><\/span><\/span><\/p>\n<p align=\"justify\">\n<p align=\"justify\"><span style=\"color: #000000;\"><span style=\"font-family: Arial, sans-serif;\"><span style=\"font-size: x-large;\">Se pudo conocer que la socializaci\u00f3n y cierre tuvo lugar en dicha comunidad y participaron 20 habitantes del sector y su del \u00e1mbito de formaci\u00f3n del centro de formaci\u00f3n socialista (CFS) Bicentenario del Instituto Nacional de Capacitaci\u00f3n y Educaci\u00f3n Socialista (Inces).<\/span><\/span><\/span><\/p>\n<p align=\"justify\"><img loading=\"lazy\" decoding=\"async\" class=\"aligncenter wp-image-32537 size-full\" src=\"http:\/\/www.inces.gob.ve\/wp-content\/uploads\/2019\/10\/INCES-Panificaci\u00f3n-Dom\u00e9stica-2-.jpg\" alt=\"\" width=\"800\" height=\"575\" srcset=\"https:\/\/inces.gob.ve\/wp-content\/uploads\/2019\/10\/INCES-Panificaci\u00f3n-Dom\u00e9stica-2-.jpg 800w, https:\/\/inces.gob.ve\/wp-content\/uploads\/2019\/10\/INCES-Panificaci\u00f3n-Dom\u00e9stica-2--300x216.jpg 300w, https:\/\/inces.gob.ve\/wp-content\/uploads\/2019\/10\/INCES-Panificaci\u00f3n-Dom\u00e9stica-2--768x552.jpg 768w\" sizes=\"auto, (max-width: 800px) 100vw, 800px\" \/><br \/>\n<span style=\"color: #000000;\"><span style=\"font-family: Arial, sans-serif;\"><span style=\"font-size: x-large;\">Adem\u00e1s, en el curso los participantes aprendieron a elaborar los panes tradicionales como: campesino, siciliano, fr\u00e1nces, integral, dulce, de coco, de avena, de guayaba y de otros ingredientes alternativos tales como: de papa, auyama,vegetales, de calabac\u00edn y especies, entre otros.<\/span><\/span><\/span><\/p>\n<p align=\"justify\">\n<p align=\"justify\"><span style=\"color: #000000;\"><span style=\"font-family: Arial, sans-serif;\"><span style=\"font-size: x-large;\">Celemy M\u00e9ndez, participante del curso y habitante del sector Villas de Capeminfra explic\u00f3 ante la representaci\u00f3n del Inces Carabobo que le toco preparar pan a base de vegetales y especies, \u201ctambi\u00e9n es ocasi\u00f3n para se\u00f1alar que yo participo del Bachillerato Prodcutivo del Inces en el ambiente de Guacara\u201d.<\/span><\/span><\/span><\/p>\n<p align=\"justify\">\n<p align=\"justify\"><span style=\"color: #000000;\"><span style=\"font-family: Arial, sans-serif;\"><span style=\"font-size: x-large;\">Mendez expres\u00f3 \u201cMe siento muy agradecida al Inces Carabobo por esta oportunidad de aprender un oficio y en mi caso ya tener un perfil productivo y la idea de emprender un proyecto de venta de panes junto a otras compa\u00f1eras de la comunidad\u201d.<\/span><\/span><\/span><\/p>\n<p align=\"justify\"><img loading=\"lazy\" decoding=\"async\" class=\"aligncenter wp-image-32536 size-full\" src=\"http:\/\/www.inces.gob.ve\/wp-content\/uploads\/2019\/10\/INCES-Panificaci\u00f3n-Dom\u00e9stica-3-.jpg\" alt=\"\" width=\"800\" height=\"641\" srcset=\"https:\/\/inces.gob.ve\/wp-content\/uploads\/2019\/10\/INCES-Panificaci\u00f3n-Dom\u00e9stica-3-.jpg 800w, https:\/\/inces.gob.ve\/wp-content\/uploads\/2019\/10\/INCES-Panificaci\u00f3n-Dom\u00e9stica-3--300x240.jpg 300w, https:\/\/inces.gob.ve\/wp-content\/uploads\/2019\/10\/INCES-Panificaci\u00f3n-Dom\u00e9stica-3--768x615.jpg 768w\" sizes=\"auto, (max-width: 800px) 100vw, 800px\" \/><br \/>\n<span style=\"color: #000000;\"><span style=\"font-family: Arial, sans-serif;\"><span style=\"font-size: x-large;\">Es de se\u00f1alar que para llevar a cabo esta formaci\u00f3n fue gracias a la articulaci\u00f3n del Inces Carabobo y al CFS Bicentenario, entre varios actores y movimientos sociales que hacen vida en la comunidad; \u00e1demas de la alcald\u00eda de Guacara y su Direcci\u00f3n de Educaci\u00f3n <\/span><\/span><\/span><\/p>\n<p align=\"justify\">\n","protected":false},"excerpt":{"rendered":"<p>** Luego de 186 horas de formaci\u00f3n y de la mano de la profesora Mar\u00eda Mena, 20 participantes de la comunidad Villas de Capeminfra realizaron la socializaci\u00f3n del cierre del curso, que pertenece al \u00e1mbito de formaci\u00f3n del CFS Bicentenario del Inces Carabobo, en el marco del Plan de Atenci\u00f3n Integral a las V\u00edctimas de [&hellip;]<\/p>\n","protected":false},"author":15,"featured_media":32538,"comment_status":"closed","ping_status":"closed","sticky":false,"template":"","format":"standard","meta":{"footnotes":""},"categories":[2],"tags":[],"class_list":["post-32535","post","type-post","status-publish","format-standard","has-post-thumbnail","hentry","category-blog"],"_links":{"self":[{"href":"https:\/\/inces.gob.ve\/index.php\/wp-json\/wp\/v2\/posts\/32535","targetHints":{"allow":["GET"]}}],"collection":[{"href":"https:\/\/inces.gob.ve\/index.php\/wp-json\/wp\/v2\/posts"}],"about":[{"href":"https:\/\/inces.gob.ve\/index.php\/wp-json\/wp\/v2\/types\/post"}],"author":[{"embeddable":true,"href":"https:\/\/inces.gob.ve\/index.php\/wp-json\/wp\/v2\/users\/15"}],"replies":[{"embeddable":true,"href":"https:\/\/inces.gob.ve\/index.php\/wp-json\/wp\/v2\/comments?post=32535"}],"version-history":[{"count":1,"href":"https:\/\/inces.gob.ve\/index.php\/wp-json\/wp\/v2\/posts\/32535\/revisions"}],"predecessor-version":[{"id":32539,"href":"https:\/\/inces.gob.ve\/index.php\/wp-json\/wp\/v2\/posts\/32535\/revisions\/32539"}],"wp:featuredmedia":[{"embeddable":true,"href":"https:\/\/inces.gob.ve\/index.php\/wp-json\/wp\/v2\/media\/32538"}],"wp:attachment":[{"href":"https:\/\/inces.gob.ve\/index.php\/wp-json\/wp\/v2\/media?parent=32535"}],"wp:term":[{"taxonomy":"category","embeddable":true,"href":"https:\/\/inces.gob.ve\/index.php\/wp-json\/wp\/v2\/categories?post=32535"},{"taxonomy":"post_tag","embeddable":true,"href":"https:\/\/inces.gob.ve\/index.php\/wp-json\/wp\/v2\/tags?post=32535"}],"curies":[{"name":"wp","href":"https:\/\/api.w.org\/{rel}","templated":true}]}}