{"id":32578,"date":"2019-10-22T14:02:05","date_gmt":"2019-10-22T20:02:05","guid":{"rendered":"http:\/\/www.inces.gob.ve\/?p=32578"},"modified":"2020-05-28T20:25:16","modified_gmt":"2020-05-29T00:25:16","slug":"carabobo-vanguardia-en-formacion-de-diseno-de-paginas-web","status":"publish","type":"post","link":"https:\/\/inces.gob.ve\/index.php\/2019\/10\/22\/carabobo-vanguardia-en-formacion-de-diseno-de-paginas-web\/","title":{"rendered":"Carabobo| Vanguardia en formaci\u00f3n de Dise\u00f1o de P\u00e1ginas Web"},"content":{"rendered":"<p align=\"justify\"><span style=\"font-family: Arial, sans-serif;\"><span style=\"font-size: x-large;\"><b>**<i> En el CFS Luis Beltr\u00e1n Prieto Figueroa se realiz\u00f3 la Socializacion del cierre del curso de Dise\u00f1o de Paginas Web Avanzado, dicha formaci\u00f3n tuvo una duraci\u00f3n de<\/i><i> 1<\/i><i>5<\/i><i>6 horas, <\/i><i>bajo la coordinaci\u00f3n<\/i><i> de<\/i><i>l <\/i><i> <\/i><i>MTP Manuel Medina <\/i><i> <\/i><i>y donde participaron <\/i><i>2<\/i><i>0<\/i><i> <\/i><i>j\u00f3venes que vienen en prosecuci\u00f3n de otros cursos en el \u00e1rea Inform\u00e1tica, dentro de la programaci\u00f3n que se desarrolla en el lugar<\/i><\/b><\/span><\/span><!--more--><\/p>\n<p align=\"justify\">\n<p align=\"justify\"><span style=\"font-family: Arial, sans-serif;\"><span style=\"font-size: x-large;\"><strong>Atilia Cortez<\/strong><b> \/Prensa Inces Carabobo<\/b><\/span><\/span><\/p>\n<p align=\"justify\"><span style=\"color: #000000;\"><span style=\"font-family: Arial, sans-serif;\"><span style=\"font-size: x-large;\">En el Centro de Formaci\u00f3n Socialista (CFS) Luis Beltr\u00e1n Prieto Figueroa de Valencia del Inces Regional Carabobo, <b> se llev\u00f3 a cabo la <\/b><b>s<\/b><b>ocializaci\u00f3n del <\/b><b>c<\/b><b>ierre del <\/b><b>c<\/b><b>urso de Dise\u00f1o de Web Avanzado <\/b><b>el cu\u00e1l tuvo una duraci\u00f3n de 156 horas y <\/b><b>donde <\/b><b> participaron 20 j\u00f3venes<\/b> bajo la coordinaci\u00f3n del maestro t\u00e9cnico productivo (MTP) Manuel Medina.<\/span><\/span><\/span><\/p>\n<p align=\"justify\"><span style=\"font-family: Arial, sans-serif;\"><span style=\"font-size: x-large;\"><span style=\"color: #000000;\"><b>Estos 20 participantes vienen en prosecuci\u00f3n <\/b><\/span><span style=\"color: #000000;\"><b>de<\/b><\/span><b> otros curso en el \u00e1rea de inform\u00e1tica, dentro de la programaci\u00f3n que se desarrolla en el CFS Luis Beltr\u00e1n <\/b><b>Prieto Figueroa<\/b><b> <\/b>, donde conocieron el lenguaje de programaci\u00f3n, el Java Sript. el C\u00f3digo HTLM, la estructura de la p\u00e1gina a dise\u00f1ar, entre otros conocimientos.<\/span><\/span><\/p>\n<p align=\"justify\"><span style=\"font-family: Arial, sans-serif;\"><span style=\"font-size: x-large;\"><img loading=\"lazy\" decoding=\"async\" class=\"aligncenter wp-image-32579 size-full\" src=\"http:\/\/www.inces.gob.ve\/wp-content\/uploads\/2019\/10\/INCES-formaci\u00f3n-Dise\u00f1o-de-P\u00e1ginas-Web4-.jpg\" alt=\"\" width=\"800\" height=\"600\" srcset=\"https:\/\/inces.gob.ve\/wp-content\/uploads\/2019\/10\/INCES-formaci\u00f3n-Dise\u00f1o-de-P\u00e1ginas-Web4-.jpg 800w, https:\/\/inces.gob.ve\/wp-content\/uploads\/2019\/10\/INCES-formaci\u00f3n-Dise\u00f1o-de-P\u00e1ginas-Web4--300x225.jpg 300w, https:\/\/inces.gob.ve\/wp-content\/uploads\/2019\/10\/INCES-formaci\u00f3n-Dise\u00f1o-de-P\u00e1ginas-Web4--768x576.jpg 768w, https:\/\/inces.gob.ve\/wp-content\/uploads\/2019\/10\/INCES-formaci\u00f3n-Dise\u00f1o-de-P\u00e1ginas-Web4--136x102.jpg 136w\" sizes=\"auto, (max-width: 800px) 100vw, 800px\" \/><\/span><\/span><\/p>\n<p align=\"justify\"><span style=\"font-family: Arial, sans-serif;\"><span style=\"font-size: x-large;\">Entre tanto, <b>el proceso de <\/b><b>creaci\u00f3n<\/b><b> de cada <\/b><b>P<\/b><b>agina <\/b><b>W<\/b><b>eb fue explicado y socializado de forma organizada y estructura<\/b><b>da<\/b><b> por cada uno de los participantes para el cierre del curso.<\/b><\/span><\/span><\/p>\n<p align=\"justify\"><span style=\"font-family: Arial, sans-serif;\"><span style=\"font-size: x-large;\"><span style=\"color: #000000;\">Por su parte <\/span><span style=\"color: #000000;\"> el MTP Manuel Medina <\/span><span style=\"color: #000000;\">explic\u00f3 que \u201c <\/span><span style=\"color: #000000;\"><b>los 20 participantes <\/b><\/span><span style=\"color: #000000;\"><b>se<\/b><\/span><span style=\"color: #000000;\"><b> dividieron en 4 grupos de 5 integrantes entre chicos y chicas, para la socializacion y cierre <\/b><\/span><span style=\"color: #000000;\"><b>del curso donde dise\u00f1aron 4 p\u00e1ginas web, 2 orientadas al \u00e1rea gastron\u00f3mica, una al comics y otra a viajes y res<\/b><\/span><span style=\"color: #000000;\"><b>e<\/b><\/span><span style=\"color: #000000;\"><b>rvaciones\u201d,<\/b><\/span><\/span><\/span><\/p>\n<p align=\"justify\"><span style=\"color: #000000;\"><span style=\"font-family: Arial, sans-serif;\"><span style=\"font-size: x-large;\">Medina destac\u00f3 que este grupo de Web Avanzado \u201c viene de otros cursos en el \u00e1rea como el b\u00e1sico de Dise\u00f1o de Paginas Web, que regularmente se dicta en el CFS Luis Beltr\u00e1n Prieto Figueroa. Es una formaci\u00f3n completa que de forma continua se est\u00e1 aperturando\u201d.<\/span><\/span><\/span><\/p>\n<p align=\"justify\"><span style=\"color: #000000;\"><span style=\"font-family: Arial, sans-serif;\"><span style=\"font-size: x-large;\"><img loading=\"lazy\" decoding=\"async\" class=\"aligncenter wp-image-32580 size-full\" src=\"http:\/\/www.inces.gob.ve\/wp-content\/uploads\/2019\/10\/INCES-formaci\u00f3n-Dise\u00f1o-de-P\u00e1ginas-Web2-.jpg\" alt=\"\" width=\"800\" height=\"600\" srcset=\"https:\/\/inces.gob.ve\/wp-content\/uploads\/2019\/10\/INCES-formaci\u00f3n-Dise\u00f1o-de-P\u00e1ginas-Web2-.jpg 800w, https:\/\/inces.gob.ve\/wp-content\/uploads\/2019\/10\/INCES-formaci\u00f3n-Dise\u00f1o-de-P\u00e1ginas-Web2--300x225.jpg 300w, https:\/\/inces.gob.ve\/wp-content\/uploads\/2019\/10\/INCES-formaci\u00f3n-Dise\u00f1o-de-P\u00e1ginas-Web2--768x576.jpg 768w, https:\/\/inces.gob.ve\/wp-content\/uploads\/2019\/10\/INCES-formaci\u00f3n-Dise\u00f1o-de-P\u00e1ginas-Web2--136x102.jpg 136w\" sizes=\"auto, (max-width: 800px) 100vw, 800px\" \/><\/span><\/span><\/span><\/p>\n<p align=\"justify\"><span style=\"font-family: Arial, sans-serif;\"><span style=\"font-size: x-large;\"><span style=\"color: #000000;\">El grupo de participantes de <\/span><span style=\"color: #000000;\">la Pagina Web Wikihero creada por el <\/span><span style=\"color: #000000;\">equipo<\/span><span style=\"color: #000000;\"> integrado Vandele, Jes\u00fas Rom\u00e1n y Ricardo Ch<\/span><span style=\"color: #000000;\">\u00e1<\/span><span style=\"color: #000000;\">vez, expres<\/span><span style=\"color: #000000;\">\u00f3<\/span><span style=\"color: #000000;\"> \u201c que nuestra pagina est<\/span><span style=\"color: #000000;\">\u00e1<\/span><span style=\"color: #000000;\"> ya activa y <\/span><span style=\"color: #000000;\">es<\/span><span style=\"color: #000000;\"> orientada al mundo del <\/span><span style=\"color: #000000;\">c<\/span><span style=\"color: #000000;\">ine y de los <\/span><span style=\"color: #000000;\">c<\/span><span style=\"color: #000000;\">omics donde, con una suscri<\/span><span style=\"color: #000000;\">p<\/span><span style=\"color: #000000;\">ci\u00f3n puedes entrar a este mundo maravilloso de la animaci\u00f3n\u201d.<\/span><\/span><\/span><\/p>\n","protected":false},"excerpt":{"rendered":"<p>** En el CFS Luis Beltr\u00e1n Prieto Figueroa se realiz\u00f3 la Socializacion del cierre del curso de Dise\u00f1o de Paginas Web Avanzado, dicha formaci\u00f3n tuvo una duraci\u00f3n de 156 horas, bajo la coordinaci\u00f3n del MTP Manuel Medina y donde participaron 20 j\u00f3venes que vienen en prosecuci\u00f3n de otros cursos en el \u00e1rea Inform\u00e1tica, dentro de [&hellip;]<\/p>\n","protected":false},"author":15,"featured_media":32581,"comment_status":"closed","ping_status":"closed","sticky":false,"template":"","format":"standard","meta":{"footnotes":""},"categories":[2],"tags":[],"class_list":["post-32578","post","type-post","status-publish","format-standard","has-post-thumbnail","hentry","category-blog"],"_links":{"self":[{"href":"https:\/\/inces.gob.ve\/index.php\/wp-json\/wp\/v2\/posts\/32578","targetHints":{"allow":["GET"]}}],"collection":[{"href":"https:\/\/inces.gob.ve\/index.php\/wp-json\/wp\/v2\/posts"}],"about":[{"href":"https:\/\/inces.gob.ve\/index.php\/wp-json\/wp\/v2\/types\/post"}],"author":[{"embeddable":true,"href":"https:\/\/inces.gob.ve\/index.php\/wp-json\/wp\/v2\/users\/15"}],"replies":[{"embeddable":true,"href":"https:\/\/inces.gob.ve\/index.php\/wp-json\/wp\/v2\/comments?post=32578"}],"version-history":[{"count":1,"href":"https:\/\/inces.gob.ve\/index.php\/wp-json\/wp\/v2\/posts\/32578\/revisions"}],"predecessor-version":[{"id":32582,"href":"https:\/\/inces.gob.ve\/index.php\/wp-json\/wp\/v2\/posts\/32578\/revisions\/32582"}],"wp:featuredmedia":[{"embeddable":true,"href":"https:\/\/inces.gob.ve\/index.php\/wp-json\/wp\/v2\/media\/32581"}],"wp:attachment":[{"href":"https:\/\/inces.gob.ve\/index.php\/wp-json\/wp\/v2\/media?parent=32578"}],"wp:term":[{"taxonomy":"category","embeddable":true,"href":"https:\/\/inces.gob.ve\/index.php\/wp-json\/wp\/v2\/categories?post=32578"},{"taxonomy":"post_tag","embeddable":true,"href":"https:\/\/inces.gob.ve\/index.php\/wp-json\/wp\/v2\/tags?post=32578"}],"curies":[{"name":"wp","href":"https:\/\/api.w.org\/{rel}","templated":true}]}}