{"id":32666,"date":"2019-10-24T13:11:40","date_gmt":"2019-10-24T19:11:40","guid":{"rendered":"http:\/\/www.inces.gob.ve\/?p=32666"},"modified":"2020-05-28T20:25:16","modified_gmt":"2020-05-29T00:25:16","slug":"sede-somos-inces-emision-112-entrevisto-a-coordinadora-nacional-del-movimiento-otro-beta","status":"publish","type":"post","link":"https:\/\/inces.gob.ve\/index.php\/2019\/10\/24\/sede-somos-inces-emision-112-entrevisto-a-coordinadora-nacional-del-movimiento-otro-beta\/","title":{"rendered":"Sede| Somos Inces emisi\u00f3n 112 entrevist\u00f3 a coordinadora nacional del Movimiento otro Beta"},"content":{"rendered":"<p align=\"justify\"><span style=\"color: #000000;\"><span style=\"font-family: Arial, sans-serif;\"><span style=\"font-size: x-large;\"><i><b>** En el programa intervino Richard Arra\u00edz, Jefe del Inces Regional Miranda, y Antony Paredes dise\u00f1ador de estampados para franelas y colaborador del Movimiento Otro Beta.<\/b><\/i><\/span><\/span><\/span><\/p>\n<p align=\"justify\"><!--more--><\/p>\n<p align=\"justify\">\n<h3 class=\"western\" align=\"justify\"><span style=\"color: #000000;\"><span style=\"font-family: Arial, sans-serif;\"><span style=\"font-size: x-large;\"><i><b>Freddy Martinez<\/b><\/i><\/span><\/span><\/span><\/h3>\n<p align=\"justify\"><span style=\"color: #000000;\"><span style=\"font-family: Arial, sans-serif;\"><span style=\"font-size: x-large;\">Durante la transmisi\u00f3n del programa Somos Inces 112, se reflexion\u00f3 en la editorial acerca de la intenci\u00f3n del autoproclamado Juan Guaid\u00f3 de endeudarse con el nefasto Fondo Monetario Internacional por un monto que supera los 60 mil millones de dolares.<\/span><\/span><\/span><\/p>\n<p align=\"justify\"><span style=\"color: #000000;\"><span style=\"font-family: Arial, sans-serif;\"><span style=\"font-size: x-large;\">Una receta que ha fracasado en toda Am\u00e9rica Latina, y que ya vivi\u00f3 Venezuela cuando el Caracazo en 1989; tambi\u00e9n Argentina, Haiti y m\u00e1s recientemente Chile, que hasta hace una semana era el oasis del modelo neoliberal, y quien reci\u00e9n despierta de las pol\u00edticas econ\u00f3micas que se le ha impuesto desde hace m\u00e1s de 30 a\u00f1os.<\/span><\/span><\/span><\/p>\n<p align=\"justify\"><span style=\"color: #000000;\"><span style=\"font-family: Arial, sans-serif;\"><span style=\"font-size: x-large;\">Destac\u00f3 Luis Angel Mart\u00ednez, conductor del programa, que este pr\u00e9stamo, de convertirse en una realidad se traducir\u00eda en recortes en el gasto social, privatizaci\u00f3n de los servicios p\u00fablicos, de la salud y la educaci\u00f3n y quien terminar\u00eda pagando la deuda y las consecuencias es el ciudadano de a pie.<\/span><\/span><\/span><\/p>\n<p align=\"justify\"><span style=\"color: #000000;\"><span style=\"font-family: Arial, sans-serif;\"><span style=\"font-size: x-large;\"><img loading=\"lazy\" decoding=\"async\" class=\"aligncenter wp-image-32667 size-full\" src=\"http:\/\/www.inces.gob.ve\/wp-content\/uploads\/2019\/10\/Somos-Inces-emisi\u00f3n-112-2-.jpg\" alt=\"\" width=\"800\" height=\"600\" srcset=\"https:\/\/inces.gob.ve\/wp-content\/uploads\/2019\/10\/Somos-Inces-emisi\u00f3n-112-2-.jpg 800w, https:\/\/inces.gob.ve\/wp-content\/uploads\/2019\/10\/Somos-Inces-emisi\u00f3n-112-2--300x225.jpg 300w, https:\/\/inces.gob.ve\/wp-content\/uploads\/2019\/10\/Somos-Inces-emisi\u00f3n-112-2--768x576.jpg 768w, https:\/\/inces.gob.ve\/wp-content\/uploads\/2019\/10\/Somos-Inces-emisi\u00f3n-112-2--136x102.jpg 136w\" sizes=\"auto, (max-width: 800px) 100vw, 800px\" \/><\/span><\/span><\/span><\/p>\n<p align=\"justify\"><span style=\"color: #000000;\"><span style=\"font-family: Arial, sans-serif;\"><span style=\"font-size: x-large;\"><b>Movimiento Otro Beta<\/b><\/span><\/span><\/span><\/p>\n<p align=\"justify\"><span style=\"color: #000000;\"><span style=\"font-family: Arial, sans-serif;\"><span style=\"font-size: x-large;\">En el programa estuvo como invitada en cabina la soci\u00f3loga y realizadora audiovisual Gabriela Henriquez, fundadora del Movimiento Otro Beta y encargada de la comunicaci\u00f3n de este movimiento social. <\/span><\/span><\/span><\/p>\n<p align=\"justify\"><span style=\"color: #000000;\"><span style=\"font-family: Arial, sans-serif;\"><span style=\"font-size: x-large;\">La invitada inici\u00f3 su intervenci\u00f3n rememorando los inicios del Otro Beta en el a\u00f1o 2001, cuando los j\u00f3venes de los barrios sintieron la necesidad de visibilizar el trabajo que se ven\u00eda haciendo en las comunidades, descubriendo que la \u00fanica manera de lograrlo era en red, Por ello, Otro Beta aloja en su senos otros movimientos, comunidades e individualidades, quienes apuestan a un mismo fin que es darle vida a las actividades que hace la juventud en los barrios.<\/span><\/span><\/span><\/p>\n<p align=\"justify\"><span style=\"color: #000000;\"><span style=\"font-family: Arial, sans-serif;\"><span style=\"font-size: x-large;\">Destac\u00f3 la invitada que este movimiento social nace de la necesidad de visibilizar a los j\u00f3venes de los barrios caraque\u00f1os en el d\u00eda a d\u00eda a trav\u00e9s de lo que hacen como sujetos pol\u00edticos, reflejado en los distintos colectivos culturales, deportivos y productivos organizados en el quehacer cotidiano de la vida juvenil. <\/span><\/span><\/span><\/p>\n<p align=\"justify\"><span style=\"color: #000000;\"><span style=\"font-family: Arial, sans-serif;\"><span style=\"font-size: x-large;\">Es por ello que a trav\u00e9s de esta iniciativa de pol\u00edtica de Estado han surgido convenios con instituciones gubernamentales como el Inces, que representa una manera de formalizar y multiplicar el trabajo que se hace en los barrios a fin de que los j\u00f3venes canalicen sus inquietudes formativas e iniciativas socio-productivas. <\/span><\/span><\/span><\/p>\n<p align=\"justify\"><span style=\"color: #000000;\"><span style=\"font-family: Arial, sans-serif;\"><span style=\"font-size: x-large;\">El Movimiento Otro Beta es un colectivo que tiene presencia en muchos estados de la Rep\u00fablica, entre ellos, Distrito Capital, La Guaira, Miranda, Lara, M\u00e9rida, Trujillo, Anzo\u00e1tegui y Amazonas, regiones donde se han formado n\u00facleos donde los j\u00f3venes se forman como t\u00e9cnicos de tel\u00e9fonos, mec\u00e1nicos de motos, y en oficios para peluquer\u00eda, panader\u00eda, dise\u00f1o de ropa, serigraf\u00eda, agricultura urbana, circo, yoga, entre otros. <\/span><\/span><\/span><\/p>\n<p align=\"justify\"><span style=\"color: #000000;\"><span style=\"font-family: Arial, sans-serif;\"><span style=\"font-size: x-large;\">El Movimiento no solo forma a muchachos y muchachas para el dominio de alg\u00fan oficio, sino que estos pasan por talleres y cursos para desarrollar de alg\u00fan emprendimiento productivo y de peque\u00f1a empresa, subray\u00f3 Gabriela Henriquez.<\/span><\/span><\/span><\/p>\n<p align=\"justify\"><span style=\"color: #000000;\"><span style=\"font-family: Arial, sans-serif;\"><span style=\"font-size: x-large;\">En el programa intervino Richard Arra\u00edz, Jefe del Inces Regional Miranda, y Antony Paredes dise\u00f1ador de estampados para franelas y colaborador del Movimiento Otro Beta. Tambi\u00e9n se trat\u00f3 de forma rasante el tema de las elecciones en Bolivia y el aniversario del pr\u00f3cer zuliano Rafael Urdaneta, fiel compa\u00f1ero de Bol\u00edvar hasta sus \u00faltimos d\u00edas en Santa Marta, fecha que hoy se conmemora con una marcha que parte de la Plaza La Candelaria hasta el centro de la ciudad de Caracas. <\/span><\/span><\/span><\/p>\n","protected":false},"excerpt":{"rendered":"<p>** En el programa intervino Richard Arra\u00edz, Jefe del Inces Regional Miranda, y Antony Paredes dise\u00f1ador de estampados para franelas y colaborador del Movimiento Otro Beta.<\/p>\n","protected":false},"author":15,"featured_media":32668,"comment_status":"closed","ping_status":"closed","sticky":false,"template":"","format":"standard","meta":{"footnotes":""},"categories":[2],"tags":[],"class_list":["post-32666","post","type-post","status-publish","format-standard","has-post-thumbnail","hentry","category-blog"],"_links":{"self":[{"href":"https:\/\/inces.gob.ve\/index.php\/wp-json\/wp\/v2\/posts\/32666","targetHints":{"allow":["GET"]}}],"collection":[{"href":"https:\/\/inces.gob.ve\/index.php\/wp-json\/wp\/v2\/posts"}],"about":[{"href":"https:\/\/inces.gob.ve\/index.php\/wp-json\/wp\/v2\/types\/post"}],"author":[{"embeddable":true,"href":"https:\/\/inces.gob.ve\/index.php\/wp-json\/wp\/v2\/users\/15"}],"replies":[{"embeddable":true,"href":"https:\/\/inces.gob.ve\/index.php\/wp-json\/wp\/v2\/comments?post=32666"}],"version-history":[{"count":2,"href":"https:\/\/inces.gob.ve\/index.php\/wp-json\/wp\/v2\/posts\/32666\/revisions"}],"predecessor-version":[{"id":32670,"href":"https:\/\/inces.gob.ve\/index.php\/wp-json\/wp\/v2\/posts\/32666\/revisions\/32670"}],"wp:featuredmedia":[{"embeddable":true,"href":"https:\/\/inces.gob.ve\/index.php\/wp-json\/wp\/v2\/media\/32668"}],"wp:attachment":[{"href":"https:\/\/inces.gob.ve\/index.php\/wp-json\/wp\/v2\/media?parent=32666"}],"wp:term":[{"taxonomy":"category","embeddable":true,"href":"https:\/\/inces.gob.ve\/index.php\/wp-json\/wp\/v2\/categories?post=32666"},{"taxonomy":"post_tag","embeddable":true,"href":"https:\/\/inces.gob.ve\/index.php\/wp-json\/wp\/v2\/tags?post=32666"}],"curies":[{"name":"wp","href":"https:\/\/api.w.org\/{rel}","templated":true}]}}