{"id":32671,"date":"2019-10-25T09:00:07","date_gmt":"2019-10-25T15:00:07","guid":{"rendered":"http:\/\/www.inces.gob.ve\/?p=32671"},"modified":"2020-05-28T20:25:16","modified_gmt":"2020-05-29T00:25:16","slug":"aragua-pna-inces-incorpora-nuevos-jovenes-al-mercado-del-trabajo-productivo","status":"publish","type":"post","link":"https:\/\/inces.gob.ve\/index.php\/2019\/10\/25\/aragua-pna-inces-incorpora-nuevos-jovenes-al-mercado-del-trabajo-productivo\/","title":{"rendered":"ARAGUA | PNA Inces incorpora nuevos j\u00f3venes al mercado del trabajo productivo"},"content":{"rendered":"<p align=\"justify\"><span style=\"color: #000000;\"><span style=\"font-family: Arial, sans-serif;\"><span style=\"font-size: x-large;\"><i><b>** Desde el Inces Regi\u00f3n Aragua continuamente se consolida el desarrollo de la patria <\/b><\/i><\/span><\/span><\/span><\/p>\n<p align=\"justify\"><!--more--><\/p>\n<p align=\"justify\"><span style=\"color: #000000;\"><span style=\"font-family: Arial, sans-serif;\"><span style=\"font-size: x-large;\"><b>NINOSKA PATRIZ <\/b><\/span><\/span><\/span><\/p>\n<p align=\"justify\">\n<p align=\"justify\"><span style=\"color: #000000;\"><span style=\"font-family: Arial, sans-serif;\"><span style=\"font-size: x-large;\">El Programa Nacional de Aprendizaje (PNA) del Inces Aragua se encuentra recibiendo los requisitos de incorporaci\u00f3n para j\u00f3venes con edades comprendidas entre 14 y 18 a\u00f1os. Este programa cumple con el lineamiento del Gobierno Nacional de brindar el primer empleo a la poblaci\u00f3n joven productiva, enlazados con el Plan Chamba Juvenil. <\/span><\/span><\/span><\/p>\n<p align=\"justify\">\n<p align=\"justify\"><span style=\"color: #000000;\"><span style=\"font-family: Arial, sans-serif;\"><span style=\"font-size: x-large;\">Los mismos son adiestrados en diferentes oficios calificados y desde el primer d\u00eda son absorbidos por las empresas seg\u00fan su especialidad. De esta manera tambi\u00e9n se da cumplimiento de la cuota de aprendices obligatoria establecida seg\u00fan la Ley. <\/span><\/span><\/span><\/p>\n<p align=\"justify\">\n<p align=\"justify\"><span style=\"color: #000000;\">\u201c<span style=\"font-family: Arial, sans-serif;\"><span style=\"font-size: x-large;\">Entre estos requisitos se encuentran: s\u00edntesis curricular, notas certificadas, copia de la c\u00e9dula de identidad, y copia del carnet de la patria por ambos lados\u201d, seg\u00fan inform\u00f3 la profesora Marieli Ramos, del \u00e1rea de asistente en administraci\u00f3n contable.<\/span><\/span><\/span><\/p>\n<p align=\"justify\"><img loading=\"lazy\" decoding=\"async\" class=\"aligncenter wp-image-32674 size-full\" src=\"http:\/\/www.inces.gob.ve\/wp-content\/uploads\/2019\/10\/INCES-PNA-mercado-del-trabajo-productivo1-.jpg\" alt=\"\" width=\"800\" height=\"450\" srcset=\"https:\/\/inces.gob.ve\/wp-content\/uploads\/2019\/10\/INCES-PNA-mercado-del-trabajo-productivo1-.jpg 800w, https:\/\/inces.gob.ve\/wp-content\/uploads\/2019\/10\/INCES-PNA-mercado-del-trabajo-productivo1--300x169.jpg 300w, https:\/\/inces.gob.ve\/wp-content\/uploads\/2019\/10\/INCES-PNA-mercado-del-trabajo-productivo1--768x432.jpg 768w\" sizes=\"auto, (max-width: 800px) 100vw, 800px\" \/><br \/>\n<span style=\"color: #000000;\"><span style=\"font-family: Arial, sans-serif;\"><span style=\"font-size: x-large;\">Estos j\u00f3venes cuentan con 17 meses de formaci\u00f3n te\u00f3rica y 17 meses m\u00e1s de pr\u00e1ctica para el perfeccionamiento de sus habilidades al tiempo que pasan a ser parte vital del mercado de trabajo. Cabe destacar que, durante su proceso de capacitaci\u00f3n, perciben el 75% del salario m\u00ednimo, pues son trabajadores en formaci\u00f3n.<\/span><\/span><\/span><\/p>\n<p align=\"justify\">\n<p align=\"justify\"><span style=\"color: #000000;\">\u201c<span style=\"font-family: Arial, sans-serif;\"><span style=\"font-size: x-large;\">Este programa se enmarca dentro de los principios del desarrollo integral de la naci\u00f3n, pues apoya en todos los niveles empresariales del Estado. Al mismo tiempo se mantiene actualizado al respecto de las necesidades formativas que requiere la patria, brindando hechos concretos de productividad\u201d, coment\u00f3 la Rhoxanna Castellanos, supervisora del PNA. <\/span><\/span><\/span><\/p>\n<p align=\"justify\"><img loading=\"lazy\" decoding=\"async\" class=\"aligncenter wp-image-32673 size-full\" src=\"http:\/\/www.inces.gob.ve\/wp-content\/uploads\/2019\/10\/INCES-PNA-mercado-del-trabajo-productivo2-.jpg\" alt=\"\" width=\"800\" height=\"450\" srcset=\"https:\/\/inces.gob.ve\/wp-content\/uploads\/2019\/10\/INCES-PNA-mercado-del-trabajo-productivo2-.jpg 800w, https:\/\/inces.gob.ve\/wp-content\/uploads\/2019\/10\/INCES-PNA-mercado-del-trabajo-productivo2--300x169.jpg 300w, https:\/\/inces.gob.ve\/wp-content\/uploads\/2019\/10\/INCES-PNA-mercado-del-trabajo-productivo2--768x432.jpg 768w\" sizes=\"auto, (max-width: 800px) 100vw, 800px\" \/><br \/>\n<span style=\"color: #000000;\"><span style=\"font-family: Arial, sans-serif;\"><span style=\"font-size: x-large;\">Para finalizar, la jefa de este programa, Isbelia Marquina, explic\u00f3 que \u201ctomando en cuenta como base al factor humano, el PNA es una herramienta de gran importancia para la formaci\u00f3n y autoformaci\u00f3n colectiva, integral, continua y permanente que se traduce en mejoramiento continuo del pa\u00eds para el fortalecimiento de alianzas estrat\u00e9gicas para el desarrollo.<\/span><\/span><\/span><\/p>\n","protected":false},"excerpt":{"rendered":"<p>** Desde el Inces Regi\u00f3n Aragua continuamente se consolida el desarrollo de la patria<\/p>\n","protected":false},"author":15,"featured_media":32672,"comment_status":"closed","ping_status":"closed","sticky":false,"template":"","format":"standard","meta":{"footnotes":""},"categories":[2],"tags":[],"class_list":["post-32671","post","type-post","status-publish","format-standard","has-post-thumbnail","hentry","category-blog"],"_links":{"self":[{"href":"https:\/\/inces.gob.ve\/index.php\/wp-json\/wp\/v2\/posts\/32671","targetHints":{"allow":["GET"]}}],"collection":[{"href":"https:\/\/inces.gob.ve\/index.php\/wp-json\/wp\/v2\/posts"}],"about":[{"href":"https:\/\/inces.gob.ve\/index.php\/wp-json\/wp\/v2\/types\/post"}],"author":[{"embeddable":true,"href":"https:\/\/inces.gob.ve\/index.php\/wp-json\/wp\/v2\/users\/15"}],"replies":[{"embeddable":true,"href":"https:\/\/inces.gob.ve\/index.php\/wp-json\/wp\/v2\/comments?post=32671"}],"version-history":[{"count":1,"href":"https:\/\/inces.gob.ve\/index.php\/wp-json\/wp\/v2\/posts\/32671\/revisions"}],"predecessor-version":[{"id":32675,"href":"https:\/\/inces.gob.ve\/index.php\/wp-json\/wp\/v2\/posts\/32671\/revisions\/32675"}],"wp:featuredmedia":[{"embeddable":true,"href":"https:\/\/inces.gob.ve\/index.php\/wp-json\/wp\/v2\/media\/32672"}],"wp:attachment":[{"href":"https:\/\/inces.gob.ve\/index.php\/wp-json\/wp\/v2\/media?parent=32671"}],"wp:term":[{"taxonomy":"category","embeddable":true,"href":"https:\/\/inces.gob.ve\/index.php\/wp-json\/wp\/v2\/categories?post=32671"},{"taxonomy":"post_tag","embeddable":true,"href":"https:\/\/inces.gob.ve\/index.php\/wp-json\/wp\/v2\/tags?post=32671"}],"curies":[{"name":"wp","href":"https:\/\/api.w.org\/{rel}","templated":true}]}}