{"id":32683,"date":"2019-10-25T11:05:12","date_gmt":"2019-10-25T17:05:12","guid":{"rendered":"http:\/\/www.inces.gob.ve\/?p=32683"},"modified":"2020-05-28T20:25:15","modified_gmt":"2020-05-29T00:25:15","slug":"carabobo-en-el-cfs-rafael-urdaneta-se-realizo-reunion-con-estudiantes-del-tecnologico-de-valencia","status":"publish","type":"post","link":"https:\/\/inces.gob.ve\/index.php\/2019\/10\/25\/carabobo-en-el-cfs-rafael-urdaneta-se-realizo-reunion-con-estudiantes-del-tecnologico-de-valencia\/","title":{"rendered":"CARABOBO | En el CFS Rafael Urdaneta se realiz\u00f3 reuni\u00f3n con estudiantes del Tecnol\u00f3gico de Valencia"},"content":{"rendered":"<p class=\"western\" align=\"justify\"><span style=\"font-family: ARIAL, sans-serif;\"><i><b>** La actividad es parte de la articulaci\u00f3n que viene realizando el Inces Carabobo con otras instituciones educativas <\/b><\/i><\/span><!--more--><\/p>\n<p class=\"western\" align=\"justify\">\n<p class=\"western\" align=\"justify\"><span style=\"font-family: ARIAL, sans-serif;\"><b>ATILIA CORTEZ<\/b><\/span><\/p>\n<p class=\"western\" align=\"justify\"><span style=\"font-family: ARIAL, sans-serif;\">En los espacios del centro de formaci\u00f3n socialista (CFS) Rafael Urdaneta, ubicado en el sector La Isabelica de Valencia, se llev\u00f3 a cabo una reuni\u00f3n con representantes del Centro de Estudiantes del Tecnol\u00f3gico de Valencia (Iuteval) a fin de articular procesos de formaci\u00f3n e intercambio de saberes y tecnolog\u00eda entre ambas instituciones.<\/span><\/p>\n<p align=\"justify\">\n<p class=\"western\" align=\"justify\"><span style=\"font-family: ARIAL, sans-serif;\">Entre las \u00e1reas propuestas que se pueden atender est\u00e1n: telecomunicaciones, inform\u00e1tica, redes, procesos qu\u00edmicos, electricidad y soldadura; adem\u00e1s del \u00e1rea productiva con la siembra de diversos rubros tanto en ambas instituciones, como en las comunidades adyacentes.<\/span><\/p>\n<p align=\"justify\">\n<p class=\"western\" align=\"justify\"><span style=\"font-family: ARIAL, sans-serif;\">Jos\u00e9 Daniel D\u00edaz Ortega, presidente del Centro de Estudiantes del Tecnol\u00f3gico de Valencia, expres\u00f3 que a partir de esta reuni\u00f3n \u201cque sostuvimos con el jefe del centro es primordial establecer qu\u00e9 podemos ofrecer desde la preparaci\u00f3n y formaci\u00f3n de nuestros estudiantes, y el Inces, a su vez, como puede certificarnos y acreditar nuestros saberes\u201d.<\/span><\/p>\n<p align=\"justify\">\n<p align=\"justify\"><img loading=\"lazy\" decoding=\"async\" class=\"aligncenter wp-image-32684 size-full\" src=\"http:\/\/www.inces.gob.ve\/wp-content\/uploads\/2019\/10\/Craabobo_dos.jpg\" alt=\"\" width=\"800\" height=\"780\" srcset=\"https:\/\/inces.gob.ve\/wp-content\/uploads\/2019\/10\/Craabobo_dos.jpg 800w, https:\/\/inces.gob.ve\/wp-content\/uploads\/2019\/10\/Craabobo_dos-300x293.jpg 300w, https:\/\/inces.gob.ve\/wp-content\/uploads\/2019\/10\/Craabobo_dos-768x749.jpg 768w\" sizes=\"auto, (max-width: 800px) 100vw, 800px\" \/><\/p>\n<p class=\"western\" align=\"justify\"><span style=\"font-family: ARIAL, sans-serif;\">D\u00edaz acot\u00f3 que \u201cla oferta acad\u00e9mica del Tecnol\u00f3gico de Valencia est\u00e1 orientada a la carreras de: pol\u00edmeros, qu\u00edmica, inform\u00e1tica y aunque tenemos una formaci\u00f3n acad\u00e9mica queremos enlazar con el Inces para obtener una formaci\u00f3n m\u00e1s r\u00e1pida y que los estudiantes se planteen que al egresar de la universidad pueden emprender su propia empresa\u201d<\/span><\/p>\n<p align=\"justify\">\n<p class=\"western\" align=\"justify\"><span style=\"font-family: ARIAL, sans-serif;\">Por su parte, Rosendo Yllarismendi, jefe del CFS Rafael Urdaneta, explic\u00f3: \u201cAqu\u00ed en el CFS tenemos profesores bien calificados y dispuestos a colaborar, tal como es el caso del \u00e1rea de telecomunicaciones, electricidad y soldadura donde aqu\u00ed se forma a los j\u00f3venes del Programa Nacional de Aprendiza, en la \u00e1reas antes mencionadas y otras m\u00e1s como es el caso de la cocina, que tambi\u00e9n tiene un grupo de aprendices\u201d<\/span><\/p>\n<p class=\"western\" align=\"justify\">\n","protected":false},"excerpt":{"rendered":"<p>** La actividad es parte de la articulaci\u00f3n que viene realizando el Inces Carabobo con otras instituciones educativas<\/p>\n","protected":false},"author":4,"featured_media":32685,"comment_status":"closed","ping_status":"open","sticky":false,"template":"","format":"standard","meta":{"footnotes":""},"categories":[2],"tags":[],"class_list":["post-32683","post","type-post","status-publish","format-standard","has-post-thumbnail","hentry","category-blog"],"_links":{"self":[{"href":"https:\/\/inces.gob.ve\/index.php\/wp-json\/wp\/v2\/posts\/32683","targetHints":{"allow":["GET"]}}],"collection":[{"href":"https:\/\/inces.gob.ve\/index.php\/wp-json\/wp\/v2\/posts"}],"about":[{"href":"https:\/\/inces.gob.ve\/index.php\/wp-json\/wp\/v2\/types\/post"}],"author":[{"embeddable":true,"href":"https:\/\/inces.gob.ve\/index.php\/wp-json\/wp\/v2\/users\/4"}],"replies":[{"embeddable":true,"href":"https:\/\/inces.gob.ve\/index.php\/wp-json\/wp\/v2\/comments?post=32683"}],"version-history":[{"count":1,"href":"https:\/\/inces.gob.ve\/index.php\/wp-json\/wp\/v2\/posts\/32683\/revisions"}],"predecessor-version":[{"id":32686,"href":"https:\/\/inces.gob.ve\/index.php\/wp-json\/wp\/v2\/posts\/32683\/revisions\/32686"}],"wp:featuredmedia":[{"embeddable":true,"href":"https:\/\/inces.gob.ve\/index.php\/wp-json\/wp\/v2\/media\/32685"}],"wp:attachment":[{"href":"https:\/\/inces.gob.ve\/index.php\/wp-json\/wp\/v2\/media?parent=32683"}],"wp:term":[{"taxonomy":"category","embeddable":true,"href":"https:\/\/inces.gob.ve\/index.php\/wp-json\/wp\/v2\/categories?post=32683"},{"taxonomy":"post_tag","embeddable":true,"href":"https:\/\/inces.gob.ve\/index.php\/wp-json\/wp\/v2\/tags?post=32683"}],"curies":[{"name":"wp","href":"https:\/\/api.w.org\/{rel}","templated":true}]}}