{"id":32687,"date":"2019-10-25T11:24:50","date_gmt":"2019-10-25T17:24:50","guid":{"rendered":"http:\/\/www.inces.gob.ve\/?p=32687"},"modified":"2020-05-28T20:25:15","modified_gmt":"2020-05-29T00:25:15","slug":"nueva-esparta-inces-forma-a-mas-de-30-asuntinos-en-panaderia-domestica","status":"publish","type":"post","link":"https:\/\/inces.gob.ve\/index.php\/2019\/10\/25\/nueva-esparta-inces-forma-a-mas-de-30-asuntinos-en-panaderia-domestica\/","title":{"rendered":"NUEVA ESPARTA | Inces forma a m\u00e1s de 30 asuntinos en Panader\u00eda Dom\u00e9stica"},"content":{"rendered":"<p><span style=\"font-family: arial, sans-serif;\"><i><b>** Con el apoyo del alcalde de Arismendi, Al\u00ed Romero, se logr\u00f3 la formaci\u00f3n<\/b><\/i><\/span><!--more--><\/p>\n<p>&nbsp;<\/p>\n<p><span style=\"font-family: arial, sans-serif;\"><b>FRANK M\u00c9NDEZ<\/b><\/span><\/p>\n<p><span style=\"font-family: arial, sans-serif;\">M\u00e1s de 30 participantes del curso Panificaci\u00f3n Dom\u00e9stica, dictado en la Casa de la Diversidad Cultural de La Asunci\u00f3n, recibieron sus constancias luego de culminar su formaci\u00f3n, la cual tuvo una duraci\u00f3n de 186 horas. El trayecto fue facilitado por la maestro t\u00e9cnico productivo (MTP), Yamileth Maita del centro de formaci\u00f3n socialista (CFS) Escuela-Hotel Guaraguao.<\/span><\/p>\n<p>&nbsp;<\/p>\n<p><span style=\"font-family: arial, sans-serif;\">Los participantes del curso realizaron la exposici\u00f3n de los productos elaborados en una amena actividad a la cual asisti\u00f3 el gerente regional del Inces, Alex Andarcia, y el alcalde de la municipalidad, Al\u00ed Romero, junto a otras personalidades.<\/span><\/p>\n<p>&nbsp;<\/p>\n<p><span style=\"font-family: arial, sans-serif;\">El gerente regional de ente acad\u00e9mico se\u00f1al\u00f3: \u201cEsta instituci\u00f3n les garantiza los derechos a todas las personas sin ning\u00fan tipo de limitaci\u00f3n para lograr su formaci\u00f3n. Todos estamos llamados a ser productivos y el Inces est\u00e1 para eso, para formar produciendo\u201d.<\/span><\/p>\n<p>&nbsp;<\/p>\n<p><img loading=\"lazy\" decoding=\"async\" class=\"aligncenter wp-image-32688 size-full\" src=\"http:\/\/www.inces.gob.ve\/wp-content\/uploads\/2019\/10\/Nueva_Esparta_Panader\u00eda_Inces.2.jpg\" alt=\"\" width=\"800\" height=\"600\" srcset=\"https:\/\/inces.gob.ve\/wp-content\/uploads\/2019\/10\/Nueva_Esparta_Panader\u00eda_Inces.2.jpg 800w, https:\/\/inces.gob.ve\/wp-content\/uploads\/2019\/10\/Nueva_Esparta_Panader\u00eda_Inces.2-300x225.jpg 300w, https:\/\/inces.gob.ve\/wp-content\/uploads\/2019\/10\/Nueva_Esparta_Panader\u00eda_Inces.2-768x576.jpg 768w, https:\/\/inces.gob.ve\/wp-content\/uploads\/2019\/10\/Nueva_Esparta_Panader\u00eda_Inces.2-136x102.jpg 136w\" sizes=\"auto, (max-width: 800px) 100vw, 800px\" \/><\/p>\n<p>&nbsp;<\/p>\n<p><span style=\"font-family: arial, sans-serif;\">Por su parte, el alcalde de Arismendi, Al\u00ed Romero, manifest\u00f3: \u201cVean lo bueno de la iniciativa de ustedes, lo bonito de estos productos, y lo maravilloso de estos cursos que imparte el Inces, esto les sirve para que ustedes sean productivos desde su casa y logren emprender un negocio\u201d.<\/span><\/p>\n<p>&nbsp;<\/p>\n<p><span style=\"font-family: arial, sans-serif;\">La se\u00f1ora Lourdes Garc\u00eda, participante con discapacidad motora, agradeci\u00f3 por la oportunidad que le brind\u00f3 la instituci\u00f3n a pesar de su condici\u00f3n, por lo que resalt\u00f3: \u201cEstoy contenta y muy agradecida con esta formaci\u00f3n, nunca me excluyeron ni me trataron diferente; adem\u00e1s, me siento orgullosa de haber logrado este objetivo ya que aprend\u00ed a crear mis panes yo misma\u201d.<\/span><\/p>\n<p>&nbsp;<\/p>\n<p><img loading=\"lazy\" decoding=\"async\" class=\"aligncenter wp-image-32689 size-large\" src=\"http:\/\/www.inces.gob.ve\/wp-content\/uploads\/2019\/10\/Nueva_Esparta_Panader\u00eda_Inces.1-1024x768.jpg\" alt=\"\" width=\"640\" height=\"480\" srcset=\"https:\/\/inces.gob.ve\/wp-content\/uploads\/2019\/10\/Nueva_Esparta_Panader\u00eda_Inces.1-1024x768.jpg 1024w, https:\/\/inces.gob.ve\/wp-content\/uploads\/2019\/10\/Nueva_Esparta_Panader\u00eda_Inces.1-300x225.jpg 300w, https:\/\/inces.gob.ve\/wp-content\/uploads\/2019\/10\/Nueva_Esparta_Panader\u00eda_Inces.1-768x576.jpg 768w, https:\/\/inces.gob.ve\/wp-content\/uploads\/2019\/10\/Nueva_Esparta_Panader\u00eda_Inces.1-136x102.jpg 136w, https:\/\/inces.gob.ve\/wp-content\/uploads\/2019\/10\/Nueva_Esparta_Panader\u00eda_Inces.1.jpg 1080w\" sizes=\"auto, (max-width: 640px) 100vw, 640px\" \/><\/p>\n<p>&nbsp;<\/p>\n<p>&nbsp;<\/p>\n","protected":false},"excerpt":{"rendered":"<p>** Con el apoyo del alcalde de Arismendi, Al\u00ed Romero, se logr\u00f3 la formaci\u00f3n<\/p>\n","protected":false},"author":4,"featured_media":32690,"comment_status":"closed","ping_status":"open","sticky":false,"template":"","format":"standard","meta":{"footnotes":""},"categories":[2],"tags":[],"class_list":["post-32687","post","type-post","status-publish","format-standard","has-post-thumbnail","hentry","category-blog"],"_links":{"self":[{"href":"https:\/\/inces.gob.ve\/index.php\/wp-json\/wp\/v2\/posts\/32687","targetHints":{"allow":["GET"]}}],"collection":[{"href":"https:\/\/inces.gob.ve\/index.php\/wp-json\/wp\/v2\/posts"}],"about":[{"href":"https:\/\/inces.gob.ve\/index.php\/wp-json\/wp\/v2\/types\/post"}],"author":[{"embeddable":true,"href":"https:\/\/inces.gob.ve\/index.php\/wp-json\/wp\/v2\/users\/4"}],"replies":[{"embeddable":true,"href":"https:\/\/inces.gob.ve\/index.php\/wp-json\/wp\/v2\/comments?post=32687"}],"version-history":[{"count":1,"href":"https:\/\/inces.gob.ve\/index.php\/wp-json\/wp\/v2\/posts\/32687\/revisions"}],"predecessor-version":[{"id":32691,"href":"https:\/\/inces.gob.ve\/index.php\/wp-json\/wp\/v2\/posts\/32687\/revisions\/32691"}],"wp:featuredmedia":[{"embeddable":true,"href":"https:\/\/inces.gob.ve\/index.php\/wp-json\/wp\/v2\/media\/32690"}],"wp:attachment":[{"href":"https:\/\/inces.gob.ve\/index.php\/wp-json\/wp\/v2\/media?parent=32687"}],"wp:term":[{"taxonomy":"category","embeddable":true,"href":"https:\/\/inces.gob.ve\/index.php\/wp-json\/wp\/v2\/categories?post=32687"},{"taxonomy":"post_tag","embeddable":true,"href":"https:\/\/inces.gob.ve\/index.php\/wp-json\/wp\/v2\/tags?post=32687"}],"curies":[{"name":"wp","href":"https:\/\/api.w.org\/{rel}","templated":true}]}}