{"id":32698,"date":"2019-10-25T12:36:02","date_gmt":"2019-10-25T18:36:02","guid":{"rendered":"http:\/\/www.inces.gob.ve\/?p=32698"},"modified":"2020-05-28T20:25:15","modified_gmt":"2020-05-29T00:25:15","slug":"tachira-motor-agroalimentario-es-impulsado-por-inces-industria","status":"publish","type":"post","link":"https:\/\/inces.gob.ve\/index.php\/2019\/10\/25\/tachira-motor-agroalimentario-es-impulsado-por-inces-industria\/","title":{"rendered":"T\u00c1CHIRA | Motor Agroalimentario es impulsado por Inces Industria"},"content":{"rendered":"<p class=\"western\" lang=\"es-VE\" align=\"justify\"><span style=\"font-family: arial, sans-serif;\"><i><b>** Todos a sembrar<\/b><\/i><\/span><!--more--><\/p>\n<p class=\"western\" lang=\"es-VE\" align=\"justify\"><span style=\"font-family: arial, sans-serif;\"><b><span lang=\"es-ES\">YOLIMA BOYAC\u00c1<\/span><\/b><\/span><\/p>\n<p class=\"western\" lang=\"es-VE\" align=\"justify\">Desde el centro de formaci\u00f3n socialista \u201cDr. Luis Beltr\u00e1n Prietro Figueroa\u201d, se di\u00f3 inicio a las diferentes formaciones en el \u00e1rea agr\u00edcola: Elaboraci\u00f3n de Bloques Nutricionales para Alimento y Cr\u00eda de Diversas Especies, destacando entre ellas: porcino, caprino, bovino, cun\u00edcula y aves; con el objetivo espec\u00edfico de promover la autogesti\u00f3n para la obtenci\u00f3n de alimentos concentrados, para aquellos productores que hacen vida laboral en el campo.<\/p>\n<p class=\"western\" lang=\"es-VE\" align=\"justify\">\n<p class=\"western\" lang=\"es-VE\" align=\"justify\">El coordinador del Programa Agr\u00edcola, Carlos Labrador, expuso que est\u00e1 disponibles distintas formaciones en materia agr\u00edcola, cunicultura, fabricaci\u00f3n de bloques nutricionales, fabricaci\u00f3n de m\u00e1quinas de uso agr\u00edcola. Asimismo la agricultura b\u00e1sica, certificaciones y acreditaciones en saberes emp\u00edricos relacionados con la misma \u00e1rea.<\/p>\n<p class=\"western\" lang=\"es-VE\" align=\"justify\">\n<p class=\"western\" lang=\"es-VE\" align=\"justify\">Por otra parte, Labrador manifest\u00f3 que se han venido realizando diversas visitas a instituciones educativas p\u00fablicas y privadas, con el fin de impulsar y promover la producci\u00f3n de alimentos de calidad para sustentar la necesidad en materia agroalimentaria y contrarrestar la guerra econ\u00f3mica que ha venido sufriendo nuestro pa\u00eds por las agresiones y sanciones impuestas por el imperio norteamericano.<\/p>\n<p lang=\"es-VE\" align=\"justify\">\n<p class=\"western\" lang=\"es-VE\" align=\"justify\"><a name=\"_GoBack\"><\/a> Para culminar, el coordinador hizo un llamado a la conciencia venezolana: \u201cTodos tenemos el deber y la obligaci\u00f3n de retomar todos los espacios existentes para poder lograr y garantizar la soberan\u00eda y seguridad alimentaria de la naci\u00f3n. No seguiremos siendo v\u00edctimas de la esclavitud moderna, la tierra es de quien la trabaja\u201d sentenci\u00f3.<\/p>\n<p class=\"western\" lang=\"es-VE\" align=\"justify\">\n","protected":false},"excerpt":{"rendered":"<p>** Todos a sembrar<\/p>\n","protected":false},"author":4,"featured_media":29430,"comment_status":"closed","ping_status":"open","sticky":false,"template":"","format":"standard","meta":{"footnotes":""},"categories":[2],"tags":[],"class_list":["post-32698","post","type-post","status-publish","format-standard","has-post-thumbnail","hentry","category-blog"],"_links":{"self":[{"href":"https:\/\/inces.gob.ve\/index.php\/wp-json\/wp\/v2\/posts\/32698","targetHints":{"allow":["GET"]}}],"collection":[{"href":"https:\/\/inces.gob.ve\/index.php\/wp-json\/wp\/v2\/posts"}],"about":[{"href":"https:\/\/inces.gob.ve\/index.php\/wp-json\/wp\/v2\/types\/post"}],"author":[{"embeddable":true,"href":"https:\/\/inces.gob.ve\/index.php\/wp-json\/wp\/v2\/users\/4"}],"replies":[{"embeddable":true,"href":"https:\/\/inces.gob.ve\/index.php\/wp-json\/wp\/v2\/comments?post=32698"}],"version-history":[{"count":5,"href":"https:\/\/inces.gob.ve\/index.php\/wp-json\/wp\/v2\/posts\/32698\/revisions"}],"predecessor-version":[{"id":32703,"href":"https:\/\/inces.gob.ve\/index.php\/wp-json\/wp\/v2\/posts\/32698\/revisions\/32703"}],"wp:featuredmedia":[{"embeddable":true,"href":"https:\/\/inces.gob.ve\/index.php\/wp-json\/wp\/v2\/media\/29430"}],"wp:attachment":[{"href":"https:\/\/inces.gob.ve\/index.php\/wp-json\/wp\/v2\/media?parent=32698"}],"wp:term":[{"taxonomy":"category","embeddable":true,"href":"https:\/\/inces.gob.ve\/index.php\/wp-json\/wp\/v2\/categories?post=32698"},{"taxonomy":"post_tag","embeddable":true,"href":"https:\/\/inces.gob.ve\/index.php\/wp-json\/wp\/v2\/tags?post=32698"}],"curies":[{"name":"wp","href":"https:\/\/api.w.org\/{rel}","templated":true}]}}