{"id":32715,"date":"2019-10-28T09:22:26","date_gmt":"2019-10-28T15:22:26","guid":{"rendered":"http:\/\/www.inces.gob.ve\/?p=32715"},"modified":"2020-05-28T20:25:15","modified_gmt":"2020-05-29T00:25:15","slug":"carabobo-socializacion-del-curso-de-panificacion-domestica-se-realizo-en-el-cfs-bicentenario","status":"publish","type":"post","link":"https:\/\/inces.gob.ve\/index.php\/2019\/10\/28\/carabobo-socializacion-del-curso-de-panificacion-domestica-se-realizo-en-el-cfs-bicentenario\/","title":{"rendered":"CARABOBO | Socializaci\u00f3n del curso de Panificaci\u00f3n Dom\u00e9stica se realiz\u00f3 en el CFS Bicentenario"},"content":{"rendered":"<p align=\"justify\"><span style=\"font-family: arial, sans-serif;\"><i><b>** Luego de 186 horas de duraci\u00f3n y de la coordinaci\u00f3n de la MTP Yolin Le\u00f3n y del PTP V\u00edctor Gonz\u00e1lez, 40 participantes culminaron la formaci\u00f3n, previa socializaci\u00f3n de lo aprendido, en el \u00e1rea de panader\u00eda <\/b><\/i><\/span><!--more--><\/p>\n<p align=\"justify\">\n<p align=\"justify\"><span style=\"font-family: arial, sans-serif;\"><b>ATILIA CORTEZ<\/b><\/span><\/p>\n<p align=\"justify\"><span style=\"font-family: arial, sans-serif;\">En el centro de formaci\u00f3n socialista (CFS) Bicentenario se llev\u00f3 a cabo la socializaci\u00f3n correspondiente al cierre del curso Panificaci\u00f3n Dom\u00e9stica, con 40 participantes, divididos en 2 grupos: turno ma\u00f1ana y tarde, bajo la a coordinaci\u00f3n de la maestra t\u00e9cnica productiva (MTP), Yolin Le\u00f3n y del promotor t\u00e9cnico productivo (PTP) V\u00edctor Gonz\u00e1lez. Asistieron a la actividad el jefe del centro, el gerente regional de Inces Carabobo y familiares de los participantes.<\/span><\/p>\n<p align=\"justify\">\n<p align=\"justify\"><span style=\"font-family: arial, sans-serif;\">En el curso los participantes aprendieron a elaborar los panes tradicionales como: campesino, siciliano, fr\u00e1nces, integral, dulce, de coco, de avena, de guayaba y de otros ingredientes alternativos tales como: papa, auyama,vegetales, calabac\u00edn y especies, entre otros.<\/span><\/p>\n<p align=\"justify\">\n<p align=\"justify\"><img loading=\"lazy\" decoding=\"async\" class=\"aligncenter wp-image-32721 size-full\" src=\"http:\/\/www.inces.gob.ve\/wp-content\/uploads\/2019\/10\/panaderia_inces12.jpg\" alt=\"\" width=\"800\" height=\"485\" srcset=\"https:\/\/inces.gob.ve\/wp-content\/uploads\/2019\/10\/panaderia_inces12.jpg 800w, https:\/\/inces.gob.ve\/wp-content\/uploads\/2019\/10\/panaderia_inces12-300x182.jpg 300w, https:\/\/inces.gob.ve\/wp-content\/uploads\/2019\/10\/panaderia_inces12-768x466.jpg 768w\" sizes=\"auto, (max-width: 800px) 100vw, 800px\" \/><\/p>\n<p align=\"justify\">\n<p align=\"justify\"><span style=\"font-family: arial, sans-serif;\">Es de destacar que dos participantes presentaron ante el p\u00fablico y autoridades Inces el himno del panadero que, seg\u00fan ello expresaron: \u201cEn una extensa investigaci\u00f3n que realizamos aqu\u00ed en Venezuela no existe este himno, es de nuestra autor\u00eda y letra\u201d. <\/span><\/p>\n<p align=\"justify\">\n<p align=\"justify\"><span style=\"font-family: arial, sans-serif;\">Guyen Soto, gerente regional de Inces Carabobo, dijo: \u201cAnte todos quiero darle gracias a nuestros PTP y MTP; sin ellos estas actividades no ser\u00edan posibles. Gracias por el amor que le imprimen a la formaci\u00f3n, acci\u00f3n que hoy se ve reflejada en el cari\u00f1o que expresan los participantes para con su formadores\u201d.<\/span><\/p>\n<p align=\"justify\">\n<img loading=\"lazy\" decoding=\"async\" class=\"aligncenter wp-image-32723 size-full\" src=\"http:\/\/www.inces.gob.ve\/wp-content\/uploads\/2019\/10\/Panaderia_inces01.jpg\" alt=\"\" width=\"800\" height=\"408\" srcset=\"https:\/\/inces.gob.ve\/wp-content\/uploads\/2019\/10\/Panaderia_inces01.jpg 800w, https:\/\/inces.gob.ve\/wp-content\/uploads\/2019\/10\/Panaderia_inces01-300x153.jpg 300w, https:\/\/inces.gob.ve\/wp-content\/uploads\/2019\/10\/Panaderia_inces01-768x392.jpg 768w\" sizes=\"auto, (max-width: 800px) 100vw, 800px\" \/><\/p>\n<p align=\"justify\">\n<p align=\"justify\"><span style=\"font-family: arial, sans-serif;\">Entre tanto, la participante Dinora Morales expres\u00f3: \u201cMe siento muy agradecida con el Inces Carabobo por esta oportunidad de aprender un oficio, y en mi caso, tener un perfil productivo y la idea de emprender un proyecto de venta de panes junto a otras compa\u00f1eras de la comunidad\u201d.<\/span><\/p>\n<p align=\"justify\">\n<p align=\"justify\"><span style=\"font-family: arial, sans-serif;\">Finalmente Soto agreg\u00f3: \u201cEs el Inces la \u00fanica instituci\u00f3n que tiene reconocimiento y validez internacional, quienes hoy reciben su certificaci\u00f3n en panader\u00eda es un panadero bien formado, no duden de ello; y que pueda a su vez iniciar un emprendimiento desde su hogar es una gran oportunidad\u201d.<\/span><\/p>\n","protected":false},"excerpt":{"rendered":"<p>** Luego de 186 horas de duraci\u00f3n y de la coordinaci\u00f3n de la MTP Yolin Le\u00f3n y del PTP V\u00edctor Gonz\u00e1lez, 40 participantes culminaron la formaci\u00f3n, previa socializaci\u00f3n de lo aprendido, en el \u00e1rea de panader\u00eda<\/p>\n","protected":false},"author":4,"featured_media":32722,"comment_status":"closed","ping_status":"open","sticky":false,"template":"","format":"standard","meta":{"footnotes":""},"categories":[2],"tags":[],"class_list":["post-32715","post","type-post","status-publish","format-standard","has-post-thumbnail","hentry","category-blog"],"_links":{"self":[{"href":"https:\/\/inces.gob.ve\/index.php\/wp-json\/wp\/v2\/posts\/32715","targetHints":{"allow":["GET"]}}],"collection":[{"href":"https:\/\/inces.gob.ve\/index.php\/wp-json\/wp\/v2\/posts"}],"about":[{"href":"https:\/\/inces.gob.ve\/index.php\/wp-json\/wp\/v2\/types\/post"}],"author":[{"embeddable":true,"href":"https:\/\/inces.gob.ve\/index.php\/wp-json\/wp\/v2\/users\/4"}],"replies":[{"embeddable":true,"href":"https:\/\/inces.gob.ve\/index.php\/wp-json\/wp\/v2\/comments?post=32715"}],"version-history":[{"count":1,"href":"https:\/\/inces.gob.ve\/index.php\/wp-json\/wp\/v2\/posts\/32715\/revisions"}],"predecessor-version":[{"id":32724,"href":"https:\/\/inces.gob.ve\/index.php\/wp-json\/wp\/v2\/posts\/32715\/revisions\/32724"}],"wp:featuredmedia":[{"embeddable":true,"href":"https:\/\/inces.gob.ve\/index.php\/wp-json\/wp\/v2\/media\/32722"}],"wp:attachment":[{"href":"https:\/\/inces.gob.ve\/index.php\/wp-json\/wp\/v2\/media?parent=32715"}],"wp:term":[{"taxonomy":"category","embeddable":true,"href":"https:\/\/inces.gob.ve\/index.php\/wp-json\/wp\/v2\/categories?post=32715"},{"taxonomy":"post_tag","embeddable":true,"href":"https:\/\/inces.gob.ve\/index.php\/wp-json\/wp\/v2\/tags?post=32715"}],"curies":[{"name":"wp","href":"https:\/\/api.w.org\/{rel}","templated":true}]}}