{"id":32803,"date":"2019-11-18T11:31:57","date_gmt":"2019-11-18T17:31:57","guid":{"rendered":"https:\/\/inces.gob.ve\/?p=32803"},"modified":"2020-05-28T20:25:15","modified_gmt":"2020-05-29T00:25:15","slug":"aragua-este-primero-de-noviembre-el-inces-aragueno-le-dio-la-bienvenida-a-la-navidad","status":"publish","type":"post","link":"https:\/\/inces.gob.ve\/index.php\/2019\/11\/18\/aragua-este-primero-de-noviembre-el-inces-aragueno-le-dio-la-bienvenida-a-la-navidad\/","title":{"rendered":"ARAGUA | Este primero de noviembre el Inces arag\u00fce\u00f1o le dio la bienvenida a la Navidad"},"content":{"rendered":"<p align=\"justify\"><span style=\"font-family: Arial, sans-serif;\"><span style=\"font-size: x-large;\"><i><b>** Desde sus espacios la m\u00fasica y la alegr\u00eda reinaron con el adorno respectivo de la \u00e9poca<\/b><\/i><\/span><\/span><\/p>\n<p align=\"justify\"><!--more--><\/p>\n<p align=\"justify\"><span style=\"font-family: Arial, sans-serif;\"><span style=\"font-size: x-large;\"><b>NINOSKA PATRIZ <\/b><\/span><\/span><\/p>\n<p align=\"justify\"><span style=\"font-family: Arial, sans-serif;\"><span style=\"font-size: x-large;\">Trabajadores, formadores, participantes y aprendices se unieron para recibir con agrado el comienzo de las festividades Navide\u00f1as. Entre gaitas y abrazos cada Unidad y Centro comenz\u00f3 a colocar los respectivos arreglos que dan color y acompa\u00f1an la emoci\u00f3n de las fiestas decembrinas.<\/span><\/span><\/p>\n<p align=\"justify\"><a name=\"m_-5142427910084210491_m_-5811587697816570297__GoBack\"><\/a> <span style=\"font-family: Arial, sans-serif;\"><span style=\"font-size: x-large;\">Una sana competencia en cuanto al arreglo de las puertas, tambi\u00e9n se promueve para motivar al personal en el desarrollo de sus habilidades creativas. Se destaca que: \u201cNo hay limitantes en cuanto a colores o uso de las formas. Lo m\u00e1s importante es cuanto entusiasmo y dedicaci\u00f3n se refleja\u201d, coment\u00f3 Tibisay Quintero, Asistente del Departamento de Inform\u00e1tica.<\/span><\/span><\/p>\n<p align=\"justify\"><span style=\"font-family: Arial, sans-serif;\"><span style=\"font-size: x-large;\"><img loading=\"lazy\" decoding=\"async\" class=\"aligncenter wp-image-32807 size-full\" src=\"https:\/\/inces.gob.ve\/wp-content\/uploads\/2019\/11\/Inces-dio-la-bienvenida-a-la-Navidad5-.jpg\" alt=\"\" width=\"800\" height=\"800\" srcset=\"https:\/\/inces.gob.ve\/wp-content\/uploads\/2019\/11\/Inces-dio-la-bienvenida-a-la-Navidad5-.jpg 800w, https:\/\/inces.gob.ve\/wp-content\/uploads\/2019\/11\/Inces-dio-la-bienvenida-a-la-Navidad5--150x150.jpg 150w, https:\/\/inces.gob.ve\/wp-content\/uploads\/2019\/11\/Inces-dio-la-bienvenida-a-la-Navidad5--300x300.jpg 300w, https:\/\/inces.gob.ve\/wp-content\/uploads\/2019\/11\/Inces-dio-la-bienvenida-a-la-Navidad5--768x768.jpg 768w\" sizes=\"auto, (max-width: 800px) 100vw, 800px\" \/><\/span><\/span><\/p>\n<p align=\"justify\"><span style=\"font-family: Arial, sans-serif;\"><span style=\"font-size: x-large;\">Del mismo modo, en conjunto con el Departamento de Cultura, se desarroll\u00f3 una Parrandita. La misma fue organizada entre los mismos trabajadores y los participantes de los talleres cortos para aprender a tocar instrumentos criollos. <\/span><\/span><\/p>\n<p align=\"justify\"><span style=\"font-family: Arial, sans-serif;\"><span style=\"font-size: x-large;\">As\u00ed mismo, los diferentes centros de formaci\u00f3n socialista (CFS), desde sus localidades, se unieron a la celebraci\u00f3n y con el esp\u00edritu propio de la \u00e9poca se hicieron sentir. Al respecto, por su parte, los recreadores Inces intervinieron agrupando a los m\u00e1s j\u00f3venes en actividades formativas y divertidas.<\/span><\/span><\/p>\n<p align=\"justify\"><span style=\"font-family: Arial, sans-serif;\"><span style=\"font-size: x-large;\"><img loading=\"lazy\" decoding=\"async\" class=\"aligncenter wp-image-32805 size-full\" src=\"https:\/\/inces.gob.ve\/wp-content\/uploads\/2019\/11\/Inces-dio-la-bienvenida-a-la-Navidad2-.jpg\" alt=\"\" width=\"800\" height=\"600\" srcset=\"https:\/\/inces.gob.ve\/wp-content\/uploads\/2019\/11\/Inces-dio-la-bienvenida-a-la-Navidad2-.jpg 800w, https:\/\/inces.gob.ve\/wp-content\/uploads\/2019\/11\/Inces-dio-la-bienvenida-a-la-Navidad2--300x225.jpg 300w, https:\/\/inces.gob.ve\/wp-content\/uploads\/2019\/11\/Inces-dio-la-bienvenida-a-la-Navidad2--768x576.jpg 768w, https:\/\/inces.gob.ve\/wp-content\/uploads\/2019\/11\/Inces-dio-la-bienvenida-a-la-Navidad2--136x102.jpg 136w\" sizes=\"auto, (max-width: 800px) 100vw, 800px\" \/><\/span><\/span><\/p>\n<p align=\"justify\"><span style=\"font-family: Arial, sans-serif;\"><span style=\"font-size: x-large;\">A su vez, inici\u00f3 el curso de Panader\u00eda con m\u00e1s de 20 participantes y realizando sus creaciones dulces y saladas, hicieron llegar a toda la estructura los aromas que van de la mano a la mesa venezolana con cari\u00f1o de generaci\u00f3n en generaci\u00f3n, de acuerdo con la profesora Suyin Berm\u00fadez del centro de formaci\u00f3n Turismo. <\/span><\/span><\/p>\n<p align=\"justify\"><span style=\"font-family: Arial, sans-serif;\"><span style=\"font-size: x-large;\">\u00a1Viva Venezuela y Feliz Navidad! se escuch\u00f3 en cada pasillo y esperando el veredicto de los m\u00e1s peque\u00f1os de la casa en cuanto a la belleza implementada, se continu\u00f3 con las actividades previstas, sin perder el objetivo que nos une: Producir-Formando. <\/span><\/span><\/p>\n<p align=\"justify\"><span style=\"font-family: Arial, sans-serif;\"><span style=\"font-size: x-large;\"><img loading=\"lazy\" decoding=\"async\" class=\"aligncenter wp-image-32806 \" src=\"https:\/\/inces.gob.ve\/wp-content\/uploads\/2019\/11\/Inces-dio-la-bienvenida-a-la-Navidad3-.jpg\" alt=\"\" width=\"634\" height=\"577\" srcset=\"https:\/\/inces.gob.ve\/wp-content\/uploads\/2019\/11\/Inces-dio-la-bienvenida-a-la-Navidad3-.jpg 800w, https:\/\/inces.gob.ve\/wp-content\/uploads\/2019\/11\/Inces-dio-la-bienvenida-a-la-Navidad3--300x273.jpg 300w, https:\/\/inces.gob.ve\/wp-content\/uploads\/2019\/11\/Inces-dio-la-bienvenida-a-la-Navidad3--768x699.jpg 768w\" sizes=\"auto, (max-width: 634px) 100vw, 634px\" \/><\/span><\/span><\/p>\n<p align=\"justify\">\u201c<span style=\"font-family: Arial, sans-serif;\"><span style=\"font-size: x-large;\">Recordemos que no s\u00f3lo en esta \u00e9poca, sino todo el a\u00f1o, los peque\u00f1os gestos y actitudes pueden hacer un gran cambio en nuestro d\u00eda a d\u00eda. Todos podemos proporcionar un m\u00ednimo de alegr\u00eda y comprensi\u00f3n a los que nos rodean\u201d, nos coment\u00f3 la Gerente Maxorisol Cumare. Y agreg\u00f3: \u201cDe este modo mantendremos siempre en alto el esp\u00edritu y la energ\u00eda positiva permanecer\u00e1 encendida en nuestros corazones para el bienestar de la Patria\u201d.<\/span><\/span><\/p>\n<p align=\"justify\">\n","protected":false},"excerpt":{"rendered":"<p>** Desde sus espacios la m\u00fasica y la alegr\u00eda reinaron con el adorno respectivo de la \u00e9poca<\/p>\n","protected":false},"author":15,"featured_media":32804,"comment_status":"closed","ping_status":"closed","sticky":false,"template":"","format":"standard","meta":{"footnotes":""},"categories":[2],"tags":[],"class_list":["post-32803","post","type-post","status-publish","format-standard","has-post-thumbnail","hentry","category-blog"],"_links":{"self":[{"href":"https:\/\/inces.gob.ve\/index.php\/wp-json\/wp\/v2\/posts\/32803","targetHints":{"allow":["GET"]}}],"collection":[{"href":"https:\/\/inces.gob.ve\/index.php\/wp-json\/wp\/v2\/posts"}],"about":[{"href":"https:\/\/inces.gob.ve\/index.php\/wp-json\/wp\/v2\/types\/post"}],"author":[{"embeddable":true,"href":"https:\/\/inces.gob.ve\/index.php\/wp-json\/wp\/v2\/users\/15"}],"replies":[{"embeddable":true,"href":"https:\/\/inces.gob.ve\/index.php\/wp-json\/wp\/v2\/comments?post=32803"}],"version-history":[{"count":2,"href":"https:\/\/inces.gob.ve\/index.php\/wp-json\/wp\/v2\/posts\/32803\/revisions"}],"predecessor-version":[{"id":32809,"href":"https:\/\/inces.gob.ve\/index.php\/wp-json\/wp\/v2\/posts\/32803\/revisions\/32809"}],"wp:featuredmedia":[{"embeddable":true,"href":"https:\/\/inces.gob.ve\/index.php\/wp-json\/wp\/v2\/media\/32804"}],"wp:attachment":[{"href":"https:\/\/inces.gob.ve\/index.php\/wp-json\/wp\/v2\/media?parent=32803"}],"wp:term":[{"taxonomy":"category","embeddable":true,"href":"https:\/\/inces.gob.ve\/index.php\/wp-json\/wp\/v2\/categories?post=32803"},{"taxonomy":"post_tag","embeddable":true,"href":"https:\/\/inces.gob.ve\/index.php\/wp-json\/wp\/v2\/tags?post=32803"}],"curies":[{"name":"wp","href":"https:\/\/api.w.org\/{rel}","templated":true}]}}