{"id":32824,"date":"2019-11-18T12:22:30","date_gmt":"2019-11-18T18:22:30","guid":{"rendered":"https:\/\/inces.gob.ve\/?p=32824"},"modified":"2020-05-28T20:25:15","modified_gmt":"2020-05-29T00:25:15","slug":"tachira-inces-establece-alianza-con-la-gran-mision-abastecimiento-soberano","status":"publish","type":"post","link":"https:\/\/inces.gob.ve\/index.php\/2019\/11\/18\/tachira-inces-establece-alianza-con-la-gran-mision-abastecimiento-soberano\/","title":{"rendered":"T\u00c1CHIRA | Inces establece alianza con la Gran Misi\u00f3n Abastecimiento Soberano"},"content":{"rendered":"<p class=\"western\" align=\"justify\" lang=\"es-VE\"><span style=\"font-family: Arial, sans-serif;\"><span style=\"font-size: x-large;\"><i><b>** Se emitieron certificados en Gastronom\u00eda, Insdustria y otros<\/b><\/i><\/span><\/span><\/p>\n<p class=\"western\" align=\"justify\" lang=\"es-VE\"><!--more--><\/p>\n<p class=\"western\" align=\"justify\" lang=\"es-VE\"><span style=\"font-family: Arial, sans-serif;\"><span style=\"font-size: x-large;\"><b>YOLIMA BOYAC\u00c1<\/b><\/span><\/span><\/p>\n<p class=\"western\" align=\"justify\" lang=\"es-VE\"><span style=\"font-family: Arial, sans-serif;\"><span style=\"font-size: x-large;\">Un total de 40 trabajadores de la Gran Misi\u00f3n Abastecimiento Soberano (GMAS) fueron certificados en el centro de formaci\u00f3n socialista \u201cDr. Luis Beltr\u00e1n Prieto Figueroa\u201d, en las \u00e1reas: Agr\u00edcola, Gastronom\u00eda, Industria y Construcci\u00f3n.<\/span><\/span><\/p>\n<p class=\"western\" align=\"justify\" lang=\"es-VE\">\n<p class=\"western\" align=\"justify\" lang=\"es-VE\"><a name=\"_GoBack\"><\/a> <span style=\"font-family: Arial, sans-serif;\"><span style=\"font-size: x-large;\">Asimismo se fortalecen las alianzas institucionales con el objetivo de fomentar, capacitar e intercambiar conocimientos en las diversas formaciones que brinda el Inces T\u00e1chira, logrando as\u00ed, aproximadamente, 200 certificaciones en la Gran misi\u00f3n abastecimiento soberano.<\/span><\/span><\/p>\n<p class=\"western\" align=\"justify\" lang=\"es-VE\"><span style=\"font-family: Arial, sans-serif;\"><span style=\"font-size: x-large;\"><img loading=\"lazy\" decoding=\"async\" class=\"aligncenter wp-image-32827 size-full\" src=\"https:\/\/inces.gob.ve\/wp-content\/uploads\/2019\/11\/Inces-Misi\u00f3n-Abastecimiento-Soberano-3-.jpeg\" alt=\"\" width=\"800\" height=\"822\" srcset=\"https:\/\/inces.gob.ve\/wp-content\/uploads\/2019\/11\/Inces-Misi\u00f3n-Abastecimiento-Soberano-3-.jpeg 800w, https:\/\/inces.gob.ve\/wp-content\/uploads\/2019\/11\/Inces-Misi\u00f3n-Abastecimiento-Soberano-3--292x300.jpeg 292w, https:\/\/inces.gob.ve\/wp-content\/uploads\/2019\/11\/Inces-Misi\u00f3n-Abastecimiento-Soberano-3--768x789.jpeg 768w, https:\/\/inces.gob.ve\/wp-content\/uploads\/2019\/11\/Inces-Misi\u00f3n-Abastecimiento-Soberano-3--747x768.jpeg 747w\" sizes=\"auto, (max-width: 800px) 100vw, 800px\" \/><\/span><\/span><\/p>\n<p class=\"western\" align=\"justify\" lang=\"es-VE\"><span style=\"font-family: Arial, sans-serif;\"><span style=\"font-size: x-large;\">El Inces tiene la disposici\u00f3n de trabajar con cualquier instituci\u00f3n p\u00fablica o privada que requiera de los programas impulsados por la instituci\u00f3n.<\/span><\/span><\/p>\n<p class=\"western\" align=\"justify\" lang=\"es-VE\">\n<p class=\"western\" align=\"justify\" lang=\"es-VE\"><span style=\"font-family: Arial, sans-serif;\"><span style=\"font-size: x-large;\">Al respecto, el gerente regional Geovanni Gonz\u00e1lez expres\u00f3: \u201cEstas alianzas permitir\u00e1n contribuir con el desarrollo productivo de la naci\u00f3n\u201d. A su vez, resalt\u00f3 la importancia que debe tener todo participante de asumir el compromiso formativo por el cual obtienen la acreditaci\u00f3n y certificaci\u00f3n de saberes emp\u00edricos en las distintas \u00e1reas, en las que se est\u00e1n formando. <\/span><\/span><\/p>\n<p class=\"western\" align=\"justify\" lang=\"es-VE\"><img loading=\"lazy\" decoding=\"async\" class=\"aligncenter wp-image-32826 size-full\" src=\"https:\/\/inces.gob.ve\/wp-content\/uploads\/2019\/11\/Inces-Misi\u00f3n-Abastecimiento-Soberano-2-.jpeg\" alt=\"\" width=\"800\" height=\"778\" srcset=\"https:\/\/inces.gob.ve\/wp-content\/uploads\/2019\/11\/Inces-Misi\u00f3n-Abastecimiento-Soberano-2-.jpeg 800w, https:\/\/inces.gob.ve\/wp-content\/uploads\/2019\/11\/Inces-Misi\u00f3n-Abastecimiento-Soberano-2--300x292.jpeg 300w, https:\/\/inces.gob.ve\/wp-content\/uploads\/2019\/11\/Inces-Misi\u00f3n-Abastecimiento-Soberano-2--768x747.jpeg 768w\" sizes=\"auto, (max-width: 800px) 100vw, 800px\" \/><\/p>\n<p class=\"western\" align=\"justify\" lang=\"es-VE\"><span style=\"font-family: Arial, sans-serif;\"><span style=\"font-size: x-large;\">Jos\u00e9 Berm\u00fadez, coordinador del GMAS; manifest\u00f3: \u201cAgradezco a la instituci\u00f3n por la jornada organizada a nuestros trabajadores, impulsando la educaci\u00f3n y el trabajo como una herramienta b\u00e1sica, que permita el crecimiento de los empleados que laboran en la empresa\u201d. <\/span><\/span><\/p>\n<p class=\"western\" align=\"justify\" lang=\"es-VE\">\n","protected":false},"excerpt":{"rendered":"<p>** Se emitieron certificados en Gastronom\u00eda, Insdustria y otros<\/p>\n","protected":false},"author":15,"featured_media":32825,"comment_status":"closed","ping_status":"closed","sticky":false,"template":"","format":"standard","meta":{"footnotes":""},"categories":[2],"tags":[],"class_list":["post-32824","post","type-post","status-publish","format-standard","has-post-thumbnail","hentry","category-blog"],"_links":{"self":[{"href":"https:\/\/inces.gob.ve\/index.php\/wp-json\/wp\/v2\/posts\/32824","targetHints":{"allow":["GET"]}}],"collection":[{"href":"https:\/\/inces.gob.ve\/index.php\/wp-json\/wp\/v2\/posts"}],"about":[{"href":"https:\/\/inces.gob.ve\/index.php\/wp-json\/wp\/v2\/types\/post"}],"author":[{"embeddable":true,"href":"https:\/\/inces.gob.ve\/index.php\/wp-json\/wp\/v2\/users\/15"}],"replies":[{"embeddable":true,"href":"https:\/\/inces.gob.ve\/index.php\/wp-json\/wp\/v2\/comments?post=32824"}],"version-history":[{"count":2,"href":"https:\/\/inces.gob.ve\/index.php\/wp-json\/wp\/v2\/posts\/32824\/revisions"}],"predecessor-version":[{"id":32829,"href":"https:\/\/inces.gob.ve\/index.php\/wp-json\/wp\/v2\/posts\/32824\/revisions\/32829"}],"wp:featuredmedia":[{"embeddable":true,"href":"https:\/\/inces.gob.ve\/index.php\/wp-json\/wp\/v2\/media\/32825"}],"wp:attachment":[{"href":"https:\/\/inces.gob.ve\/index.php\/wp-json\/wp\/v2\/media?parent=32824"}],"wp:term":[{"taxonomy":"category","embeddable":true,"href":"https:\/\/inces.gob.ve\/index.php\/wp-json\/wp\/v2\/categories?post=32824"},{"taxonomy":"post_tag","embeddable":true,"href":"https:\/\/inces.gob.ve\/index.php\/wp-json\/wp\/v2\/tags?post=32824"}],"curies":[{"name":"wp","href":"https:\/\/api.w.org\/{rel}","templated":true}]}}