{"id":32834,"date":"2019-12-02T13:22:33","date_gmt":"2019-12-02T19:22:33","guid":{"rendered":"https:\/\/inces.gob.ve\/?p=32834"},"modified":"2020-05-28T20:25:15","modified_gmt":"2020-05-29T00:25:15","slug":"merida-tributos-alcanzo-meta-trazadas-para-el-ano-2019","status":"publish","type":"post","link":"https:\/\/inces.gob.ve\/index.php\/2019\/12\/02\/merida-tributos-alcanzo-meta-trazadas-para-el-ano-2019\/","title":{"rendered":"M\u00c9RIDA | Tributos alcanz\u00f3 meta trazada para el a\u00f1o 2019"},"content":{"rendered":"<p align=\"justify\"><em><strong><span style=\"font-family: arial,sans-serif;\">** La oficina regional realiz\u00f3 gestiones de cobranzas de las deudas que presentan los contribuyentes, contenidas en los actos administrativos. As\u00ed mismo se cumplieron con las normas y procedimientos establecidos para el manejo y remisi\u00f3n de los documentos de los expedientes administrativos y de sumario<\/span><\/strong><\/em><!--more--><\/p>\n<p align=\"justify\">\n<p align=\"justify\"><strong><span style=\"font-family: arial,sans-serif;\">NADIA LOBO<\/span><\/strong><\/p>\n<p align=\"justify\"><span style=\"font-family: arial, sans-serif;\">La Unidad Estadal de Administraci\u00f3n Tributaria Inces M\u00e9rida present\u00f3 el informe de gesti\u00f3n correspondiente al a\u00f1o 2019, con un resultado favorable del cumplimiento de la meta establecida, conforme a las directrices emanadas de la Gerencia General de Tributos, de Fiscalizaci\u00f3n, Ley del Inces, C\u00f3digo Org\u00e1nico Tributario, entre otros instrumentos jur\u00eddicos.<\/span><\/p>\n<p align=\"justify\">\n<p align=\"justify\"><span style=\"font-family: arial, sans-serif;\">As\u00ed lo dio a conocer, Nathaly Blanco, responsable de la Unidad de Tributo en la entidad meride\u00f1a, quien destac\u00f3 que a pesar de las adversidades, la guerra econ\u00f3mica inducida y la falta de algunos servicios, la oficina logr\u00f3 ejecutar los procedimientos de verificaci\u00f3n, fiscalizaci\u00f3n y determinaci\u00f3n de los aportes parafiscales, practicados a las entidades de trabajo, as\u00ed como el cumplimiento de los lineamientos administrativos en el \u00e1rea de su competencia.<\/span><\/p>\n<p align=\"justify\">\n<p><img loading=\"lazy\" decoding=\"async\" class=\"aligncenter wp-image-32836 size-full\" src=\"https:\/\/www.inces.gob.ve\/wp-content\/uploads\/2019\/12\/m\u00e9rida_inces_tributos.jpg\" alt=\"\" width=\"532\" height=\"398\" srcset=\"https:\/\/inces.gob.ve\/wp-content\/uploads\/2019\/12\/m\u00e9rida_inces_tributos.jpg 532w, https:\/\/inces.gob.ve\/wp-content\/uploads\/2019\/12\/m\u00e9rida_inces_tributos-300x224.jpg 300w, https:\/\/inces.gob.ve\/wp-content\/uploads\/2019\/12\/m\u00e9rida_inces_tributos-136x102.jpg 136w\" sizes=\"auto, (max-width: 532px) 100vw, 532px\" \/><\/p>\n<p align=\"justify\"><span style=\"font-family: arial, sans-serif;\">Destac\u00f3 igualmente que la Unidad de Tributos realiz\u00f3 un despliegue de la fuerza fiscalizadora y con el apoyo del personal administrativo, para realizar censos, operativos de Verificaci\u00f3n \u201cIn Situ\u201d de Deberes Formales (VDF) y fiscalizaciones que comprende la auditor\u00eda fiscal a entidades de trabajo del sector privado y las empresas del Estado, dando cumplimiento a la meta establecida en la Programaci\u00f3n Fiscal del a\u00f1o 2019.<\/span><\/p>\n<p align=\"justify\">\n<p align=\"justify\"><span style=\"font-family: arial, sans-serif;\">Explic\u00f3 igualmente que, al inicio de a\u00f1o, <\/span><span style=\"font-family: arial, sans-serif;\">e<\/span><span style=\"font-family: arial, sans-serif;\">sta Unidad desarroll\u00f3 una campa\u00f1a de promoci\u00f3n y divulgaci\u00f3n a trav\u00e9s de los distintos medios de comunicaci\u00f3n y plataforma 2.0, as\u00ed como talleres, charlas y seminarios sobre el nuevo Sistema Nacional de Contribuciones Parafiscales (RNCP), en entidades de trabajo tanto p\u00fablicas como privadas, que permiti\u00f3 realizar inscripciones, tr\u00e1mites y solvencia.<\/span><\/p>\n<p align=\"justify\">\n<p align=\"justify\">\u201c<span style=\"font-family: arial, sans-serif;\">Seguimos comprometidos con nuestro equipo de trabajo para el a\u00f1o 2020 para duplicar la meta, y seguir desarrollando nuevas inscripciones, atendiendo entidades de trabajo en otros municipios de la entidad meride\u00f1a\u201d, <\/span><span style=\"font-family: arial, sans-serif;\">p<\/span><span style=\"font-family: arial, sans-serif;\">untualiz\u00f3 Blanco.<\/span><\/p>\n<p align=\"justify\">\n<p align=\"justify\">\n<p align=\"justify\">\n<p align=\"justify\">\n","protected":false},"excerpt":{"rendered":"<p>** La oficina regional realiz\u00f3 gestiones de cobranzas de las deudas que presentan los contribuyentes, contenidas en los actos administrativos. As\u00ed mismo se cumplieron con las normas y procedimientos establecidos para el manejo y remisi\u00f3n de los documentos de los expedientes administrativos y de sumario<\/p>\n","protected":false},"author":4,"featured_media":32835,"comment_status":"closed","ping_status":"open","sticky":false,"template":"","format":"standard","meta":{"footnotes":""},"categories":[2],"tags":[],"class_list":["post-32834","post","type-post","status-publish","format-standard","has-post-thumbnail","hentry","category-blog"],"_links":{"self":[{"href":"https:\/\/inces.gob.ve\/index.php\/wp-json\/wp\/v2\/posts\/32834","targetHints":{"allow":["GET"]}}],"collection":[{"href":"https:\/\/inces.gob.ve\/index.php\/wp-json\/wp\/v2\/posts"}],"about":[{"href":"https:\/\/inces.gob.ve\/index.php\/wp-json\/wp\/v2\/types\/post"}],"author":[{"embeddable":true,"href":"https:\/\/inces.gob.ve\/index.php\/wp-json\/wp\/v2\/users\/4"}],"replies":[{"embeddable":true,"href":"https:\/\/inces.gob.ve\/index.php\/wp-json\/wp\/v2\/comments?post=32834"}],"version-history":[{"count":2,"href":"https:\/\/inces.gob.ve\/index.php\/wp-json\/wp\/v2\/posts\/32834\/revisions"}],"predecessor-version":[{"id":32838,"href":"https:\/\/inces.gob.ve\/index.php\/wp-json\/wp\/v2\/posts\/32834\/revisions\/32838"}],"wp:featuredmedia":[{"embeddable":true,"href":"https:\/\/inces.gob.ve\/index.php\/wp-json\/wp\/v2\/media\/32835"}],"wp:attachment":[{"href":"https:\/\/inces.gob.ve\/index.php\/wp-json\/wp\/v2\/media?parent=32834"}],"wp:term":[{"taxonomy":"category","embeddable":true,"href":"https:\/\/inces.gob.ve\/index.php\/wp-json\/wp\/v2\/categories?post=32834"},{"taxonomy":"post_tag","embeddable":true,"href":"https:\/\/inces.gob.ve\/index.php\/wp-json\/wp\/v2\/tags?post=32834"}],"curies":[{"name":"wp","href":"https:\/\/api.w.org\/{rel}","templated":true}]}}