{"id":32857,"date":"2019-12-03T13:30:36","date_gmt":"2019-12-03T19:30:36","guid":{"rendered":"https:\/\/inces.gob.ve\/?p=32857"},"modified":"2020-05-28T20:34:41","modified_gmt":"2020-05-29T00:34:41","slug":"trujillo-12-079-mesas-sillas-fueron-reparadas-en-2019","status":"publish","type":"post","link":"https:\/\/inces.gob.ve\/index.php\/2019\/12\/03\/trujillo-12-079-mesas-sillas-fueron-reparadas-en-2019\/","title":{"rendered":"TRUJILLO | 12.079 mesas &#8211; sillas fueron reparadas en 2019"},"content":{"rendered":"<p class=\"western\" align=\"justify\"><span style=\"font-family: arial, serif;\"><i><b>** En alianza perfecta, el Inces y la gobernaci\u00f3n del estado Trujillo atendieron 190 instituciones educativas <\/b><\/i><\/span><!--more--><\/p>\n<p class=\"western\" align=\"justify\"><span style=\"font-family: arial, serif;\">El Inces, ente rector del Plan Nacional de Recuperaci\u00f3n de Mesa &#8211; Silla, se aboc\u00f3 a las diferentes instituciones escuelas y liceos durante el a\u00f1o 2019, en 15 municipios de la entidad trujillana.<\/span><\/p>\n<p align=\"justify\">\n<p class=\"western\" align=\"justify\"><span style=\"font-family: arial, serif;\">Ang\u00e9lica Mor\u00f3n, gerente regional del Inces Trujillo, explic\u00f3 que el \u00e9xito de este plan en el estado se debe al aporte econ\u00f3mico realizado por el ciudadano gobernador G\/J Henry de Jes\u00fas Rangel Silva, por la cantidad de Bs. 46.695.100,00, para poder cumplir con las directrices del Ministerio del Poder Popular para la Educaci\u00f3n.<\/span><\/p>\n<p align=\"justify\"><img loading=\"lazy\" decoding=\"async\" class=\"aligncenter wp-image-32859 size-full\" src=\"https:\/\/www.inces.gob.ve\/wp-content\/uploads\/2019\/12\/images.jpg\" alt=\"\" width=\"290\" height=\"174\" \/><\/p>\n<p class=\"western\" align=\"justify\"><span style=\"font-family: arial, serif;\">Mor\u00f3n destac\u00f3 que este trabajo se realiz\u00f3 en articulaci\u00f3n con la Zona Educativa, FEDE, Direcci\u00f3n de Educaci\u00f3n de la Gobernaci\u00f3n y las Brigadas Productivas Inces en un primer momento. En el eje panamericano se desarroll\u00f3 en articulaci\u00f3n con la milicia bolivariana, prefectos, padres y representantes, brigada Moral y Luces, Chamba Juvenil, Bus Trujillo y Gran Misi\u00f3n Saber y Trabajo.<\/span><\/p>\n<p align=\"justify\">\n<p class=\"western\" align=\"justify\"><span style=\"font-family: arial, serif;\">Tambi\u00e9n es propicio reconocer a los alcaldes de los municipios Miranda, Monte Carmelo y la alcaldesa de municipio Andr\u00e9s Bello por su apoyo.<\/span><\/p>\n<p align=\"justify\">\n<p class=\"western\" align=\"justify\">\u201c<span style=\"font-family: arial, serif;\">Hemos recuperado 12.079 Mesas Sillas, como tambi\u00e9n mobiliario de oficinas y trabajos de herrer\u00eda\u201d, indic\u00f3 la gerente regional.<\/span><\/p>\n<p align=\"justify\">\n<p class=\"western\" align=\"justify\"><span style=\"font-family: arial, serif;\">Con la ejecuci\u00f3n de este plan no solo se tributa a las metas nacionales, sino que tambi\u00e9n se atienden las necesidades propias de la regi\u00f3n, dijo finalmente Ang\u00e9lica Mor\u00f3n.<\/span><\/p>\n<p class=\"western\" align=\"justify\">\n","protected":false},"excerpt":{"rendered":"<p>** En alianza perfecta, el Inces y la gobernaci\u00f3n del estado Trujillo atendieron 190 instituciones educativas<\/p>\n","protected":false},"author":15,"featured_media":32858,"comment_status":"closed","ping_status":"open","sticky":false,"template":"","format":"standard","meta":{"footnotes":""},"categories":[2],"tags":[],"class_list":["post-32857","post","type-post","status-publish","format-standard","has-post-thumbnail","hentry","category-blog"],"_links":{"self":[{"href":"https:\/\/inces.gob.ve\/index.php\/wp-json\/wp\/v2\/posts\/32857","targetHints":{"allow":["GET"]}}],"collection":[{"href":"https:\/\/inces.gob.ve\/index.php\/wp-json\/wp\/v2\/posts"}],"about":[{"href":"https:\/\/inces.gob.ve\/index.php\/wp-json\/wp\/v2\/types\/post"}],"author":[{"embeddable":true,"href":"https:\/\/inces.gob.ve\/index.php\/wp-json\/wp\/v2\/users\/15"}],"replies":[{"embeddable":true,"href":"https:\/\/inces.gob.ve\/index.php\/wp-json\/wp\/v2\/comments?post=32857"}],"version-history":[{"count":1,"href":"https:\/\/inces.gob.ve\/index.php\/wp-json\/wp\/v2\/posts\/32857\/revisions"}],"predecessor-version":[{"id":32860,"href":"https:\/\/inces.gob.ve\/index.php\/wp-json\/wp\/v2\/posts\/32857\/revisions\/32860"}],"wp:featuredmedia":[{"embeddable":true,"href":"https:\/\/inces.gob.ve\/index.php\/wp-json\/wp\/v2\/media\/32858"}],"wp:attachment":[{"href":"https:\/\/inces.gob.ve\/index.php\/wp-json\/wp\/v2\/media?parent=32857"}],"wp:term":[{"taxonomy":"category","embeddable":true,"href":"https:\/\/inces.gob.ve\/index.php\/wp-json\/wp\/v2\/categories?post=32857"},{"taxonomy":"post_tag","embeddable":true,"href":"https:\/\/inces.gob.ve\/index.php\/wp-json\/wp\/v2\/tags?post=32857"}],"curies":[{"name":"wp","href":"https:\/\/api.w.org\/{rel}","templated":true}]}}