{"id":32876,"date":"2019-12-09T13:14:45","date_gmt":"2019-12-09T19:14:45","guid":{"rendered":"https:\/\/inces.gob.ve\/?p=32876"},"modified":"2020-05-28T20:25:14","modified_gmt":"2020-05-29T00:25:14","slug":"aragua-inces-formo-en-lenguaje-de-senas-venezolanas-a-35-trabajadoras-del-senifa","status":"publish","type":"post","link":"https:\/\/inces.gob.ve\/index.php\/2019\/12\/09\/aragua-inces-formo-en-lenguaje-de-senas-venezolanas-a-35-trabajadoras-del-senifa\/","title":{"rendered":"ARAGUA | Inces form\u00f3 en Lenguaje de Se\u00f1as Venezolanas a 35 trabajadoras del Senifa"},"content":{"rendered":"<p align=\"justify\"><span style=\"font-family: Arial, sans-serif;\"><i><b>** Los profesores Orlando Polo y Reinaldo Navarro (con discapacidad auditiva) adscritos a la Unidad Educativa Inces Aragua; fueron los encargados de dictar la formaci\u00f3n en el nivel b\u00e1sico<\/b><\/i><\/span><!--more--><\/p>\n<p align=\"justify\">\n<p align=\"justify\"><span style=\"font-family: Arial, sans-serif;\"><b>MAR\u00cdA MOLINA <\/b><\/span><\/p>\n<p align=\"justify\"><span style=\"font-family: Arial, sans-serif;\">Como parte de la conmemoraci\u00f3n del <a href=\"https:\/\/es.wikipedia.org\/wiki\/D%C3%ADa_Internacional_de_las_Personas_con_Discapacidad\"><b>D\u00eda Internacional de las Personas con Discapacidad,<\/b><\/a> las madres integrales del Servicio Nacional Aut\u00f3nomo de Atenci\u00f3n Integral a la Infancia y la Familia <b>(Senifa)<\/b>, en Aragua, finalizaron el <b>taller de Lenguaje de Se\u00f1as Venezolanas.<\/b><\/span><\/p>\n<p align=\"justify\">\n<p align=\"justify\"><span style=\"font-family: Arial, sans-serif;\">Durante 20 horas, los profesores Orlando Polo y Reinaldo Navarro fueron los encargados de dictar la formaci\u00f3n en el nivel b\u00e1sico a madres integrales, supervisoras y personal obrero del Senifa.<\/span><\/p>\n<p align=\"justify\">\n<p align=\"justify\"><span style=\"font-family: Arial, sans-serif;\">Sobre la formaci\u00f3n, la supervisora en Giradot, Eva Graterol, expres\u00f3: \u201cEsta experiencia nos ayuda a nosotras a comunicarnos con los ni\u00f1os y padres que tienen este tipo de discapacidad; pues <b>la intenci\u00f3n es la inclusi\u00f3n<\/b>\u201d.<\/span><\/p>\n<p align=\"justify\">\n<p align=\"justify\"><span style=\"font-family: Arial, sans-serif;\">Por otra parte, la madre integral Yanna Linares, coment\u00f3 sobre su experiencia en el taller: \u201cEs un conocimiento para todas; adem\u00e1s de visibilizar el esfuerzo del personal que labora en el programa\u201d.<\/span><\/p>\n<p align=\"justify\">\n<p align=\"justify\"><span style=\"font-family: Arial, sans-serif;\">Asimismo, la tambi\u00e9n madre integral Marlin Mejias, relat\u00f3 que su paso por esta formaci\u00f3n fue una excelente experiencia; en la cual cada una recogi\u00f3 poco a poco los conocimientos necesarios.<\/span><\/p>\n<p align=\"justify\">\n<p align=\"justify\"><span style=\"font-family: Arial, sans-serif;\">El grupo coincidi\u00f3 en que las personas con esa condici\u00f3n son maravillosas y agradecieron a los profesores y a la directiva del Senifa por ense\u00f1arles sobre esta \u00e1rea.<\/span><\/p>\n<p align=\"justify\">\n<p align=\"justify\"><span style=\"font-family: Arial, sans-serif;\">Polo resalt\u00f3 que durante las pr\u00e1cticas realizaron obras de teatro y utilizaron canciones para que las trabajadores aprendiera de manera did\u00e1ctica y divertida.<\/span><\/p>\n<p align=\"justify\">\n<p align=\"justify\"><span style=\"font-family: Arial, sans-serif;\">En la socializaci\u00f3n de cierre del taller, las 35 mujeres quienes a diario atienden a ni\u00f1os, ni\u00f1as y padres con alguna discapacidad; <b>cantaron en lenguaje de se\u00f1as \u00abMi Burrito Sabanero\u00bb, con motivo de la \u00e9poca navide\u00f1a<\/b>.<\/span><\/p>\n<p align=\"justify\">\n<p align=\"justify\">\n<p align=\"justify\">\n","protected":false},"excerpt":{"rendered":"<p>** Los profesores Orlando Polo y Reinaldo Navarro (con discapacidad auditiva) adscritos a la Unidad Educativa Inces Aragua; fueron los encargados de dictar la formaci\u00f3n en el nivel b\u00e1sico<\/p>\n","protected":false},"author":4,"featured_media":32877,"comment_status":"closed","ping_status":"open","sticky":false,"template":"","format":"standard","meta":{"footnotes":""},"categories":[2],"tags":[],"class_list":["post-32876","post","type-post","status-publish","format-standard","has-post-thumbnail","hentry","category-blog"],"_links":{"self":[{"href":"https:\/\/inces.gob.ve\/index.php\/wp-json\/wp\/v2\/posts\/32876","targetHints":{"allow":["GET"]}}],"collection":[{"href":"https:\/\/inces.gob.ve\/index.php\/wp-json\/wp\/v2\/posts"}],"about":[{"href":"https:\/\/inces.gob.ve\/index.php\/wp-json\/wp\/v2\/types\/post"}],"author":[{"embeddable":true,"href":"https:\/\/inces.gob.ve\/index.php\/wp-json\/wp\/v2\/users\/4"}],"replies":[{"embeddable":true,"href":"https:\/\/inces.gob.ve\/index.php\/wp-json\/wp\/v2\/comments?post=32876"}],"version-history":[{"count":1,"href":"https:\/\/inces.gob.ve\/index.php\/wp-json\/wp\/v2\/posts\/32876\/revisions"}],"predecessor-version":[{"id":32878,"href":"https:\/\/inces.gob.ve\/index.php\/wp-json\/wp\/v2\/posts\/32876\/revisions\/32878"}],"wp:featuredmedia":[{"embeddable":true,"href":"https:\/\/inces.gob.ve\/index.php\/wp-json\/wp\/v2\/media\/32877"}],"wp:attachment":[{"href":"https:\/\/inces.gob.ve\/index.php\/wp-json\/wp\/v2\/media?parent=32876"}],"wp:term":[{"taxonomy":"category","embeddable":true,"href":"https:\/\/inces.gob.ve\/index.php\/wp-json\/wp\/v2\/categories?post=32876"},{"taxonomy":"post_tag","embeddable":true,"href":"https:\/\/inces.gob.ve\/index.php\/wp-json\/wp\/v2\/tags?post=32876"}],"curies":[{"name":"wp","href":"https:\/\/api.w.org\/{rel}","templated":true}]}}