{"id":32906,"date":"2019-12-10T08:09:22","date_gmt":"2019-12-10T14:09:22","guid":{"rendered":"https:\/\/inces.gob.ve\/?p=32906"},"modified":"2020-05-28T20:25:14","modified_gmt":"2020-05-29T00:25:14","slug":"carabobo-inces-capacita-a-23-jovenes-en-pymes-y-almacen","status":"publish","type":"post","link":"https:\/\/inces.gob.ve\/index.php\/2019\/12\/10\/carabobo-inces-capacita-a-23-jovenes-en-pymes-y-almacen\/","title":{"rendered":"CARABOBO | Inces capacita a 23 j\u00f3venes en Pymes y Almac\u00e9n"},"content":{"rendered":"<p align=\"justify\"><em><span style=\"font-family: Arial,sans-serif;\"><b>** Experiencia fruct\u00edfera en funci\u00f3n de aportar en la construcci\u00f3n de las empresas as\u00ed como el empuje de <\/b><\/span><span style=\"font-family: Arial,sans-serif;\"><b>e<\/b><\/span><span style=\"font-family: Arial,sans-serif;\"><b>mprendimientos relacionados con el sector aliment<\/b><\/span><span style=\"font-family: Arial,sans-serif;\"><b>ario<\/b><\/span><\/em><!--more--><\/p>\n<p align=\"justify\"><span style=\"font-family: Arial,sans-serif;\"><b>VANESSA GONZ\u00c1LEZ<\/b><\/span><\/p>\n<p align=\"justify\"><span style=\"font-family: Arial,sans-serif;\">Un <\/span><span style=\"font-family: Arial,sans-serif;\">total de<\/span><span style=\"font-family: Arial,sans-serif;\"> 23 participantes ya pueden ejercer funciones inherentes a administraci\u00f3n y almac\u00e9n, con la reciente culminaci\u00f3n de cursos ordinarios que lleva a cabo el Inces Carabobo.<\/span><\/p>\n<p align=\"justify\">\n<p align=\"justify\"><span style=\"font-family: Arial,sans-serif;\">La maestro t\u00e9cnico productivo (MTP), Elis Minet Ortega, inform\u00f3 que durante dos meses y medio llevaron a cabo la formaci\u00f3n <\/span><span style=\"font-family: Arial,sans-serif;\">en Almac\u00e9n<\/span><span style=\"font-family: Arial,sans-serif;\">, cuya experiencia <\/span><span style=\"font-family: Arial,sans-serif;\">fue <\/span><span style=\"font-family: Arial,sans-serif;\">fruct\u00edfera en funci\u00f3n de aportar en la construcci\u00f3n de las empresas.<\/span><\/p>\n<p align=\"justify\">\n<p align=\"justify\"><span style=\"font-family: Arial,sans-serif;\">Recientemente, los j\u00f3venes expusieron lo aprendido en el centro de formaci\u00f3n socialista (CFS) Luis Beltr\u00e1n Prieto Figueroa, ubicado en el sector Los Colorados del municipio Valencia.<\/span><\/p>\n<p align=\"justify\">\n<p align=\"justify\"><span style=\"font-family: Arial,sans-serif;\">Asimismo, una parte de los participantes de ambos cursos de Almac\u00e9n y de las Peque\u00f1as y Medianas Empresas (Pymes) exhibieron parte de sus futuros emprendimientos relacionados con el sector alimenticio como pizzas, tortas, pasteles rellenos, cremas, as\u00ed como tambi\u00e9n de producci\u00f3n editorial (promoci\u00f3n de la lectura).<\/span><\/p>\n<p align=\"justify\">\n<p align=\"justify\"><span style=\"font-family: Arial,sans-serif;\"><b>Pr\u00f3xima recepci\u00f3n en enero<\/b><\/span><\/p>\n<p align=\"justify\"><span style=\"font-family: Arial,sans-serif;\">Del mismo modo, adelant\u00f3 que a partir del 15 de enero, cuando se retomen las actividades, estar\u00e1n abiertas las inscripciones para ambas formaciones que supera<\/span><span style=\"font-family: Arial,sans-serif;\">n<\/span><span style=\"font-family: Arial,sans-serif;\"> las 200 horas cada una. <\/span><\/p>\n<p align=\"justify\">\n<p align=\"justify\"><span style=\"font-family: Arial,sans-serif;\">En esa l<\/span><span style=\"font-family: Arial,sans-serif;\">\u00ed<\/span><span style=\"font-family: Arial,sans-serif;\">nea, los interesados deben ser mayores de 15 a\u00f1os, presentar la c\u00e9dula de identidad y una autorizaci\u00f3n firmada por su representante. <\/span><\/p>\n<p align=\"justify\">\n","protected":false},"excerpt":{"rendered":"<p>** Experiencia fruct\u00edfera en funci\u00f3n de aportar en la construcci\u00f3n de las empresas as\u00ed como el empuje de emprendimientos relacionados con el sector alimentario<\/p>\n","protected":false},"author":4,"featured_media":32907,"comment_status":"closed","ping_status":"open","sticky":false,"template":"","format":"standard","meta":{"footnotes":""},"categories":[2],"tags":[79],"class_list":["post-32906","post","type-post","status-publish","format-standard","has-post-thumbnail","hentry","category-blog","tag-carabobo-almacen-entidadesdetrabajo-inscripciones"],"_links":{"self":[{"href":"https:\/\/inces.gob.ve\/index.php\/wp-json\/wp\/v2\/posts\/32906","targetHints":{"allow":["GET"]}}],"collection":[{"href":"https:\/\/inces.gob.ve\/index.php\/wp-json\/wp\/v2\/posts"}],"about":[{"href":"https:\/\/inces.gob.ve\/index.php\/wp-json\/wp\/v2\/types\/post"}],"author":[{"embeddable":true,"href":"https:\/\/inces.gob.ve\/index.php\/wp-json\/wp\/v2\/users\/4"}],"replies":[{"embeddable":true,"href":"https:\/\/inces.gob.ve\/index.php\/wp-json\/wp\/v2\/comments?post=32906"}],"version-history":[{"count":1,"href":"https:\/\/inces.gob.ve\/index.php\/wp-json\/wp\/v2\/posts\/32906\/revisions"}],"predecessor-version":[{"id":32908,"href":"https:\/\/inces.gob.ve\/index.php\/wp-json\/wp\/v2\/posts\/32906\/revisions\/32908"}],"wp:featuredmedia":[{"embeddable":true,"href":"https:\/\/inces.gob.ve\/index.php\/wp-json\/wp\/v2\/media\/32907"}],"wp:attachment":[{"href":"https:\/\/inces.gob.ve\/index.php\/wp-json\/wp\/v2\/media?parent=32906"}],"wp:term":[{"taxonomy":"category","embeddable":true,"href":"https:\/\/inces.gob.ve\/index.php\/wp-json\/wp\/v2\/categories?post=32906"},{"taxonomy":"post_tag","embeddable":true,"href":"https:\/\/inces.gob.ve\/index.php\/wp-json\/wp\/v2\/tags?post=32906"}],"curies":[{"name":"wp","href":"https:\/\/api.w.org\/{rel}","templated":true}]}}