{"id":32917,"date":"2019-12-10T08:34:28","date_gmt":"2019-12-10T14:34:28","guid":{"rendered":"https:\/\/inces.gob.ve\/?p=32917"},"modified":"2020-05-28T20:25:14","modified_gmt":"2020-05-29T00:25:14","slug":"falcon-jovenes-se-forman-en-mecanica-automotriz","status":"publish","type":"post","link":"https:\/\/inces.gob.ve\/index.php\/2019\/12\/10\/falcon-jovenes-se-forman-en-mecanica-automotriz\/","title":{"rendered":"FALC\u00d3N | J\u00f3venes se forman en Mec\u00e1nica Automotriz"},"content":{"rendered":"<p class=\"arial-western\" align=\"justify\"><i><b>** Aprendieron un oficio que impulsa el motor industrial en la regi\u00f3n y en el pa\u00eds <\/b><\/i><!--more--><\/p>\n<p align=\"justify\">\n<p class=\"arial-western\" align=\"justify\"><b>MIRIAM GONZ\u00c1LEZ VILLARROEL<\/b><\/p>\n<p class=\"arial-western\" align=\"justify\">Un total de 18 participantes provenientes de distintos sectores del estado Falc\u00f3n culminaron exitosamente el curso: Mec\u00e1nica Automotriz, el cual se desarroll\u00f3 a trav\u00e9s del Programa Penitenciario del Inces, lo cual se convierte en una estrategia formativa muy demandada por los j\u00f3venes para ingresar al campo laboral.<\/p>\n<p class=\"arial-western\" align=\"justify\">\n<p class=\"arial-western\" align=\"justify\">El maestro t\u00e9cnico productivo (MTP) Ignacio Ladino, encargado de guiar a los participantes para que obtuvieran las herramientas para trabajar como mec\u00e1nicos automotrices, explic\u00f3, que la mec\u00e1nica es muy compleja, pero los j\u00f3venes que acuden al Inces, se muestran muy motivados por la metodolog\u00eda de aprender-haciendo bajo las nuevas tecnolog\u00edas de los motores para avanzar en este productivo oficio, que actualmente abastece una necesidad comercial.<\/p>\n<p class=\"arial-western\" align=\"justify\">\n<img loading=\"lazy\" decoding=\"async\" class=\"aligncenter wp-image-32920 size-full\" src=\"https:\/\/www.inces.gob.ve\/wp-content\/uploads\/2019\/12\/inces_mec\u00e1nica_automotriz.jpg\" alt=\"\" width=\"690\" height=\"800\" srcset=\"https:\/\/inces.gob.ve\/wp-content\/uploads\/2019\/12\/inces_mec\u00e1nica_automotriz.jpg 690w, https:\/\/inces.gob.ve\/wp-content\/uploads\/2019\/12\/inces_mec\u00e1nica_automotriz-259x300.jpg 259w, https:\/\/inces.gob.ve\/wp-content\/uploads\/2019\/12\/inces_mec\u00e1nica_automotriz-662x768.jpg 662w\" sizes=\"auto, (max-width: 690px) 100vw, 690px\" \/><\/p>\n<p class=\"arial-western\" align=\"justify\">En este aprendizaje, precis\u00f3 Ladino, las tres mujeres y los 15 hombres obtuvieron conocimientos sobre los principios propios de la f\u00edsica y mec\u00e1nica para la generaci\u00f3n y transmisi\u00f3n del movimiento en sistemas automotrices, como son los veh\u00edculos de tracci\u00f3n mec\u00e1nica, lo cual es un gran avance en la formaci\u00f3n profesional que adelanta el Inces en Falc\u00f3n, \u201cson j\u00f3venes que pueden acceder a un empleo en el campo de la Mec\u00e1nica Automotriz\u201d.<\/p>\n<p class=\"arial-western\" align=\"justify\">\n<p class=\"arial-western\" align=\"justify\"><b>Nuevos medios de producci\u00f3n<\/b><\/p>\n<p class=\"arial-western\" align=\"justify\">Igualmente el participante, Yender Chichilla, expres\u00f3: \u00abEn el c<strong>urso: Mec\u00e1nica Automotriz,<\/strong> encontramos que se incluyen aspectos de la mec\u00e1nica esenciales como resolver problemas de <strong>funcionamiento<\/strong> que pueda tener el motor de un auto y brindar mantenimiento preventivo. Es algo cotidiano, que nos permitir\u00e1 en un futuro cercano poder establecer nuestros propios medios de producci\u00f3n, para la liberaci\u00f3n y empoderamiento de los procesos productivos\u201d.<\/p>\n<p class=\"arial-western\" align=\"justify\">\n<p class=\"arial-western\" align=\"justify\">\u201cLa importancia del mec\u00e1nico en la vida cotidiana es cada vez mayor y gracias al Inces por brindarnos la oportunidad de formarnos en este productivo oficio\u00bb, puntualizo Chinchilla.<\/p>\n<p class=\"arial-western\" align=\"justify\">\n<p class=\"arial-western\" align=\"justify\"><b>Inces forma buenos profesionales<\/b><\/p>\n<p class=\"arial-western\" align=\"justify\">De igual forma Disbely Veliz manifest\u00f3 haber aprendido las tareas de como realizar pruebas de diagn\u00f3stico y reparaci\u00f3n de las fallas de los automotores que llegan a los talleres, ya que tuvieron la oportunidad de realizar pr\u00e1cticas en las instalaciones de talleres mec\u00e1nicos de la zona. Resalt\u00f3, en funci\u00f3n del curso tambi\u00e9n pusieron en pr\u00e1ctica los conocimientos adquiridos en cuanto a la revisi\u00f3n del bloque del motor, revisi\u00f3n de cig\u00fce\u00f1ales y del sistema de distribuci\u00f3n del motor, verificaci\u00f3n del conjunto de bielas, pist\u00f3n y culatas de compresi\u00f3n entre otros.<\/p>\n<p align=\"justify\"><img loading=\"lazy\" decoding=\"async\" class=\"wp-image-32918 size-full aligncenter\" src=\"https:\/\/www.inces.gob.ve\/wp-content\/uploads\/2019\/12\/inces_mec\u00e1nica_automotriz_1.jpg\" alt=\"\" width=\"578\" height=\"800\" srcset=\"https:\/\/inces.gob.ve\/wp-content\/uploads\/2019\/12\/inces_mec\u00e1nica_automotriz_1.jpg 578w, https:\/\/inces.gob.ve\/wp-content\/uploads\/2019\/12\/inces_mec\u00e1nica_automotriz_1-217x300.jpg 217w, https:\/\/inces.gob.ve\/wp-content\/uploads\/2019\/12\/inces_mec\u00e1nica_automotriz_1-555x768.jpg 555w\" sizes=\"auto, (max-width: 578px) 100vw, 578px\" \/><\/p>\n<p align=\"justify\">\n<p class=\"arial-western\" align=\"justify\"><span lang=\"es-ES\">Tambi\u00e9n explic\u00f3 que en funci\u00f3n del curso y las distintas formas de trabajo a<\/span>prendidas y m\u00e1s all\u00e1 de los conocimientos y temas t\u00e9cnicos que se desarrollaron, los participantes, asimismo, aprendieron sobre la importancia de contar con buenos conocimientos que llevan al participante a convertirse en un buen mec\u00e1nico, \u201cporque un buen profesional no s\u00f3lo es una persona instruida en la teor\u00eda del conocimiento, sino en la aplicaci\u00f3n de esta, en las tareas diarias de un taller o donde sea que vayamos a desarrollar el trabajo de la mec\u00e1nica automotriz y con estos procesos Inces Falc\u00f3n <span lang=\"es-ES\">enaltece la labor de la juventud\u201d.<\/span><\/p>\n<p class=\"arial-western\" align=\"justify\">\n<p class=\"arial-western\" align=\"justify\">\n","protected":false},"excerpt":{"rendered":"<p>** Aprendieron un oficio que impulsa el motor industrial en la regi\u00f3n y en el pa\u00eds<\/p>\n","protected":false},"author":4,"featured_media":32919,"comment_status":"closed","ping_status":"open","sticky":false,"template":"","format":"standard","meta":{"footnotes":""},"categories":[2],"tags":[81,80,82],"class_list":["post-32917","post","type-post","status-publish","format-standard","has-post-thumbnail","hentry","category-blog","tag-falcon","tag-mecanicaautomotriz","tag-oficiosproductivos"],"_links":{"self":[{"href":"https:\/\/inces.gob.ve\/index.php\/wp-json\/wp\/v2\/posts\/32917","targetHints":{"allow":["GET"]}}],"collection":[{"href":"https:\/\/inces.gob.ve\/index.php\/wp-json\/wp\/v2\/posts"}],"about":[{"href":"https:\/\/inces.gob.ve\/index.php\/wp-json\/wp\/v2\/types\/post"}],"author":[{"embeddable":true,"href":"https:\/\/inces.gob.ve\/index.php\/wp-json\/wp\/v2\/users\/4"}],"replies":[{"embeddable":true,"href":"https:\/\/inces.gob.ve\/index.php\/wp-json\/wp\/v2\/comments?post=32917"}],"version-history":[{"count":1,"href":"https:\/\/inces.gob.ve\/index.php\/wp-json\/wp\/v2\/posts\/32917\/revisions"}],"predecessor-version":[{"id":32922,"href":"https:\/\/inces.gob.ve\/index.php\/wp-json\/wp\/v2\/posts\/32917\/revisions\/32922"}],"wp:featuredmedia":[{"embeddable":true,"href":"https:\/\/inces.gob.ve\/index.php\/wp-json\/wp\/v2\/media\/32919"}],"wp:attachment":[{"href":"https:\/\/inces.gob.ve\/index.php\/wp-json\/wp\/v2\/media?parent=32917"}],"wp:term":[{"taxonomy":"category","embeddable":true,"href":"https:\/\/inces.gob.ve\/index.php\/wp-json\/wp\/v2\/categories?post=32917"},{"taxonomy":"post_tag","embeddable":true,"href":"https:\/\/inces.gob.ve\/index.php\/wp-json\/wp\/v2\/tags?post=32917"}],"curies":[{"name":"wp","href":"https:\/\/api.w.org\/{rel}","templated":true}]}}