{"id":32937,"date":"2019-12-19T09:17:32","date_gmt":"2019-12-19T15:17:32","guid":{"rendered":"https:\/\/inces.gob.ve\/?p=32937"},"modified":"2020-05-28T20:34:46","modified_gmt":"2020-05-29T00:34:46","slug":"yaracauy-con-actividades-deportivas-reciben-la-navidad-los-estudiantes-del-inces","status":"publish","type":"post","link":"https:\/\/inces.gob.ve\/index.php\/2019\/12\/19\/yaracauy-con-actividades-deportivas-reciben-la-navidad-los-estudiantes-del-inces\/","title":{"rendered":"YARACAUY | Con actividades deportivas reciben la Navidad los estudiantes del Inces"},"content":{"rendered":"<p align=\"justify\"><span style=\"font-family: Arial, sans-serif;\"><span style=\"font-size: x-large;\"><i><b>** Los educandos midieron sus habilidades en un intercambio amistoso que involucr\u00f3 varias disciplinas<\/b><\/i><\/span><\/span><!--more--><\/p>\n<p align=\"justify\">\n<p align=\"justify\"><span style=\"font-family: Arial, sans-serif;\"><span style=\"font-size: x-large;\"><span style=\"color: #00000a;\"><b>JOS\u00c9 FERN<\/b><\/span><span style=\"color: #00000a;\"><b>\u00c1<\/b><\/span><span style=\"color: #00000a;\"><b>NDEZ<\/b><\/span><\/span><\/span><\/p>\n<p align=\"justify\"><span style=\"font-family: Arial, sans-serif;\"><span style=\"font-size: x-large;\">Unos 100 estudiantes alternados entre bachilleres productivos y aprendices del Inces se concentraron este viernes en las instalaciones de ese ente para realizar un intercambio deportivo amistoso como parte del proceso de formaci\u00f3n acad\u00e9mica enmarcado en su programa de estudio y dar la bienvenida a la Navidad.<\/span><\/span><\/p>\n<p align=\"justify\"><span style=\"font-family: Arial, sans-serif;\"><span style=\"font-size: x-large;\">Las secciones 70, 71, y 72 del \u00e1rea Asistente Administrativo, as\u00ed como la secci\u00f3n 17 de Electricidad y Mantenimiento, ambos del Programa Nacional de Aprendizaje (PNA) mostraron sus habilidades ante los estudiantes de bachillerato productivo, en las disciplinas voleibol, f\u00fatbol sala, ajedrez, domin\u00f3, y pelota de goma, en una amena justa deportiva llena de entusiasmo y sana convivencia.<\/span><\/span><\/p>\n<p align=\"justify\"><span style=\"font-family: Arial, sans-serif;\"><span style=\"font-size: x-large;\"><img loading=\"lazy\" decoding=\"async\" class=\"aligncenter wp-image-32941 size-full\" src=\"https:\/\/www.inces.gob.ve\/wp-content\/uploads\/2019\/12\/Inces-reciben-la-Navidad-los-estudiantes5-.jpg\" alt=\"\" width=\"800\" height=\"600\" srcset=\"https:\/\/inces.gob.ve\/wp-content\/uploads\/2019\/12\/Inces-reciben-la-Navidad-los-estudiantes5-.jpg 800w, https:\/\/inces.gob.ve\/wp-content\/uploads\/2019\/12\/Inces-reciben-la-Navidad-los-estudiantes5--300x225.jpg 300w, https:\/\/inces.gob.ve\/wp-content\/uploads\/2019\/12\/Inces-reciben-la-Navidad-los-estudiantes5--768x576.jpg 768w, https:\/\/inces.gob.ve\/wp-content\/uploads\/2019\/12\/Inces-reciben-la-Navidad-los-estudiantes5--136x102.jpg 136w\" sizes=\"auto, (max-width: 800px) 100vw, 800px\" \/><\/span><\/span><\/p>\n<p align=\"justify\"><span style=\"font-family: Arial, sans-serif;\"><span style=\"font-size: x-large;\">El equipo organizador, integrado por los docentes Militza Espinom de Control y Evaluaci\u00f3n; Juan Lozada por el PNA y Yovanni L\u00f3pez, en representaci\u00f3n del programa de Bachilleres Productivos Inces, acotaron que esta actividad est\u00e1 enmarcada en las \u00e1reas deporte y participaci\u00f3n e integraci\u00f3n comunitaria, teniendo como objetivo, estrechar lazos de amistad y compa\u00f1erismo entre los educandos de ambos programas.<\/span><\/span><\/p>\n<p align=\"justify\"><span style=\"font-family: Arial, sans-serif;\"><span style=\"font-size: x-large;\"><img loading=\"lazy\" decoding=\"async\" class=\"aligncenter wp-image-32940 size-full\" src=\"https:\/\/www.inces.gob.ve\/wp-content\/uploads\/2019\/12\/Inces-reciben-la-Navidad-los-estudiantes3-.jpg\" alt=\"\" width=\"800\" height=\"600\" srcset=\"https:\/\/inces.gob.ve\/wp-content\/uploads\/2019\/12\/Inces-reciben-la-Navidad-los-estudiantes3-.jpg 800w, https:\/\/inces.gob.ve\/wp-content\/uploads\/2019\/12\/Inces-reciben-la-Navidad-los-estudiantes3--300x225.jpg 300w, https:\/\/inces.gob.ve\/wp-content\/uploads\/2019\/12\/Inces-reciben-la-Navidad-los-estudiantes3--768x576.jpg 768w, https:\/\/inces.gob.ve\/wp-content\/uploads\/2019\/12\/Inces-reciben-la-Navidad-los-estudiantes3--136x102.jpg 136w\" sizes=\"auto, (max-width: 800px) 100vw, 800px\" \/><\/span><\/span><\/p>\n<p align=\"justify\"><span style=\"font-family: Arial, sans-serif;\"><span style=\"font-size: x-large;\">De igual forma a\u00f1adieron que desde el Inces Yaracuy se promueve de forma permanente el deporte y la recreaci\u00f3n, cumpliendo instrucciones del Ministerio del Poder Popular para la Educaci\u00f3n a trav\u00e9s del Programa Juventud Productiva, contando para ello con el apoyo de la Gerencia Regional de esta dependencia a cargo del licenciado Dalvi Torrealba.<\/span><\/span><\/p>\n<p align=\"justify\"><span style=\"font-family: Arial, sans-serif;\"><span style=\"font-size: x-large;\"><img loading=\"lazy\" decoding=\"async\" class=\"aligncenter wp-image-32939 size-full\" src=\"https:\/\/www.inces.gob.ve\/wp-content\/uploads\/2019\/12\/Inces-reciben-la-Navidad-los-estudiantes2-.jpg\" alt=\"\" width=\"800\" height=\"600\" srcset=\"https:\/\/inces.gob.ve\/wp-content\/uploads\/2019\/12\/Inces-reciben-la-Navidad-los-estudiantes2-.jpg 800w, https:\/\/inces.gob.ve\/wp-content\/uploads\/2019\/12\/Inces-reciben-la-Navidad-los-estudiantes2--300x225.jpg 300w, https:\/\/inces.gob.ve\/wp-content\/uploads\/2019\/12\/Inces-reciben-la-Navidad-los-estudiantes2--768x576.jpg 768w, https:\/\/inces.gob.ve\/wp-content\/uploads\/2019\/12\/Inces-reciben-la-Navidad-los-estudiantes2--136x102.jpg 136w\" sizes=\"auto, (max-width: 800px) 100vw, 800px\" \/><\/span><\/span><\/p>\n","protected":false},"excerpt":{"rendered":"<p>** Los educandos midieron sus habilidades en un intercambio amistoso que involucr\u00f3 varias disciplinas<\/p>\n","protected":false},"author":15,"featured_media":32938,"comment_status":"closed","ping_status":"open","sticky":false,"template":"","format":"standard","meta":{"footnotes":""},"categories":[2],"tags":[83],"class_list":["post-32937","post","type-post","status-publish","format-standard","has-post-thumbnail","hentry","category-blog","tag-yaracauy"],"_links":{"self":[{"href":"https:\/\/inces.gob.ve\/index.php\/wp-json\/wp\/v2\/posts\/32937","targetHints":{"allow":["GET"]}}],"collection":[{"href":"https:\/\/inces.gob.ve\/index.php\/wp-json\/wp\/v2\/posts"}],"about":[{"href":"https:\/\/inces.gob.ve\/index.php\/wp-json\/wp\/v2\/types\/post"}],"author":[{"embeddable":true,"href":"https:\/\/inces.gob.ve\/index.php\/wp-json\/wp\/v2\/users\/15"}],"replies":[{"embeddable":true,"href":"https:\/\/inces.gob.ve\/index.php\/wp-json\/wp\/v2\/comments?post=32937"}],"version-history":[{"count":1,"href":"https:\/\/inces.gob.ve\/index.php\/wp-json\/wp\/v2\/posts\/32937\/revisions"}],"predecessor-version":[{"id":32942,"href":"https:\/\/inces.gob.ve\/index.php\/wp-json\/wp\/v2\/posts\/32937\/revisions\/32942"}],"wp:featuredmedia":[{"embeddable":true,"href":"https:\/\/inces.gob.ve\/index.php\/wp-json\/wp\/v2\/media\/32938"}],"wp:attachment":[{"href":"https:\/\/inces.gob.ve\/index.php\/wp-json\/wp\/v2\/media?parent=32937"}],"wp:term":[{"taxonomy":"category","embeddable":true,"href":"https:\/\/inces.gob.ve\/index.php\/wp-json\/wp\/v2\/categories?post=32937"},{"taxonomy":"post_tag","embeddable":true,"href":"https:\/\/inces.gob.ve\/index.php\/wp-json\/wp\/v2\/tags?post=32937"}],"curies":[{"name":"wp","href":"https:\/\/api.w.org\/{rel}","templated":true}]}}