{"id":32943,"date":"2019-12-20T09:41:58","date_gmt":"2019-12-20T15:41:58","guid":{"rendered":"https:\/\/inces.gob.ve\/?p=32943"},"modified":"2020-05-28T20:25:13","modified_gmt":"2020-05-29T00:25:13","slug":"lara-celebrado-el-primer-congreso-estadal-de-integracion-social-de-jovenes-con-discapacidad","status":"publish","type":"post","link":"https:\/\/inces.gob.ve\/index.php\/2019\/12\/20\/lara-celebrado-el-primer-congreso-estadal-de-integracion-social-de-jovenes-con-discapacidad\/","title":{"rendered":"LARA | Celebrado el Primer Congreso Estadal de Integraci\u00f3n Social de J\u00f3venes con Discapacidad"},"content":{"rendered":"<p align=\"justify\"><span style=\"font-family: Arial, sans-serif;\"><span style=\"font-size: x-large;\"><i><b>** Inces como basti\u00f3n en el estado Lara atendiendo el \u00e1rea de Educaci\u00f3n Especial<\/b><\/i><\/span><\/span><\/p>\n<p align=\"justify\"><!--more--><\/p>\n<p align=\"justify\"><span style=\"font-family: Arial, sans-serif;\"><span style=\"font-size: x-large;\">A prop\u00f3sito del D\u00eda Mundial de la Discapacidad se realiz\u00f3 en el estado Lara el Primer Congreso Estadal de Integraci\u00f3n Social de J\u00f3venes con Discapacidad donde Inces desarroll\u00f3 una ponencia basada en la experiencia vivida a trav\u00e9s de las formaciones de Inces en el campo laboral a cargo del j\u00f3ven Victor Colmen\u00e1rez.<\/span><\/span><\/p>\n<p align=\"justify\">\n<p align=\"justify\"><span style=\"font-family: Arial, sans-serif;\"><span style=\"font-size: x-large;\">En este congreso participaron autoridades de la Zona Educativa como el Director Regional de Educaci\u00f3n, Nixon Arrieche; la Jefa de Educaci\u00f3n de Adultos y Adultas, Yamileth Arrieta y la Directora de Educaci\u00f3n Especial, Ana Yelitza Valera, acompa\u00f1ada por la Sub-Directora Juana Calles.<img loading=\"lazy\" decoding=\"async\" class=\"aligncenter wp-image-32945 size-full\" src=\"https:\/\/www.inces.gob.ve\/wp-content\/uploads\/2019\/12\/Inces-Congreso-Integraci\u00f3n-J\u00f3venes-Discapacidad2-.jpg\" alt=\"\" width=\"800\" height=\"600\" srcset=\"https:\/\/inces.gob.ve\/wp-content\/uploads\/2019\/12\/Inces-Congreso-Integraci\u00f3n-J\u00f3venes-Discapacidad2-.jpg 800w, https:\/\/inces.gob.ve\/wp-content\/uploads\/2019\/12\/Inces-Congreso-Integraci\u00f3n-J\u00f3venes-Discapacidad2--300x225.jpg 300w, https:\/\/inces.gob.ve\/wp-content\/uploads\/2019\/12\/Inces-Congreso-Integraci\u00f3n-J\u00f3venes-Discapacidad2--768x576.jpg 768w, https:\/\/inces.gob.ve\/wp-content\/uploads\/2019\/12\/Inces-Congreso-Integraci\u00f3n-J\u00f3venes-Discapacidad2--136x102.jpg 136w\" sizes=\"auto, (max-width: 800px) 100vw, 800px\" \/><\/span><\/span><\/p>\n<p align=\"justify\"><span style=\"font-family: Arial, sans-serif;\"><span style=\"font-size: x-large;\">Las ponencias desarrolladas en este congreso abordaron \u00e1reas como el deporte, la cultura, la formaci\u00f3n productiva y el bachillerato; espacios donde el Inces es instituci\u00f3n pionera que brinda formaci\u00f3n en oficios donde los egresados van directo a las entidades de trabajo con experiencias desde la herrer\u00eda, carpinter\u00eda, agroalimentaria, turismo y en el \u00e1rea industrial en general, un proceso de inclusi\u00f3n justo y comprometido.<\/span><\/span><\/p>\n<p align=\"justify\">\n<p align=\"justify\"><span style=\"font-family: Arial, sans-serif;\"><span style=\"font-size: x-large;\"><b>Espacios para el reconocimiento del trabajo integral<\/b><\/span><\/span><\/p>\n<p align=\"justify\"><span style=\"font-family: Arial, sans-serif;\"><span style=\"font-size: x-large;\">La coordinadora del Programa Educaci\u00f3n Media General del Inces, profesora Anallibe Lara, inform\u00f3 que se est\u00e1n preparando para egresar este a\u00f1o a 130 nuevos j\u00f3venes bachilleres integrales, \u201csomos bandera de la educaci\u00f3n especial desde nuestros centros de formaci\u00f3n socialista, ubicados en todos los municipios del estado Lara, contamos con los docentes de calidad humana y alta responsabilidad\u201d.<\/span><\/span><\/p>\n<p align=\"justify\"><img loading=\"lazy\" decoding=\"async\" class=\"aligncenter wp-image-32946 size-full\" src=\"https:\/\/www.inces.gob.ve\/wp-content\/uploads\/2019\/12\/Inces-Congreso-Integraci\u00f3n-J\u00f3venes-Discapacidad4-.jpg\" alt=\"\" width=\"800\" height=\"600\" srcset=\"https:\/\/inces.gob.ve\/wp-content\/uploads\/2019\/12\/Inces-Congreso-Integraci\u00f3n-J\u00f3venes-Discapacidad4-.jpg 800w, https:\/\/inces.gob.ve\/wp-content\/uploads\/2019\/12\/Inces-Congreso-Integraci\u00f3n-J\u00f3venes-Discapacidad4--300x225.jpg 300w, https:\/\/inces.gob.ve\/wp-content\/uploads\/2019\/12\/Inces-Congreso-Integraci\u00f3n-J\u00f3venes-Discapacidad4--768x576.jpg 768w, https:\/\/inces.gob.ve\/wp-content\/uploads\/2019\/12\/Inces-Congreso-Integraci\u00f3n-J\u00f3venes-Discapacidad4--136x102.jpg 136w\" sizes=\"auto, (max-width: 800px) 100vw, 800px\" \/><\/p>\n<p align=\"justify\"><span style=\"font-family: Arial, sans-serif;\"><span style=\"font-size: x-large;\">Lara enfatiz\u00f3: \u201cNo tengo palabras para agradecer a este maravilloso equipo que trabaja de manera incansable y lo hace todo posible. Este Primer Congreso Estadal de Integraci\u00f3n Social de J\u00f3venes con Discapacidad es una ventana para enaltecer el trabajo mancomunado hecho con amor y compromiso para incluir y atender con amor a la juventud con discapacidad, hombres y mujeres con capacidades, aptitudes y gran telento\u201d, destac\u00f3.<\/span><\/span><\/p>\n","protected":false},"excerpt":{"rendered":"<p>** Inces como basti\u00f3n en el estado Lara atendiendo el \u00e1rea de Educaci\u00f3n Especial<\/p>\n","protected":false},"author":15,"featured_media":32944,"comment_status":"closed","ping_status":"closed","sticky":false,"template":"","format":"standard","meta":{"footnotes":""},"categories":[2],"tags":[84],"class_list":["post-32943","post","type-post","status-publish","format-standard","has-post-thumbnail","hentry","category-blog","tag-lara"],"_links":{"self":[{"href":"https:\/\/inces.gob.ve\/index.php\/wp-json\/wp\/v2\/posts\/32943","targetHints":{"allow":["GET"]}}],"collection":[{"href":"https:\/\/inces.gob.ve\/index.php\/wp-json\/wp\/v2\/posts"}],"about":[{"href":"https:\/\/inces.gob.ve\/index.php\/wp-json\/wp\/v2\/types\/post"}],"author":[{"embeddable":true,"href":"https:\/\/inces.gob.ve\/index.php\/wp-json\/wp\/v2\/users\/15"}],"replies":[{"embeddable":true,"href":"https:\/\/inces.gob.ve\/index.php\/wp-json\/wp\/v2\/comments?post=32943"}],"version-history":[{"count":1,"href":"https:\/\/inces.gob.ve\/index.php\/wp-json\/wp\/v2\/posts\/32943\/revisions"}],"predecessor-version":[{"id":32947,"href":"https:\/\/inces.gob.ve\/index.php\/wp-json\/wp\/v2\/posts\/32943\/revisions\/32947"}],"wp:featuredmedia":[{"embeddable":true,"href":"https:\/\/inces.gob.ve\/index.php\/wp-json\/wp\/v2\/media\/32944"}],"wp:attachment":[{"href":"https:\/\/inces.gob.ve\/index.php\/wp-json\/wp\/v2\/media?parent=32943"}],"wp:term":[{"taxonomy":"category","embeddable":true,"href":"https:\/\/inces.gob.ve\/index.php\/wp-json\/wp\/v2\/categories?post=32943"},{"taxonomy":"post_tag","embeddable":true,"href":"https:\/\/inces.gob.ve\/index.php\/wp-json\/wp\/v2\/tags?post=32943"}],"curies":[{"name":"wp","href":"https:\/\/api.w.org\/{rel}","templated":true}]}}