{"id":33007,"date":"2019-12-27T07:59:54","date_gmt":"2019-12-27T13:59:54","guid":{"rendered":"https:\/\/inces.gob.ve\/?p=33007"},"modified":"2020-05-28T20:25:13","modified_gmt":"2020-05-29T00:25:13","slug":"carabobo-inces-a-la-vanguardia-en-gestion-de-politicas-publicas-en-tiempos-de-revolucion","status":"publish","type":"post","link":"https:\/\/inces.gob.ve\/index.php\/2019\/12\/27\/carabobo-inces-a-la-vanguardia-en-gestion-de-politicas-publicas-en-tiempos-de-revolucion\/","title":{"rendered":"CARABOBO | Inces a la vanguardia en gesti\u00f3n de pol\u00edticas p\u00fablicas en tiempos de revoluci\u00f3n"},"content":{"rendered":"<p align=\"justify\"><em><span style=\"font-family: Arial, sans-serif;\"><span style=\"font-size: x-large;\"><b>** Desde la instituci\u00f3n se empodera al pueblo para que desde sus espacios sean participes en el dise\u00f1o y diagn\u00f3stico de sus necesidades como colectivo <\/b><\/span><\/span><\/em><\/p>\n<p align=\"justify\"><!--more--><\/p>\n<p align=\"justify\"><em><span style=\"font-family: Arial, sans-serif;\"><span style=\"font-size: x-large;\"><b>VANESSA GONZ\u00c1LEZ<\/b><\/span><\/span><\/em><\/p>\n<p align=\"justify\"><span style=\"font-family: Arial, sans-serif;\"><span style=\"font-size: x-large;\">En pro de fortalecer la formaci\u00f3n de lideres y cuadros de bases del Partido Socialista Unido de Venezuela (PSUV), se desarroll\u00f3 el foro Gesti\u00f3n de Pol\u00edticas P\u00fablicas y Planificaci\u00f3n en Tiempos de Revoluci\u00f3n, Plan de la Patria 2019-2025, en el centro de formaci\u00f3n socialista (CFS) Luis Beltr\u00e1n Pietro Figueroa, del Inces, ubicado en Los Colorados de Valencia. <\/span><\/span><\/p>\n<p align=\"justify\"><span style=\"font-family: Arial, sans-serif;\"><span style=\"font-size: x-large;\">Deivi Magdaleno, maestro t\u00e9cnico productivo (MTP) del CFS \u201cSim\u00f3n Rodr\u00edguez\u201d y representante de Formaci\u00f3n de L\u00edder de Direcci\u00f3n del PSUV, explic<\/span><\/span><span style=\"font-family: Arial, sans-serif;\"><span style=\"font-size: x-large;\">\u00f3<\/span><\/span><span style=\"font-family: Arial, sans-serif;\"><span style=\"font-size: x-large;\"> que la iniciativa que se lleva a trav\u00e9s de la Escuela de Formaci\u00f3n de Lideres de Direcci\u00f3n y de Comunidad, <\/span><\/span><span style=\"font-family: Arial, sans-serif;\"><span style=\"font-size: x-large;\">c<\/span><\/span><span style=\"font-family: Arial, sans-serif;\"><span style=\"font-size: x-large;\">uadros y el <\/span><\/span><span style=\"font-family: Arial, sans-serif;\"><span style=\"font-size: x-large;\">d<\/span><\/span><span style=\"font-family: Arial, sans-serif;\"><span style=\"font-size: x-large;\">iplomado dirigido a este sector, aspira que el Pueblo se empodere en la resoluci\u00f3n de necesidades de sus comunidades.<\/span><\/span><\/p>\n<p align=\"justify\"><span style=\"font-family: Arial, sans-serif;\"><span style=\"font-size: x-large;\">De manera tal, \u201c<\/span><\/span><span style=\"font-family: Arial, sans-serif;\"><span style=\"font-size: x-large;\">que se de <\/span><\/span><span style=\"font-family: Arial, sans-serif;\"><span style=\"font-size: x-large;\">respuesta desde las bases, de acuerdo con la orden del comandante eterno Hugo Ch\u00e1vez: \u2018Comuna o Nada<\/span><\/span><span style=\"font-family: Arial, sans-serif;\"><span style=\"font-size: x-large;\">\u2019, <\/span><\/span> <span style=\"font-family: Arial, sans-serif;\"><span style=\"font-size: x-large;\">sentencia <\/span><\/span><span style=\"font-family: Arial, sans-serif;\"><span style=\"font-size: x-large;\">que <\/span><\/span><span style=\"font-family: Arial, sans-serif;\"><span style=\"font-size: x-large;\">se traduce como <\/span><\/span><span style=\"font-family: Arial, sans-serif;\"><span style=\"font-size: x-large;\">el cese del Estado <\/span><\/span><span style=\"font-family: Arial, sans-serif;\"><span style=\"font-size: x-large;\">c<\/span><\/span><span style=\"font-family: Arial, sans-serif;\"><span style=\"font-size: x-large;\">onstituido para que emerja el Estado <\/span><\/span><span style=\"font-family: Arial, sans-serif;\"><span style=\"font-size: x-large;\">c<\/span><\/span><span style=\"font-family: Arial, sans-serif;\"><span style=\"font-size: x-large;\">onstituyente (Nuevo Estado Socialista)\u201d, seg\u00fan ampli\u00f3 el tambi\u00e9n abogado.<\/span><\/span><\/p>\n<p align=\"justify\"><span style=\"font-family: Arial, sans-serif;\"><span style=\"font-size: x-large;\">Por tal raz\u00f3n, se promueve la participaci\u00f3n del poder popular, <\/span><\/span><span style=\"font-family: Arial, sans-serif;\"><span style=\"font-size: x-large;\">c<\/span><\/span><span style=\"font-family: Arial, sans-serif;\"><span style=\"font-size: x-large;\">omunas, movimientos sociales, consejos comunales, UBCh, l<\/span><\/span><span style=\"font-family: Arial, sans-serif;\"><span style=\"font-size: x-large;\">\u00ed<\/span><\/span><span style=\"font-family: Arial, sans-serif;\"><span style=\"font-size: x-large;\">deres de comunidad y direcci\u00f3n, entre otros, para que sumen en materia de pol\u00edticas p\u00fablicas y planificaci\u00f3n, recalc\u00f3 el MTP.<\/span><\/span><\/p>\n<p align=\"justify\"><span style=\"font-family: Arial, sans-serif;\"><span style=\"font-size: x-large;\"><b>Planificaci\u00f3n estrat\u00e9gica para lograr la meta<\/b><\/span><\/span><\/p>\n<p align=\"justify\"><span style=\"font-family: Arial, sans-serif;\"><span style=\"font-size: x-large;\">A l<\/span><\/span><span style=\"font-family: Arial, sans-serif;\"><span style=\"font-size: x-large;\">a actividad asisti<\/span><\/span><span style=\"font-family: Arial, sans-serif;\"><span style=\"font-size: x-large;\">eron<\/span><\/span><span style=\"font-family: Arial, sans-serif;\"><span style=\"font-size: x-large;\"> mayoritariamente habitantes de <\/span><\/span><span style=\"font-family: Arial, sans-serif;\"><span style=\"font-size: x-large;\">las <\/span><\/span><span style=\"font-family: Arial, sans-serif;\"><span style=\"font-size: x-large;\">parroquia<\/span><\/span><span style=\"font-family: Arial, sans-serif;\"><span style=\"font-size: x-large;\">s<\/span><\/span><span style=\"font-family: Arial, sans-serif;\"><span style=\"font-size: x-large;\"> del sur de la Valencia. <\/span><\/span><span style=\"font-family: Arial, sans-serif;\"><span style=\"font-size: x-large;\">E<\/span><\/span><span style=\"font-family: Arial, sans-serif;\"><span style=\"font-size: x-large;\">stuvieron Omar Marrero y Humberto Berm\u00fadez, representantes de Corpocentro, quienes con sus aportes sobre planificaci\u00f3n estrat\u00e9gica hablaron de los m\u00e9todos para lograr metas en sus comunidades, los cuales deben responder a objetivos, visi\u00f3n y mantener seguimiento.<\/span><\/span><\/p>\n<p align=\"justify\"><em><span style=\"font-family: Arial, sans-serif;\"><span style=\"font-size: x-large;\">En ese sentido, Magdaleno inform\u00f3 que tuvieron la oportunidad de tener una clase magistral durante el fin de semana pasado en dicha sede, como parte de la formaci\u00f3n de l<\/span><\/span><\/em><em><span style=\"font-family: Arial, sans-serif;\"><span style=\"font-size: x-large;\">\u00ed<\/span><\/span><\/em><em><span style=\"font-family: Arial, sans-serif;\"><span style=\"font-size: x-large;\">deres de direcci\u00f3n. <\/span><\/span><\/em><\/p>\n<p align=\"justify\"><em><span style=\"font-family: Arial, sans-serif;\"><span style=\"font-size: x-large;\">Adelant\u00f3 que el pr\u00f3ximo 6 y 7 de diciembre, el poder popular participante expondr\u00e1 las propuestas elaboradas durante el diplomado para dar cierre. <\/span><\/span><\/em><\/p>\n<p align=\"justify\"><em><span style=\"font-family: Arial, sans-serif;\"><span style=\"font-size: x-large;\">Por \u00faltimo, resalt<\/span><\/span><\/em><em><span style=\"font-family: Arial, sans-serif;\"><span style=\"font-size: x-large;\">\u00f3<\/span><\/span><\/em><em><span style=\"font-family: Arial, sans-serif;\"><span style=\"font-size: x-large;\"> que se ha creado conciencia en el <\/span><\/span><\/em><em><span style=\"font-family: Arial, sans-serif;\"><span style=\"font-size: x-large;\">s<\/span><\/span><\/em><em><span style=\"font-family: Arial, sans-serif;\"><span style=\"font-size: x-large;\">oberano, que ha venido creciendo desde todos los sectores, en medio de \u201cun escenario b\u00e9lico, con una crisis econ\u00f3mica en que <\/span><\/span><\/em><em><span style=\"font-family: Arial, sans-serif;\"><span style=\"font-size: x-large;\">nos <\/span><\/span><\/em><em><span style=\"font-family: Arial, sans-serif;\"><span style=\"font-size: x-large;\">ha sumergido el <\/span><\/span><\/em><em><span style=\"font-family: Arial, sans-serif;\"><span style=\"font-size: x-large;\">i<\/span><\/span><\/em><em><span style=\"font-family: Arial, sans-serif;\"><span style=\"font-size: x-large;\">mperio, pero que somos capaces de salir de ella, por nuestros genes de pueblo fuerte. <\/span><\/span><\/em><em><span style=\"font-family: Arial, sans-serif;\"><span style=\"font-size: x-large;\">H<\/span><\/span><\/em><em><span style=\"font-family: Arial, sans-serif;\"><span style=\"font-size: x-large;\">ay un temblor desde Am\u00e9rica del Sur, pueblo que se levanta con libertad de conciencia\u201d, reconoci\u00f3 el MTP del Inces.<\/span><\/span><\/em><\/p>\n<p align=\"justify\">\n<p align=\"justify\">\n","protected":false},"excerpt":{"rendered":"<p>** Desde la instituci\u00f3n se empodera al pueblo para que desde sus espacios sean participes en el dise\u00f1o y diagn\u00f3stico de sus necesidades como colectivo<\/p>\n","protected":false},"author":15,"featured_media":33008,"comment_status":"closed","ping_status":"closed","sticky":false,"template":"","format":"standard","meta":{"footnotes":""},"categories":[2],"tags":[91],"class_list":["post-33007","post","type-post","status-publish","format-standard","has-post-thumbnail","hentry","category-blog","tag-carabobo"],"_links":{"self":[{"href":"https:\/\/inces.gob.ve\/index.php\/wp-json\/wp\/v2\/posts\/33007","targetHints":{"allow":["GET"]}}],"collection":[{"href":"https:\/\/inces.gob.ve\/index.php\/wp-json\/wp\/v2\/posts"}],"about":[{"href":"https:\/\/inces.gob.ve\/index.php\/wp-json\/wp\/v2\/types\/post"}],"author":[{"embeddable":true,"href":"https:\/\/inces.gob.ve\/index.php\/wp-json\/wp\/v2\/users\/15"}],"replies":[{"embeddable":true,"href":"https:\/\/inces.gob.ve\/index.php\/wp-json\/wp\/v2\/comments?post=33007"}],"version-history":[{"count":1,"href":"https:\/\/inces.gob.ve\/index.php\/wp-json\/wp\/v2\/posts\/33007\/revisions"}],"predecessor-version":[{"id":33009,"href":"https:\/\/inces.gob.ve\/index.php\/wp-json\/wp\/v2\/posts\/33007\/revisions\/33009"}],"wp:featuredmedia":[{"embeddable":true,"href":"https:\/\/inces.gob.ve\/index.php\/wp-json\/wp\/v2\/media\/33008"}],"wp:attachment":[{"href":"https:\/\/inces.gob.ve\/index.php\/wp-json\/wp\/v2\/media?parent=33007"}],"wp:term":[{"taxonomy":"category","embeddable":true,"href":"https:\/\/inces.gob.ve\/index.php\/wp-json\/wp\/v2\/categories?post=33007"},{"taxonomy":"post_tag","embeddable":true,"href":"https:\/\/inces.gob.ve\/index.php\/wp-json\/wp\/v2\/tags?post=33007"}],"curies":[{"name":"wp","href":"https:\/\/api.w.org\/{rel}","templated":true}]}}