{"id":33030,"date":"2019-12-31T07:48:33","date_gmt":"2019-12-31T13:48:33","guid":{"rendered":"https:\/\/inces.gob.ve\/?p=33030"},"modified":"2020-05-28T20:25:12","modified_gmt":"2020-05-29T00:25:12","slug":"bolivar-culmino-1-curso-de-tallado-de-figuras-decorativas-para-eventos","status":"publish","type":"post","link":"https:\/\/inces.gob.ve\/index.php\/2019\/12\/31\/bolivar-culmino-1-curso-de-tallado-de-figuras-decorativas-para-eventos\/","title":{"rendered":"Bol\u00edvar| Culmin\u00f3  1\u00b0 curso de Tallado de Figuras Decorativas para Eventos"},"content":{"rendered":"<p class=\"western\" align=\"justify\"><span style=\"font-family: Arial, sans-serif;\"><span style=\"font-size: x-large;\"><i><b>** Los egresados aprendieron a realizar m\u00e1s de 25 tipos de figuras en verduras, hortalizas y frutas.<\/b><\/i><\/span><\/span><\/p>\n<p class=\"western\" align=\"justify\"><!--more--><\/p>\n<p class=\"western\" align=\"justify\"><span style=\"font-family: Arial, sans-serif;\"><span style=\"font-size: x-large;\"><b>ALEXSSIA THOMAS <\/b><\/span><\/span><\/p>\n<p class=\"western\" align=\"justify\"><span style=\"font-family: Arial, sans-serif;\"><span style=\"font-size: x-large;\">Un total de 38 participantes finalizaron esta semana el curso de Tallado de Figuras Decorativas dictado por la maestra t\u00e9cnica productiva (MTP), Yasmira Garc\u00eda, en las instalaciones del CFS Manuel Carlos Piar. <\/span><\/span><\/p>\n<p class=\"western\" align=\"justify\"><span style=\"font-family: Arial, sans-serif;\"><span style=\"font-size: x-large;\"><img loading=\"lazy\" decoding=\"async\" class=\"aligncenter wp-image-33032 size-full\" src=\"https:\/\/www.inces.gob.ve\/wp-content\/uploads\/2019\/12\/INCES-curso-de-Tallado-de-Figuras-1-.jpg\" alt=\"\" width=\"800\" height=\"600\" srcset=\"https:\/\/inces.gob.ve\/wp-content\/uploads\/2019\/12\/INCES-curso-de-Tallado-de-Figuras-1-.jpg 800w, https:\/\/inces.gob.ve\/wp-content\/uploads\/2019\/12\/INCES-curso-de-Tallado-de-Figuras-1--300x225.jpg 300w, https:\/\/inces.gob.ve\/wp-content\/uploads\/2019\/12\/INCES-curso-de-Tallado-de-Figuras-1--768x576.jpg 768w, https:\/\/inces.gob.ve\/wp-content\/uploads\/2019\/12\/INCES-curso-de-Tallado-de-Figuras-1--136x102.jpg 136w\" sizes=\"auto, (max-width: 800px) 100vw, 800px\" \/><\/span><\/span><\/p>\n<p class=\"western\" align=\"justify\"><span style=\"font-family: Arial, sans-serif;\"><span style=\"font-size: x-large;\">Para la clausura de esta capacitaci\u00f3n se cont\u00f3 con la presencia de la jefa de Formaci\u00f3n Profesional, Mar\u00eda Salazar; la coordinadora del Programa Turismo, Carmen Alcal\u00e1 y varios MTP expertos en el \u00e1rea de gastronom\u00eda y organizaci\u00f3n y protocolo de eventos, quienes fueron los encargados de evaluar la creatividad de los arreglos. <\/span><\/span><\/p>\n<p class=\"western\" align=\"justify\"><span style=\"font-family: Arial, sans-serif;\"><span style=\"font-size: x-large;\">Barcos, floreros, canastas, y aves hechas con frutas, verduras, hortalizas, cubiertas de chocolate, almidones, y flores naturales, fueron algunas de las figuras presentadas por los participantes como demostraci\u00f3n de estas obras de arte que son id\u00f3neas para el ornamento de eventos.<\/span><\/span><\/p>\n<p class=\"western\" align=\"justify\"><span style=\"font-family: Arial, sans-serif;\"><span style=\"font-size: x-large;\"><img loading=\"lazy\" decoding=\"async\" class=\"aligncenter wp-image-33033 size-full\" src=\"https:\/\/www.inces.gob.ve\/wp-content\/uploads\/2019\/12\/INCES-curso-de-Tallado-de-Figuras-2-.jpg\" alt=\"\" width=\"800\" height=\"600\" srcset=\"https:\/\/inces.gob.ve\/wp-content\/uploads\/2019\/12\/INCES-curso-de-Tallado-de-Figuras-2-.jpg 800w, https:\/\/inces.gob.ve\/wp-content\/uploads\/2019\/12\/INCES-curso-de-Tallado-de-Figuras-2--300x225.jpg 300w, https:\/\/inces.gob.ve\/wp-content\/uploads\/2019\/12\/INCES-curso-de-Tallado-de-Figuras-2--768x576.jpg 768w, https:\/\/inces.gob.ve\/wp-content\/uploads\/2019\/12\/INCES-curso-de-Tallado-de-Figuras-2--136x102.jpg 136w\" sizes=\"auto, (max-width: 800px) 100vw, 800px\" \/><\/span><\/span><\/p>\n<p class=\"western\" align=\"justify\"><span style=\"font-family: Arial, sans-serif;\"><span style=\"font-size: x-large;\">La participante Innova Mart\u00ednez manifest\u00f3: \u201cAgradecemos al Inces por la iniciativa de brindar esta formaci\u00f3n y a la profesora por la bella labor de compartir sus saberes; a todos mis compa\u00f1eros por ser los pioneros en recibir este curso, por que seremos punta de lanza en ejemplo y proyecci\u00f3n para ser cada d\u00eda mejores\u201d <\/span><\/span><\/p>\n<p class=\"western\" align=\"justify\"><span style=\"font-family: Arial, sans-serif;\"><span style=\"font-size: x-large;\">Por su parte, Salazar felicit\u00f3 a los graduandos y expres\u00f3: \u201cLa idea es que aprendan y emprendan. Desde la divisi\u00f3n nos hemos dado la tarea de motivar y hacer seguimiento aquellas personas que se han capacitado en la instituci\u00f3n. Lo que queremos es que a final de a\u00f1o nos puedan decir ya yo tengo mi negocio, porque Venezuela tiene mucho que dar y ustedes son los que pueden sacar este pa\u00eds adelante\u201d.<img loading=\"lazy\" decoding=\"async\" class=\"aligncenter wp-image-33035 size-full\" src=\"https:\/\/www.inces.gob.ve\/wp-content\/uploads\/2019\/12\/INCES-curso-de-Tallado-de-Figuras-6-.jpg\" alt=\"\" width=\"800\" height=\"600\" srcset=\"https:\/\/inces.gob.ve\/wp-content\/uploads\/2019\/12\/INCES-curso-de-Tallado-de-Figuras-6-.jpg 800w, https:\/\/inces.gob.ve\/wp-content\/uploads\/2019\/12\/INCES-curso-de-Tallado-de-Figuras-6--300x225.jpg 300w, https:\/\/inces.gob.ve\/wp-content\/uploads\/2019\/12\/INCES-curso-de-Tallado-de-Figuras-6--768x576.jpg 768w, https:\/\/inces.gob.ve\/wp-content\/uploads\/2019\/12\/INCES-curso-de-Tallado-de-Figuras-6--136x102.jpg 136w\" sizes=\"auto, (max-width: 800px) 100vw, 800px\" \/><\/span><\/span><\/p>\n<p class=\"western\" align=\"justify\"><span style=\"font-family: Arial, sans-serif;\"><span style=\"font-size: x-large;\">Adem\u00e1s aprovech\u00f3 la ocasi\u00f3n para invitarlos a una expoferia de emprendedores Inces que se realizar\u00e1 el 10 de diciembre.<\/span><\/span><\/p>\n<p class=\"western\" align=\"justify\">\n<p class=\"western\" align=\"justify\">\n","protected":false},"excerpt":{"rendered":"<p>** Los egresados aprendieron a realizar m\u00e1s de 25 tipos de figuras en verduras, hortalizas y frutas.<\/p>\n","protected":false},"author":15,"featured_media":33034,"comment_status":"closed","ping_status":"open","sticky":false,"template":"","format":"standard","meta":{"footnotes":""},"categories":[2],"tags":[93],"class_list":["post-33030","post","type-post","status-publish","format-standard","has-post-thumbnail","hentry","category-blog","tag-bolivar"],"_links":{"self":[{"href":"https:\/\/inces.gob.ve\/index.php\/wp-json\/wp\/v2\/posts\/33030","targetHints":{"allow":["GET"]}}],"collection":[{"href":"https:\/\/inces.gob.ve\/index.php\/wp-json\/wp\/v2\/posts"}],"about":[{"href":"https:\/\/inces.gob.ve\/index.php\/wp-json\/wp\/v2\/types\/post"}],"author":[{"embeddable":true,"href":"https:\/\/inces.gob.ve\/index.php\/wp-json\/wp\/v2\/users\/15"}],"replies":[{"embeddable":true,"href":"https:\/\/inces.gob.ve\/index.php\/wp-json\/wp\/v2\/comments?post=33030"}],"version-history":[{"count":1,"href":"https:\/\/inces.gob.ve\/index.php\/wp-json\/wp\/v2\/posts\/33030\/revisions"}],"predecessor-version":[{"id":33036,"href":"https:\/\/inces.gob.ve\/index.php\/wp-json\/wp\/v2\/posts\/33030\/revisions\/33036"}],"wp:featuredmedia":[{"embeddable":true,"href":"https:\/\/inces.gob.ve\/index.php\/wp-json\/wp\/v2\/media\/33034"}],"wp:attachment":[{"href":"https:\/\/inces.gob.ve\/index.php\/wp-json\/wp\/v2\/media?parent=33030"}],"wp:term":[{"taxonomy":"category","embeddable":true,"href":"https:\/\/inces.gob.ve\/index.php\/wp-json\/wp\/v2\/categories?post=33030"},{"taxonomy":"post_tag","embeddable":true,"href":"https:\/\/inces.gob.ve\/index.php\/wp-json\/wp\/v2\/tags?post=33030"}],"curies":[{"name":"wp","href":"https:\/\/api.w.org\/{rel}","templated":true}]}}