{"id":33037,"date":"2019-12-31T08:14:33","date_gmt":"2019-12-31T14:14:33","guid":{"rendered":"https:\/\/inces.gob.ve\/?p=33037"},"modified":"2020-05-28T20:25:12","modified_gmt":"2020-05-29T00:25:12","slug":"margarita-nueva-esparta-logra-primer-lugar-en-el-festival-expresa-tu-talento-del-inces","status":"publish","type":"post","link":"https:\/\/inces.gob.ve\/index.php\/2019\/12\/31\/margarita-nueva-esparta-logra-primer-lugar-en-el-festival-expresa-tu-talento-del-inces\/","title":{"rendered":"Margarita | Nueva Esparta logra primer lugar en el festival expresa tu talento del Inces"},"content":{"rendered":"<p class=\"western\" align=\"justify\"><span style=\"font-family: Arial, sans-serif;\"><span style=\"font-size: x-large;\"><i><b>** La competencia se realiz\u00f3 en los espacios de la sede nacional del Inces.<\/b><\/i><\/span><\/span><\/p>\n<p class=\"western\" align=\"justify\"><!--more--><\/p>\n<p class=\"western\" align=\"justify\"><span style=\"font-family: Arial, sans-serif;\"><span style=\"font-size: x-large;\">Frank M\u00e9ndez<\/span><\/span><\/p>\n<p class=\"western\" align=\"justify\"><span style=\"font-family: Arial, sans-serif;\"><span style=\"font-size: x-large;\">Finaliz\u00f3 el festival La Voz Inces: ven y Expresa tu Talento, en el auditorio de la sede principal del Inces, donde la representante del estado Nueva Esparta logr\u00f3 obtener el primer lugar en la categor\u00eda de Danza.<\/span><\/span><\/p>\n<p class=\"western\" align=\"justify\"><span style=\"font-family: Arial, sans-serif;\"><span style=\"font-size: x-large;\">Esta actividad cont\u00f3 con una duraci\u00f3n de 3 d\u00edas, lapso donde acudieron participantes de los 23 estados del pa\u00eds en para concursar en las categor\u00edas: canto, baile y actuaci\u00f3n.<img loading=\"lazy\" decoding=\"async\" class=\"aligncenter wp-image-33039 \" src=\"https:\/\/www.inces.gob.ve\/wp-content\/uploads\/2019\/12\/INCES-festival-expresa-tu-talento3-.jpg\" alt=\"\" width=\"576\" height=\"626\" srcset=\"https:\/\/inces.gob.ve\/wp-content\/uploads\/2019\/12\/INCES-festival-expresa-tu-talento3-.jpg 700w, https:\/\/inces.gob.ve\/wp-content\/uploads\/2019\/12\/INCES-festival-expresa-tu-talento3--276x300.jpg 276w\" sizes=\"auto, (max-width: 576px) 100vw, 576px\" \/><\/span><\/span><\/p>\n<p class=\"western\" align=\"justify\"><span style=\"font-family: Arial, sans-serif;\"><span style=\"font-size: x-large;\">La joven Antonela Rojas, quien es participante del Programa Nacional de Aprendizaje del Inces Nueva Esparta, en el \u00e1rea de Chamba Juvenil, sorprendi\u00f3 al jurado calificador con la pieza musical de Francisco Mata, \u201cMar de la Virgen Bonita\u201d, dando una muestra de nuestra cultura y de nuestros valores y llev\u00e1ndose el premio como la mejor bailadora de la jornada.<\/span><\/span><\/p>\n<p class=\"western\" align=\"justify\"><span style=\"font-family: Arial, sans-serif;\"><span style=\"font-size: x-large;\">El gerente regional del Inces en Nueva Esparta Alex Andarcia manifest\u00f3: \u201cEstamos felices y orgullos porque es una joven margarite\u00f1a aprendiz del Inces, que resalta nuestra cultura a trav\u00e9s de la danza, d\u00e1ndole justo valor a las ra\u00edces neoespartanas con esa gran pieza musical de nuestro Francisco Mata, de parte de la gerencia regional le damos un gran abrazo de felicitaci\u00f3n por haber obtenido ese triunfo que nos compromete a seguir trabajando por la juventud que quiere salir adelante\u201d<\/span><\/span><\/p>\n","protected":false},"excerpt":{"rendered":"<p>** La competencia se realiz\u00f3 en los espacios de la sede nacional del Inces.<\/p>\n","protected":false},"author":15,"featured_media":33038,"comment_status":"closed","ping_status":"closed","sticky":false,"template":"","format":"standard","meta":{"footnotes":""},"categories":[2],"tags":[85],"class_list":["post-33037","post","type-post","status-publish","format-standard","has-post-thumbnail","hentry","category-blog","tag-nueva-esparta"],"_links":{"self":[{"href":"https:\/\/inces.gob.ve\/index.php\/wp-json\/wp\/v2\/posts\/33037","targetHints":{"allow":["GET"]}}],"collection":[{"href":"https:\/\/inces.gob.ve\/index.php\/wp-json\/wp\/v2\/posts"}],"about":[{"href":"https:\/\/inces.gob.ve\/index.php\/wp-json\/wp\/v2\/types\/post"}],"author":[{"embeddable":true,"href":"https:\/\/inces.gob.ve\/index.php\/wp-json\/wp\/v2\/users\/15"}],"replies":[{"embeddable":true,"href":"https:\/\/inces.gob.ve\/index.php\/wp-json\/wp\/v2\/comments?post=33037"}],"version-history":[{"count":1,"href":"https:\/\/inces.gob.ve\/index.php\/wp-json\/wp\/v2\/posts\/33037\/revisions"}],"predecessor-version":[{"id":33040,"href":"https:\/\/inces.gob.ve\/index.php\/wp-json\/wp\/v2\/posts\/33037\/revisions\/33040"}],"wp:featuredmedia":[{"embeddable":true,"href":"https:\/\/inces.gob.ve\/index.php\/wp-json\/wp\/v2\/media\/33038"}],"wp:attachment":[{"href":"https:\/\/inces.gob.ve\/index.php\/wp-json\/wp\/v2\/media?parent=33037"}],"wp:term":[{"taxonomy":"category","embeddable":true,"href":"https:\/\/inces.gob.ve\/index.php\/wp-json\/wp\/v2\/categories?post=33037"},{"taxonomy":"post_tag","embeddable":true,"href":"https:\/\/inces.gob.ve\/index.php\/wp-json\/wp\/v2\/tags?post=33037"}],"curies":[{"name":"wp","href":"https:\/\/api.w.org\/{rel}","templated":true}]}}