{"id":33072,"date":"2019-12-31T11:52:59","date_gmt":"2019-12-31T17:52:59","guid":{"rendered":"https:\/\/inces.gob.ve\/?p=33072"},"modified":"2020-05-28T20:25:12","modified_gmt":"2020-05-29T00:25:12","slug":"carabobo-emprendedores-participan-en-curso-de-planificacion-domestica-en-cfs-simon-rodriguez","status":"publish","type":"post","link":"https:\/\/inces.gob.ve\/index.php\/2019\/12\/31\/carabobo-emprendedores-participan-en-curso-de-planificacion-domestica-en-cfs-simon-rodriguez\/","title":{"rendered":"CARABOBO | Emprendedores participan en curso de Planificaci\u00f3n Dom\u00e9stica en CFS Sim\u00f3n Rodr\u00edguez"},"content":{"rendered":"<p align=\"justify\"><span style=\"font-family: Arial, sans-serif;\"><span style=\"font-size: x-large;\"><i><b>** En este grupo de 80 participantes se encuentran ocho emprendedores que de manera emp\u00edrica incursionaron en el \u00e1rea de panader\u00eda y ahora conocer\u00e1n otras t\u00e9cnicas para la elaboraci\u00f3n de panes, de la mano del Inces Carabobo y de la MTP Yolanda Zapata<\/b><\/i><\/span><\/span><\/p>\n<p align=\"justify\"><!--more--><\/p>\n<p align=\"justify\"><span style=\"font-family: Arial, sans-serif;\"><span style=\"font-size: x-large;\"><b>ATILIA CORTEZ <\/b><\/span><\/span><\/p>\n<p align=\"justify\"><span style=\"font-family: Arial, sans-serif;\"><span style=\"font-size: x-large;\">En el centro de formaci\u00f3n socialista (CFS) Sim\u00f3n Rodr\u00edguez, ubicado en la avenida Lara de Valencia, se est\u00e1 realizando el curso Panificaci\u00f3n Dom\u00e9stica con 80 participantes entre j\u00f3venes y adultos, de los cuales ocho son emprendedores y est\u00e1n bajo la coordinaci\u00f3n de la maestra t\u00e9cnica productiva (MTP) Yolanda Zapata. <\/span><\/span><\/p>\n<p align=\"justify\"><span style=\"font-family: Arial, sans-serif;\"><span style=\"font-size: x-large;\">Es de destacar que entre los emprendedores se encuentra un joven de 17 a\u00f1os quien incursion\u00f3 en el \u00e1rea de la panader\u00eda desde los 13 a\u00f1os y desde su hogar elabora panes para ser distribuidos en su comunidad.<\/span><\/span><\/p>\n<p align=\"justify\"><img loading=\"lazy\" decoding=\"async\" class=\"aligncenter wp-image-33074 size-full\" src=\"https:\/\/www.inces.gob.ve\/wp-content\/uploads\/2019\/12\/INCES-curso-Planificaci\u00f3n-Dom\u00e9stica2-.jpg\" alt=\"\" width=\"800\" height=\"600\" srcset=\"https:\/\/inces.gob.ve\/wp-content\/uploads\/2019\/12\/INCES-curso-Planificaci\u00f3n-Dom\u00e9stica2-.jpg 800w, https:\/\/inces.gob.ve\/wp-content\/uploads\/2019\/12\/INCES-curso-Planificaci\u00f3n-Dom\u00e9stica2--300x225.jpg 300w, https:\/\/inces.gob.ve\/wp-content\/uploads\/2019\/12\/INCES-curso-Planificaci\u00f3n-Dom\u00e9stica2--768x576.jpg 768w, https:\/\/inces.gob.ve\/wp-content\/uploads\/2019\/12\/INCES-curso-Planificaci\u00f3n-Dom\u00e9stica2--136x102.jpg 136w\" sizes=\"auto, (max-width: 800px) 100vw, 800px\" \/><\/p>\n<p align=\"justify\"><span style=\"font-family: Arial, sans-serif;\"><span style=\"font-size: x-large;\">Entre tanto, Elujer Achavigersis joven de 17 a\u00f1os, emprendedor y participante del curso explic\u00f3: \u201cDesde los 13 a\u00f1os me inicie en el \u00e1rea de la panader\u00eda, y sin importar mi edad decid\u00ed emprender mi propio negocio, con recursos propios y desde mi casa y ahora de manera formal realizar cursos en el \u00e1rea de panader\u00eda con Inces a quien le agradezco esta oportunidad.<\/span><\/span><\/p>\n<p align=\"justify\">\n<p align=\"justify\"><span style=\"font-family: Arial, sans-serif;\"><span style=\"font-size: x-large;\">Por su parte, Ismari Algueta, con 9 a\u00f1os como emprendedora en panader\u00eda, expres\u00f3: \u201cEste es un negocio familiar que venimos desarrollando desde el hogar. Elaboramos pan salado, campesino, sobado y dulce. S\u00ed, son m\u00e1s de nueve a\u00f1os en esta actividad y ahora decid\u00ed formarme en el Inces\u201d.<\/span><\/span><\/p>\n<p align=\"justify\">\n<p align=\"justify\"><span style=\"font-family: Arial, sans-serif;\"><span style=\"font-size: x-large;\">Finalmente la MTP Yolanda Zapata acot\u00f3 que sin duda alguna que \u201cest\u00e1 ha sido una de mis formaciones con mayor cantidad de participantes y donde ya hay emprendedores. Esto es sin lugar a dudas \u201cFormar produciendo, y producir formando\u201d.<\/span><\/span><\/p>\n<p align=\"justify\"><img loading=\"lazy\" decoding=\"async\" class=\"aligncenter wp-image-33073 size-full\" src=\"https:\/\/www.inces.gob.ve\/wp-content\/uploads\/2019\/12\/INCES-curso-Planificaci\u00f3n-Dom\u00e9stica1-.jpg\" alt=\"\" width=\"800\" height=\"600\" srcset=\"https:\/\/inces.gob.ve\/wp-content\/uploads\/2019\/12\/INCES-curso-Planificaci\u00f3n-Dom\u00e9stica1-.jpg 800w, https:\/\/inces.gob.ve\/wp-content\/uploads\/2019\/12\/INCES-curso-Planificaci\u00f3n-Dom\u00e9stica1--300x225.jpg 300w, https:\/\/inces.gob.ve\/wp-content\/uploads\/2019\/12\/INCES-curso-Planificaci\u00f3n-Dom\u00e9stica1--768x576.jpg 768w, https:\/\/inces.gob.ve\/wp-content\/uploads\/2019\/12\/INCES-curso-Planificaci\u00f3n-Dom\u00e9stica1--136x102.jpg 136w\" sizes=\"auto, (max-width: 800px) 100vw, 800px\" \/><br \/>\n<span style=\"font-family: Arial, sans-serif;\"><span style=\"font-size: x-large;\">Se pudo conocer que en el curso Panificaci\u00f3n Dom\u00e9stica han elaborado, para la fecha, pan de jam\u00f3n, pizza, pan dulce, pi\u00f1ita, de coco, salado, besitos de coco y coco con pi\u00f1a .<\/span><\/span><\/p>\n","protected":false},"excerpt":{"rendered":"<p>** En este grupo de 80 participantes se encuentran ocho emprendedores que de manera emp\u00edrica incursionaron en el \u00e1rea de panader\u00eda y ahora conocer\u00e1n otras t\u00e9cnicas para la elaboraci\u00f3n de panes, de la mano del Inces Carabobo y de la MTP Yolanda Zapata<\/p>\n","protected":false},"author":15,"featured_media":33075,"comment_status":"closed","ping_status":"closed","sticky":false,"template":"","format":"standard","meta":{"footnotes":""},"categories":[2],"tags":[91],"class_list":["post-33072","post","type-post","status-publish","format-standard","has-post-thumbnail","hentry","category-blog","tag-carabobo"],"_links":{"self":[{"href":"https:\/\/inces.gob.ve\/index.php\/wp-json\/wp\/v2\/posts\/33072","targetHints":{"allow":["GET"]}}],"collection":[{"href":"https:\/\/inces.gob.ve\/index.php\/wp-json\/wp\/v2\/posts"}],"about":[{"href":"https:\/\/inces.gob.ve\/index.php\/wp-json\/wp\/v2\/types\/post"}],"author":[{"embeddable":true,"href":"https:\/\/inces.gob.ve\/index.php\/wp-json\/wp\/v2\/users\/15"}],"replies":[{"embeddable":true,"href":"https:\/\/inces.gob.ve\/index.php\/wp-json\/wp\/v2\/comments?post=33072"}],"version-history":[{"count":1,"href":"https:\/\/inces.gob.ve\/index.php\/wp-json\/wp\/v2\/posts\/33072\/revisions"}],"predecessor-version":[{"id":33076,"href":"https:\/\/inces.gob.ve\/index.php\/wp-json\/wp\/v2\/posts\/33072\/revisions\/33076"}],"wp:featuredmedia":[{"embeddable":true,"href":"https:\/\/inces.gob.ve\/index.php\/wp-json\/wp\/v2\/media\/33075"}],"wp:attachment":[{"href":"https:\/\/inces.gob.ve\/index.php\/wp-json\/wp\/v2\/media?parent=33072"}],"wp:term":[{"taxonomy":"category","embeddable":true,"href":"https:\/\/inces.gob.ve\/index.php\/wp-json\/wp\/v2\/categories?post=33072"},{"taxonomy":"post_tag","embeddable":true,"href":"https:\/\/inces.gob.ve\/index.php\/wp-json\/wp\/v2\/tags?post=33072"}],"curies":[{"name":"wp","href":"https:\/\/api.w.org\/{rel}","templated":true}]}}