{"id":33133,"date":"2020-01-09T08:44:06","date_gmt":"2020-01-09T14:44:06","guid":{"rendered":"https:\/\/inces.gob.ve\/?p=33133"},"modified":"2020-05-28T20:25:12","modified_gmt":"2020-05-29T00:25:12","slug":"carabobo-inces-certifica-saberes-en-peluqueria-a-un-grupo-de-mujeres","status":"publish","type":"post","link":"https:\/\/inces.gob.ve\/index.php\/2020\/01\/09\/carabobo-inces-certifica-saberes-en-peluqueria-a-un-grupo-de-mujeres\/","title":{"rendered":"CARABOBO | Inces certifica saberes en peluquer\u00eda a un grupo de mujeres"},"content":{"rendered":"<p align=\"justify\"><span style=\"font-family: Arial, sans-serif;\"><span style=\"font-size: x-large;\"><i><b>** Otro grupo de mujeres certificaron sus saberes en el \u00e1rea de Peluquer\u00eda gracias al Inces<\/b><\/i><\/span><\/span><\/p>\n<p align=\"justify\">\n<!--more--><\/p>\n<p align=\"justify\"><em><span style=\"font-family: Arial, sans-serif;\"><span style=\"font-size: x-large;\"><b>VANESSA GONZ\u00c1LEZ<\/b><\/span><\/span><\/em><\/p>\n<p align=\"justify\"><span style=\"font-family: Arial, sans-serif;\"><span style=\"font-size: x-large;\">Las participantes, provenientes de distintas parte de la regi\u00f3n, mayormente de San Diego, durante cuatro martes consecutivos llevaron a cabo sus pr\u00e1cticas seg\u00fan su \u00e1rea de dominio, en el centro de formaci\u00f3n socialista (CFS) Luis Beltr\u00e1n Prieto Figueroa, ubicado en el sector Los Colorados, del municipio Valencia.<\/span><\/span><\/p>\n<p align=\"justify\">\n<p align=\"justify\"><span style=\"font-family: Arial, sans-serif;\"><span style=\"font-size: x-large;\">Por tratarse de una certificaci\u00f3n de oficios que llev\u00f3 un mes, se le denomin\u00f3 Jornada de Peluquer\u00eda B\u00e1sica \u201cMotivando a Venezuela\u201d, en el cual realizaron secado y planchado de cabello, peinados diversos, colorimetr\u00eda, manicure, depilado de cejas y bozo.<\/span><\/span><\/p>\n<p align=\"justify\">\n<p align=\"justify\"><span style=\"font-family: Arial, sans-serif;\"><span style=\"font-size: x-large;\">En ese sentido, Marcia Ceballos, jefa del citado centro, indic\u00f3 que muchas participantes ya trabajan el oficio desde sus hogares y buscan seguir form\u00e1ndose y trabajando a trav\u00e9s de la certificaci\u00f3n, cuyas pr\u00e1cticas beneficiaron a las trabajadoras de la instituci\u00f3n y p\u00fablico aleda\u00f1o. <\/span><\/span><\/p>\n<p align=\"justify\">\n<p align=\"justify\"><span style=\"font-family: Arial, sans-serif;\"><span style=\"font-size: x-large;\"><b>Con la expectativa de aprender<\/b><\/span><\/span><\/p>\n<p align=\"justify\"><span style=\"font-family: Arial, sans-serif;\"><span style=\"font-size: x-large;\">Entre las participantes estuvo Gisel de S\u00e1nchez, quien actualiz\u00f3 sus conocimientos en colorimetr\u00eda y \u00faltimas tendencias.<\/span><\/span><\/p>\n<p align=\"justify\">\n<p align=\"justify\"><span style=\"font-family: Arial, sans-serif;\"><span style=\"font-size: x-large;\">La tambi\u00e9n educadora retoma el oficio con la expectativa de aprender mucho m\u00e1s para trabajar y obtener un sustento de vida, a su vez \u201ccompartimos, prestamos un servicio, agradeciendo a las personas que depositan su confianza en ellas para aprender\u201d, reconoce.<\/span><\/span><\/p>\n<p align=\"justify\">\n<p align=\"justify\"><span style=\"font-family: Arial, sans-serif;\"><span style=\"font-size: x-large;\">En esa l\u00ednea, la participante Roxana Polanco ha venido trabajando de forma independiente en su casa en San Diego. Desde hace cinco a\u00f1os hace la aplicaci\u00f3n de tintes, lavado y planchado, manicure y m\u00e1s. <\/span><\/span><\/p>\n<p align=\"justify\">\n<p align=\"justify\"><span style=\"font-family: Arial, sans-serif;\"><span style=\"font-size: x-large;\">En tanto que Aleska Medina, procedente de Yagua, tambi\u00e9n ven\u00eda de trabajar en esta \u00e1rea y de la mano del Inces y sus compa\u00f1eras aprende m\u00e1s, \u201cnos ayudamos entre todos\u201d, dice.<\/span><\/span><\/p>\n<p align=\"justify\"><span style=\"font-family: Arial, sans-serif;\"><span style=\"font-size: x-large;\">Para el trabajador del Inces, Carlos Wuariato, representante del Programa de Formaci\u00f3n en Entidad de Trabajo, se pudo observar una buena calidad de trabajo en lo que realizaron.<\/span><\/span><\/p>\n<p align=\"justify\">\n<p align=\"justify\"><span style=\"font-family: Arial, sans-serif;\"><span style=\"font-size: x-large;\">Enma Rodr\u00edguez, del \u00e1rea de Recursos Humanos, qued\u00f3 maravillada con la actividad que benefici\u00f3 al personal.<\/span><\/span><\/p>\n<p align=\"justify\">\n<p align=\"justify\"><span style=\"font-family: Arial, sans-serif;\"><span style=\"font-size: x-large;\">Por su lado, Flor G\u00f3mez, del \u00e1rea de Mantenimiento quiere que se repita en otras oportunidades esta jornada, \u201cque estuvo de maravilla\u201d, describi\u00f3.<\/span><\/span><\/p>\n<p align=\"justify\">\n","protected":false},"excerpt":{"rendered":"<p>** Otro grupo de mujeres certificaron sus saberes en el \u00e1rea de Peluquer\u00eda gracias al Inces<\/p>\n","protected":false},"author":15,"featured_media":33134,"comment_status":"closed","ping_status":"closed","sticky":false,"template":"","format":"standard","meta":{"footnotes":""},"categories":[2],"tags":[91],"class_list":["post-33133","post","type-post","status-publish","format-standard","has-post-thumbnail","hentry","category-blog","tag-carabobo"],"_links":{"self":[{"href":"https:\/\/inces.gob.ve\/index.php\/wp-json\/wp\/v2\/posts\/33133","targetHints":{"allow":["GET"]}}],"collection":[{"href":"https:\/\/inces.gob.ve\/index.php\/wp-json\/wp\/v2\/posts"}],"about":[{"href":"https:\/\/inces.gob.ve\/index.php\/wp-json\/wp\/v2\/types\/post"}],"author":[{"embeddable":true,"href":"https:\/\/inces.gob.ve\/index.php\/wp-json\/wp\/v2\/users\/15"}],"replies":[{"embeddable":true,"href":"https:\/\/inces.gob.ve\/index.php\/wp-json\/wp\/v2\/comments?post=33133"}],"version-history":[{"count":1,"href":"https:\/\/inces.gob.ve\/index.php\/wp-json\/wp\/v2\/posts\/33133\/revisions"}],"predecessor-version":[{"id":33135,"href":"https:\/\/inces.gob.ve\/index.php\/wp-json\/wp\/v2\/posts\/33133\/revisions\/33135"}],"wp:featuredmedia":[{"embeddable":true,"href":"https:\/\/inces.gob.ve\/index.php\/wp-json\/wp\/v2\/media\/33134"}],"wp:attachment":[{"href":"https:\/\/inces.gob.ve\/index.php\/wp-json\/wp\/v2\/media?parent=33133"}],"wp:term":[{"taxonomy":"category","embeddable":true,"href":"https:\/\/inces.gob.ve\/index.php\/wp-json\/wp\/v2\/categories?post=33133"},{"taxonomy":"post_tag","embeddable":true,"href":"https:\/\/inces.gob.ve\/index.php\/wp-json\/wp\/v2\/tags?post=33133"}],"curies":[{"name":"wp","href":"https:\/\/api.w.org\/{rel}","templated":true}]}}