{"id":33164,"date":"2019-01-15T08:42:43","date_gmt":"2019-01-15T14:42:43","guid":{"rendered":"https:\/\/inces.gob.ve\/?p=33164"},"modified":"2020-05-28T20:30:02","modified_gmt":"2020-05-29T00:30:02","slug":"aragua-desde-el-salon-wadaka-se-realizo-todo-un-espectaculo-agradable-para-los-cinco-sentidos","status":"publish","type":"post","link":"https:\/\/inces.gob.ve\/index.php\/2019\/01\/15\/aragua-desde-el-salon-wadaka-se-realizo-todo-un-espectaculo-agradable-para-los-cinco-sentidos\/","title":{"rendered":"ARAGUA | Desde el sal\u00f3n Wad\u00e4ka se realiz\u00f3 todo un espect\u00e1culo agradable para los cinco sentidos"},"content":{"rendered":"<p align=\"justify\"><span style=\"font-family: Arial, sans-serif;\"><span style=\"font-size: x-large;\"><i><b>** Demostrando con hechos los valores de la patria culmin\u00f3 otro curso de Bartender en el Inces Regi\u00f3n Aragua<\/b><\/i><\/span><\/span><\/p>\n<p align=\"justify\">\n<!--more--><\/p>\n<p align=\"justify\"><span style=\"font-family: Arial, sans-serif;\"><span style=\"font-size: x-large;\">NINOSKA PATRIZ<\/span><\/span><\/p>\n<p align=\"justify\"><span style=\"font-family: Arial, sans-serif;\"><span style=\"font-size: x-large;\">En esta ocasi\u00f3n fueron 18 los participantes que iniciaron en el mes de septiembre su formaci\u00f3n y hoy, en su graduaci\u00f3n, con agrado, lucieron sus habilidades y destrezas en el arte de la preparaci\u00f3n de c\u00f3cteles y atenci\u00f3n al usuario con excelente calidad en el servicio. <\/span><\/span><\/p>\n<p align=\"justify\">\n<p align=\"justify\"><span style=\"font-family: Arial, sans-serif;\"><span style=\"font-size: x-large;\">La actividad cont\u00f3 con la presencia de Ana Conrroto, la profesora Nancy Mejias, C\u00e9sar Vivas y Angelo Simone, quienes adem\u00e1s de formar parte del equipo participaron del curso con cari\u00f1o siendo ejemplo del sentido de pertenencia. <\/span><\/span><\/p>\n<p align=\"justify\">\n<p align=\"justify\"><span style=\"font-family: Arial, sans-serif;\"><span style=\"font-size: x-large;\">Por su parte la jefe de Centro del centro de formaci\u00f3n socialista Turismo Neyda Medina les felicit\u00f3 e invit\u00f3 a continuar en constante aprendizaje. Cabe destacar que el evento cont\u00f3 con m\u00fasica en vivo y temas acorde con la naturaleza y origen de los tragos elegidos por los gradu\u00e1ndos. <\/span><\/span><\/p>\n<p align=\"justify\">\n<img loading=\"lazy\" decoding=\"async\" class=\"aligncenter wp-image-33166 size-full\" src=\"https:\/\/www.inces.gob.ve\/wp-content\/uploads\/2019\/12\/INCES-sal\u00f3n-Wad\u00e4ka2-.jpg\" alt=\"\" width=\"800\" height=\"450\" srcset=\"https:\/\/inces.gob.ve\/wp-content\/uploads\/2019\/12\/INCES-sal\u00f3n-Wad\u00e4ka2-.jpg 800w, https:\/\/inces.gob.ve\/wp-content\/uploads\/2019\/12\/INCES-sal\u00f3n-Wad\u00e4ka2--300x169.jpg 300w, https:\/\/inces.gob.ve\/wp-content\/uploads\/2019\/12\/INCES-sal\u00f3n-Wad\u00e4ka2--768x432.jpg 768w\" sizes=\"auto, (max-width: 800px) 100vw, 800px\" \/><\/p>\n<p align=\"justify\"><span style=\"font-family: Arial, sans-serif;\"><span style=\"font-size: x-large;\">Esto permiti\u00f3 a los asistentes, amigos de esta casa de estudio y familiares acompa\u00f1antes entrar en situaci\u00f3n respecto a la ponencia de cada participante. \u201cNos sentimos parte de la gran familia Inces y llevaremos con nosotros fuertes lazos de amistad, compa\u00f1erismo y trabajo en equipo para el futuro\u201d Expres\u00f3 Denisca De Marco, antes de comenzar su exposici\u00f3n. <\/span><\/span><\/p>\n<p align=\"justify\">\n<img loading=\"lazy\" decoding=\"async\" class=\"aligncenter wp-image-33165 size-full\" src=\"https:\/\/www.inces.gob.ve\/wp-content\/uploads\/2019\/12\/INCES-sal\u00f3n-Wad\u00e4ka1-.jpg\" alt=\"\" width=\"800\" height=\"450\" srcset=\"https:\/\/inces.gob.ve\/wp-content\/uploads\/2019\/12\/INCES-sal\u00f3n-Wad\u00e4ka1-.jpg 800w, https:\/\/inces.gob.ve\/wp-content\/uploads\/2019\/12\/INCES-sal\u00f3n-Wad\u00e4ka1--300x169.jpg 300w, https:\/\/inces.gob.ve\/wp-content\/uploads\/2019\/12\/INCES-sal\u00f3n-Wad\u00e4ka1--768x432.jpg 768w\" sizes=\"auto, (max-width: 800px) 100vw, 800px\" \/><\/p>\n<p align=\"justify\"><span style=\"font-family: Arial, sans-serif;\"><span style=\"font-size: x-large;\">As\u00ed mismo, el profesor Alexis Mijares, agradeciendo la presencia de todos explic\u00f3 que este oficio, m\u00e1s que una profesi\u00f3n es un estilo de vida que se perfecciona con la pr\u00e1ctica. Del mismo modo dio a conocer que seg\u00fan el gusto de cada cliente se pueden preparar c\u00f3cteles secos y tropicales, dentro de la gama de: s\u00f3lidos, flameados, refrescados, colados y en frozen. <\/span><\/span><\/p>\n<p align=\"justify\">\n<p align=\"justify\"><span style=\"font-family: Arial, sans-serif;\"><span style=\"font-size: x-large;\"><b>Mezclando la mejor cosecha de valores<\/b><\/span><\/span><\/p>\n<p align=\"justify\"><span style=\"font-family: Arial, sans-serif;\"><span style=\"font-size: x-large;\">\u00abLa innovaci\u00f3n, el trabajo impecable, la seguridad en s\u00ed mismo, las mejores t\u00e9cnicas para el manejo del miedo esc\u00e9nico, el dominio pr\u00e1ctico y te\u00f3rico de todo lo relacionado al Servicio de Bar, Atenci\u00f3n al P\u00fablico, Protocolo, Organizaci\u00f3n de Banquetes y Sensibilizaci\u00f3n al P\u00fablico entre otras, son algunas de las materias tocadas a lo largo de este curso\u201d, recalc\u00f3 C\u00e9sar Vivas, desde el control t\u00e9cnico de la ambientaci\u00f3n musical. <\/span><\/span><\/p>\n<p align=\"justify\">\n<p align=\"justify\"><span style=\"font-family: Arial, sans-serif;\"><span style=\"font-size: x-large;\">Y en el mismo orden de ideas, Daniel Matheus, participante agreg\u00f3: \u201cRealmente uno siente cada d\u00eda de formaci\u00f3n con los profesores del Inces, que te capacitan de manera integral, no solo a nivel t\u00e9cnico, sino que tambi\u00e9n te ayudan a crecer como ser humano. Son enciclopedias ambulantes repletos de humanidad\u201d. <\/span><\/span><\/p>\n<p align=\"justify\">\n<img loading=\"lazy\" decoding=\"async\" class=\"aligncenter wp-image-33167 size-full\" src=\"https:\/\/www.inces.gob.ve\/wp-content\/uploads\/2019\/12\/INCES-sal\u00f3n-Wad\u00e4ka3-1.jpg\" alt=\"\" width=\"800\" height=\"450\" srcset=\"https:\/\/inces.gob.ve\/wp-content\/uploads\/2019\/12\/INCES-sal\u00f3n-Wad\u00e4ka3-1.jpg 800w, https:\/\/inces.gob.ve\/wp-content\/uploads\/2019\/12\/INCES-sal\u00f3n-Wad\u00e4ka3-1-300x169.jpg 300w, https:\/\/inces.gob.ve\/wp-content\/uploads\/2019\/12\/INCES-sal\u00f3n-Wad\u00e4ka3-1-768x432.jpg 768w\" sizes=\"auto, (max-width: 800px) 100vw, 800px\" \/><\/p>\n<p align=\"justify\"><span style=\"font-family: Arial, sans-serif;\"><span style=\"font-size: x-large;\">Y ya para finalizar Mijares record\u00f3 la importancia de cuidar los detalles en la ejecuci\u00f3n de cualquier actividad, pues \u201cnuestro \u00e9xito en esta \u00e1rea est\u00e1 en construir gratos recuerdos que duran para toda la vida. Nuestra misi\u00f3n es impulsar a otros a seguir apostando por la patria y el desarrollo econ\u00f3mico de la naci\u00f3n\u201d. <\/span><\/span><\/p>\n","protected":false},"excerpt":{"rendered":"<p>** Demostrando con hechos los valores de la patria culmin\u00f3 otro curso de Bartender en el Inces Regi\u00f3n Aragua<\/p>\n","protected":false},"author":15,"featured_media":33168,"comment_status":"closed","ping_status":"closed","sticky":false,"template":"","format":"standard","meta":{"footnotes":""},"categories":[2],"tags":[86],"class_list":["post-33164","post","type-post","status-publish","format-standard","has-post-thumbnail","hentry","category-blog","tag-aragua"],"_links":{"self":[{"href":"https:\/\/inces.gob.ve\/index.php\/wp-json\/wp\/v2\/posts\/33164","targetHints":{"allow":["GET"]}}],"collection":[{"href":"https:\/\/inces.gob.ve\/index.php\/wp-json\/wp\/v2\/posts"}],"about":[{"href":"https:\/\/inces.gob.ve\/index.php\/wp-json\/wp\/v2\/types\/post"}],"author":[{"embeddable":true,"href":"https:\/\/inces.gob.ve\/index.php\/wp-json\/wp\/v2\/users\/15"}],"replies":[{"embeddable":true,"href":"https:\/\/inces.gob.ve\/index.php\/wp-json\/wp\/v2\/comments?post=33164"}],"version-history":[{"count":1,"href":"https:\/\/inces.gob.ve\/index.php\/wp-json\/wp\/v2\/posts\/33164\/revisions"}],"predecessor-version":[{"id":33169,"href":"https:\/\/inces.gob.ve\/index.php\/wp-json\/wp\/v2\/posts\/33164\/revisions\/33169"}],"wp:featuredmedia":[{"embeddable":true,"href":"https:\/\/inces.gob.ve\/index.php\/wp-json\/wp\/v2\/media\/33168"}],"wp:attachment":[{"href":"https:\/\/inces.gob.ve\/index.php\/wp-json\/wp\/v2\/media?parent=33164"}],"wp:term":[{"taxonomy":"category","embeddable":true,"href":"https:\/\/inces.gob.ve\/index.php\/wp-json\/wp\/v2\/categories?post=33164"},{"taxonomy":"post_tag","embeddable":true,"href":"https:\/\/inces.gob.ve\/index.php\/wp-json\/wp\/v2\/tags?post=33164"}],"curies":[{"name":"wp","href":"https:\/\/api.w.org\/{rel}","templated":true}]}}