{"id":33270,"date":"2020-01-17T11:59:22","date_gmt":"2020-01-17T17:59:22","guid":{"rendered":"https:\/\/inces.gob.ve\/?p=33270"},"modified":"2020-05-28T20:34:42","modified_gmt":"2020-05-29T00:34:42","slug":"trujillo-en-2020-la-gobernacion-trujillana-otorgara-dos-creditos-al-inces","status":"publish","type":"post","link":"https:\/\/inces.gob.ve\/index.php\/2020\/01\/17\/trujillo-en-2020-la-gobernacion-trujillana-otorgara-dos-creditos-al-inces\/","title":{"rendered":"TRUJILLO | En 2020 la gobernaci\u00f3n trujillana otorgar\u00e1 dos cr\u00e9ditos al Inces"},"content":{"rendered":"<p align=\"justify\"><span style=\"font-family: Arial, sans-serif;\"><span style=\"font-size: x-large;\"><i><b>** As\u00ed lo inform\u00f3 Ang\u00e9lica Mor\u00f3n, gerente regional, quien indic\u00f3 algunas instrucciones precisas para brindar mayor operatividad en los centros formativos<\/b><\/i><\/span><\/span><\/p>\n<p align=\"justify\"><!--more--><\/p>\n<p align=\"justify\">\n<p align=\"justify\"><span style=\"font-family: Arial, sans-serif;\"><span style=\"font-size: x-large;\"><b>MAR\u00cdA CABRERA<\/b> <\/span><\/span><\/p>\n<p align=\"justify\"><span style=\"font-family: Arial, sans-serif;\"><span style=\"font-size: x-large;\">El Inces contar\u00e1 con dos importantes cr\u00e9ditos econ\u00f3micos para la regi\u00f3n, los cuales ascienden a 372 millones 955 mil bol\u00edvares. El primero ser\u00e1 empleado para cumplir con la meta del Plan Nacional de Mesas Sillas, que este a\u00f1o deber\u00e1 asumir el compromisos de reparar 5 mil pupitres en los municipios Bocon\u00f3, Campo El\u00edas y Urdaneta.<\/span><\/span><\/p>\n<p align=\"justify\">\n<p align=\"justify\"><span style=\"font-family: Arial, sans-serif;\"><span style=\"font-size: x-large;\">El segundo cr\u00e9dito ser\u00e1 de 45 millones 560 mil bol\u00edvares, fondos que se destinar\u00e1n para la producci\u00f3n de pijamas, pa\u00f1ales ecol\u00f3gicos, franelillas y otras piezas textiles.<\/span><\/span><\/p>\n<p align=\"justify\"><img loading=\"lazy\" decoding=\"async\" class=\"aligncenter wp-image-33272 size-full\" src=\"https:\/\/www.inces.gob.ve\/wp-content\/uploads\/2020\/01\/Inces-gobernaci\u00f3n-Dos-cr\u00e9ditos2-.jpg\" alt=\"\" width=\"850\" height=\"638\" srcset=\"https:\/\/inces.gob.ve\/wp-content\/uploads\/2020\/01\/Inces-gobernaci\u00f3n-Dos-cr\u00e9ditos2-.jpg 850w, https:\/\/inces.gob.ve\/wp-content\/uploads\/2020\/01\/Inces-gobernaci\u00f3n-Dos-cr\u00e9ditos2--300x225.jpg 300w, https:\/\/inces.gob.ve\/wp-content\/uploads\/2020\/01\/Inces-gobernaci\u00f3n-Dos-cr\u00e9ditos2--768x576.jpg 768w, https:\/\/inces.gob.ve\/wp-content\/uploads\/2020\/01\/Inces-gobernaci\u00f3n-Dos-cr\u00e9ditos2--136x102.jpg 136w\" sizes=\"auto, (max-width: 850px) 100vw, 850px\" \/><br \/>\n<span style=\"font-family: Arial, sans-serif;\"><span style=\"font-size: x-large;\">Los puntos de cuentas donde se aprueban estos recursos est\u00e1n por ser transferidos a las arcas de la instituci\u00f3n en las pr\u00f3ximas horas para de inmediato se comience a operar en su rengl\u00f3n respectivo. <\/span><\/span><\/p>\n<p align=\"justify\">\n<p align=\"justify\"><span style=\"font-family: Arial, sans-serif;\"><span style=\"font-size: x-large;\">El anuncio lo hizo la gerente regional, Ang\u00e9lica Mor\u00f3n, durante la presentaci\u00f3n de su agenda oficial 2020, en la cual se especifican las orientaciones nacionales que durante el a\u00f1o, y en especifico, el primer trimestre, deber\u00e1n cumplir cada uno de los n\u00facleos de este ente nacional, adscrito al Ministerio del Poder Popular para la Educaci\u00f3n.<\/span><\/span><\/p>\n<p align=\"justify\">\n<p align=\"justify\"><span style=\"font-family: Arial, sans-serif;\"><span style=\"font-size: x-large;\">En la presentaci\u00f3n del programa anual, Mor\u00f3n efectu\u00f3 algunas precisiones internas de funcionamiento de las organizaciones que se pretenden perfilar de manera de corregir errores y equivocaciones pasadas, para luego iniciar las explicaciones detalladas de la agenda para la basta poblaci\u00f3n de maestros, trabajadores, obreros , entre otros presentes en la cita.<\/span><\/span><\/p>\n<p align=\"justify\">\n<img loading=\"lazy\" decoding=\"async\" class=\"aligncenter wp-image-33273 size-full\" src=\"https:\/\/www.inces.gob.ve\/wp-content\/uploads\/2020\/01\/Inces-gobernaci\u00f3n-Dos-cr\u00e9ditos4-.jpg\" alt=\"\" width=\"800\" height=\"600\" srcset=\"https:\/\/inces.gob.ve\/wp-content\/uploads\/2020\/01\/Inces-gobernaci\u00f3n-Dos-cr\u00e9ditos4-.jpg 800w, https:\/\/inces.gob.ve\/wp-content\/uploads\/2020\/01\/Inces-gobernaci\u00f3n-Dos-cr\u00e9ditos4--300x225.jpg 300w, https:\/\/inces.gob.ve\/wp-content\/uploads\/2020\/01\/Inces-gobernaci\u00f3n-Dos-cr\u00e9ditos4--768x576.jpg 768w, https:\/\/inces.gob.ve\/wp-content\/uploads\/2020\/01\/Inces-gobernaci\u00f3n-Dos-cr\u00e9ditos4--136x102.jpg 136w\" sizes=\"auto, (max-width: 800px) 100vw, 800px\" \/><\/p>\n<p align=\"justify\"><span style=\"font-family: Arial, sans-serif;\"><span style=\"font-size: x-large;\">Mor\u00f3n enfatizo en sus palabras el agradecimiento a todas las entidades y personas que hicieron posible que el Inces Trujillo superara los pron\u00f3sticos y metas establecidas a nivel nacional asumiendo que el mismo fue posible gracias al trabajo en equipo y las alianzas establecidas como las concretadas con la gobernaci\u00f3n del estado Trujillo, quien con su apoyo contribuy\u00f3 a darle mayor operatividad a los planes nacionales del Inces en la regi\u00f3n con la aprobaci\u00f3n de importantes cr\u00e9ditos.<\/span><\/span><\/p>\n<p align=\"justify\">\n<p align=\"justify\"><span style=\"font-family: Arial, sans-serif;\"><span style=\"font-size: x-large;\">Consciente del reto y entendiendo que la situaci\u00f3n del gobierno nacional resulta aun m\u00e1s compleja que la del pasado 2019, la titular del Inces gir\u00f3 instrucciones precisas para brindarle mayor operatividad al n\u00facleo Trujillo; informando as\u00ed mismo la adquisici\u00f3n de cuatro personas provenientes de las brigadas productivas quienes contribuyeron con su aporte a ubicar a la instituci\u00f3n en los primeros lugares de producci\u00f3n.<\/span><\/span><\/p>\n<p align=\"justify\">\n","protected":false},"excerpt":{"rendered":"<p>** As\u00ed lo inform\u00f3 Ang\u00e9lica Mor\u00f3n, gerente regional, quien indic\u00f3 algunas instrucciones precisas para brindar mayor operatividad en los centros formativos<\/p>\n","protected":false},"author":15,"featured_media":33271,"comment_status":"closed","ping_status":"closed","sticky":false,"template":"","format":"standard","meta":{"footnotes":""},"categories":[2],"tags":[],"class_list":["post-33270","post","type-post","status-publish","format-standard","has-post-thumbnail","hentry","category-blog"],"_links":{"self":[{"href":"https:\/\/inces.gob.ve\/index.php\/wp-json\/wp\/v2\/posts\/33270","targetHints":{"allow":["GET"]}}],"collection":[{"href":"https:\/\/inces.gob.ve\/index.php\/wp-json\/wp\/v2\/posts"}],"about":[{"href":"https:\/\/inces.gob.ve\/index.php\/wp-json\/wp\/v2\/types\/post"}],"author":[{"embeddable":true,"href":"https:\/\/inces.gob.ve\/index.php\/wp-json\/wp\/v2\/users\/15"}],"replies":[{"embeddable":true,"href":"https:\/\/inces.gob.ve\/index.php\/wp-json\/wp\/v2\/comments?post=33270"}],"version-history":[{"count":1,"href":"https:\/\/inces.gob.ve\/index.php\/wp-json\/wp\/v2\/posts\/33270\/revisions"}],"predecessor-version":[{"id":33274,"href":"https:\/\/inces.gob.ve\/index.php\/wp-json\/wp\/v2\/posts\/33270\/revisions\/33274"}],"wp:featuredmedia":[{"embeddable":true,"href":"https:\/\/inces.gob.ve\/index.php\/wp-json\/wp\/v2\/media\/33271"}],"wp:attachment":[{"href":"https:\/\/inces.gob.ve\/index.php\/wp-json\/wp\/v2\/media?parent=33270"}],"wp:term":[{"taxonomy":"category","embeddable":true,"href":"https:\/\/inces.gob.ve\/index.php\/wp-json\/wp\/v2\/categories?post=33270"},{"taxonomy":"post_tag","embeddable":true,"href":"https:\/\/inces.gob.ve\/index.php\/wp-json\/wp\/v2\/tags?post=33270"}],"curies":[{"name":"wp","href":"https:\/\/api.w.org\/{rel}","templated":true}]}}