{"id":33275,"date":"2020-01-20T07:40:27","date_gmt":"2020-01-20T13:40:27","guid":{"rendered":"https:\/\/inces.gob.ve\/?p=33275"},"modified":"2020-05-28T20:25:11","modified_gmt":"2020-05-29T00:25:11","slug":"bolivar-juventud-instalo-1-tribuna-antiimperialista-en-apoyo-a-la-nacion-de-iran","status":"publish","type":"post","link":"https:\/\/inces.gob.ve\/index.php\/2020\/01\/20\/bolivar-juventud-instalo-1-tribuna-antiimperialista-en-apoyo-a-la-nacion-de-iran\/","title":{"rendered":"Bol\u00edvar |Juventud instal\u00f3  1\u00b0 Tribuna Antiimperialista en apoyo a la naci\u00f3n de Ir\u00e1n"},"content":{"rendered":"<p class=\"western\" align=\"justify\"><span style=\"font-family: Arial, sans-serif;\"><span style=\"font-size: x-large;\"><i><b>** Somos un solo pueblo, una sola lucha contra el mismo opresor. Fue la consigna elevada por los militantes de la juventud revolucionaria<\/b><\/i><\/span><\/span><\/p>\n<p align=\"justify\"><!--more--><\/p>\n<p align=\"justify\">\n<p class=\"western\" align=\"justify\"><span style=\"font-family: Arial, sans-serif;\"><span style=\"font-size: x-large;\"><b>ALEXSSIA THOMAS <\/b><\/span><\/span><\/p>\n<p class=\"western\" align=\"justify\"><span style=\"font-family: Arial, sans-serif;\"><span style=\"font-size: x-large;\">Este mi\u00e9rcoles, la Juventud Productiva del Inces instal\u00f3 una <b>Tribuna Antiimperialista<\/b> en las instalaciones del centro de formaci\u00f3n socialista (CFS) Manuel Carlos Piar, en solidaridad con el pueblo de Ir\u00e1n, el cual es amenazado por Estados Unidos.<\/span><\/span><\/p>\n<p class=\"western\" align=\"justify\"><span style=\"font-family: Arial, sans-serif;\"><span style=\"font-size: x-large;\">En la actividad estuvo presente Rosaysma Carri\u00f3n, representante de la Juventud deL Partido Socialista Unido de Venezuela (Jpsuv) e integrante de la comisi\u00f3n Inces Chamba Juvenil, j\u00f3venes del Frente Francisco de Miranda, Tupamaro y alcald\u00eda de Caron\u00ed, quienes debatieron temas de la <b>guerra pol\u00edtica y econ\u00f3mica <\/b>que impone el gobierno de los Estados Unidos en el Medio Oriente.<\/span><\/span><\/p>\n<p class=\"western\" align=\"justify\"><span style=\"font-family: Arial, sans-serif;\"><span style=\"font-size: x-large;\"><img loading=\"lazy\" decoding=\"async\" class=\"aligncenter wp-image-33277 size-full\" src=\"https:\/\/www.inces.gob.ve\/wp-content\/uploads\/2020\/01\/Inces-1\u00b0-Tribuna-Antiimperialista2-.jpg\" alt=\"\" width=\"850\" height=\"638\" srcset=\"https:\/\/inces.gob.ve\/wp-content\/uploads\/2020\/01\/Inces-1\u00b0-Tribuna-Antiimperialista2-.jpg 850w, https:\/\/inces.gob.ve\/wp-content\/uploads\/2020\/01\/Inces-1\u00b0-Tribuna-Antiimperialista2--300x225.jpg 300w, https:\/\/inces.gob.ve\/wp-content\/uploads\/2020\/01\/Inces-1\u00b0-Tribuna-Antiimperialista2--768x576.jpg 768w, https:\/\/inces.gob.ve\/wp-content\/uploads\/2020\/01\/Inces-1\u00b0-Tribuna-Antiimperialista2--136x102.jpg 136w\" sizes=\"auto, (max-width: 850px) 100vw, 850px\" \/><\/span><\/span><\/p>\n<p class=\"western\" align=\"justify\"><span style=\"font-family: Arial, sans-serif;\"><span style=\"font-size: x-large;\">Adem\u00e1s, los presentes disfrutaron de <b>actividades culturales y recreativas<\/b> acompa\u00f1adas de un buen sancocho, que permiti\u00f3 un momento de armon\u00eda.<\/span><\/span><\/p>\n<p class=\"western\" align=\"justify\"><span style=\"font-family: Arial, sans-serif;\"><span style=\"font-size: x-large;\">La gerente regional del Inces Bol\u00edvar, Ruth Jim\u00e9nez, manifest\u00f3 que desde el Inces seguir\u00e1n <b>venciendo a la opresi\u00f3n.<\/b> \u201cHoy estamos aqu\u00ed para reflexionar y como pueblo unido tomar acciones ante los ataques de Trump. El Inces siempre ser\u00e1 punto de encuentro para aquellos j\u00f3venes que desean luchar, para hacer de nuestra Venezuela un mejor pa\u00eds\u201d.<\/span><\/span><\/p>\n<p class=\"western\" align=\"justify\"><span style=\"font-family: Arial, sans-serif;\"><span style=\"font-size: x-large;\"><img loading=\"lazy\" decoding=\"async\" class=\"aligncenter wp-image-33276 size-full\" src=\"https:\/\/www.inces.gob.ve\/wp-content\/uploads\/2020\/01\/Inces-1\u00b0-Tribuna-Antiimperialista1-.jpg\" alt=\"\" width=\"850\" height=\"818\" srcset=\"https:\/\/inces.gob.ve\/wp-content\/uploads\/2020\/01\/Inces-1\u00b0-Tribuna-Antiimperialista1-.jpg 850w, https:\/\/inces.gob.ve\/wp-content\/uploads\/2020\/01\/Inces-1\u00b0-Tribuna-Antiimperialista1--300x289.jpg 300w, https:\/\/inces.gob.ve\/wp-content\/uploads\/2020\/01\/Inces-1\u00b0-Tribuna-Antiimperialista1--768x739.jpg 768w\" sizes=\"auto, (max-width: 850px) 100vw, 850px\" \/><\/span><\/span><\/p>\n<p class=\"western\" align=\"justify\"><span style=\"font-family: Arial, sans-serif;\"><span style=\"font-size: x-large;\">De igual modo, hizo el llamado a los j\u00f3venes para que se incorporen a los <b>programas formativos <\/b>que ofrece la instituci\u00f3n. <\/span><\/span><\/p>\n","protected":false},"excerpt":{"rendered":"<p>** Somos un solo pueblo, una sola lucha contra el mismo opresor. Fue la consigna elevada por los militantes de la juventud revolucionaria<\/p>\n","protected":false},"author":15,"featured_media":33278,"comment_status":"closed","ping_status":"closed","sticky":false,"template":"","format":"standard","meta":{"footnotes":""},"categories":[2],"tags":[],"class_list":["post-33275","post","type-post","status-publish","format-standard","has-post-thumbnail","hentry","category-blog"],"_links":{"self":[{"href":"https:\/\/inces.gob.ve\/index.php\/wp-json\/wp\/v2\/posts\/33275","targetHints":{"allow":["GET"]}}],"collection":[{"href":"https:\/\/inces.gob.ve\/index.php\/wp-json\/wp\/v2\/posts"}],"about":[{"href":"https:\/\/inces.gob.ve\/index.php\/wp-json\/wp\/v2\/types\/post"}],"author":[{"embeddable":true,"href":"https:\/\/inces.gob.ve\/index.php\/wp-json\/wp\/v2\/users\/15"}],"replies":[{"embeddable":true,"href":"https:\/\/inces.gob.ve\/index.php\/wp-json\/wp\/v2\/comments?post=33275"}],"version-history":[{"count":1,"href":"https:\/\/inces.gob.ve\/index.php\/wp-json\/wp\/v2\/posts\/33275\/revisions"}],"predecessor-version":[{"id":33279,"href":"https:\/\/inces.gob.ve\/index.php\/wp-json\/wp\/v2\/posts\/33275\/revisions\/33279"}],"wp:featuredmedia":[{"embeddable":true,"href":"https:\/\/inces.gob.ve\/index.php\/wp-json\/wp\/v2\/media\/33278"}],"wp:attachment":[{"href":"https:\/\/inces.gob.ve\/index.php\/wp-json\/wp\/v2\/media?parent=33275"}],"wp:term":[{"taxonomy":"category","embeddable":true,"href":"https:\/\/inces.gob.ve\/index.php\/wp-json\/wp\/v2\/categories?post=33275"},{"taxonomy":"post_tag","embeddable":true,"href":"https:\/\/inces.gob.ve\/index.php\/wp-json\/wp\/v2\/tags?post=33275"}],"curies":[{"name":"wp","href":"https:\/\/api.w.org\/{rel}","templated":true}]}}