{"id":33318,"date":"2020-01-21T10:57:12","date_gmt":"2020-01-21T16:57:12","guid":{"rendered":"https:\/\/inces.gob.ve\/?p=33318"},"modified":"2020-05-28T20:25:11","modified_gmt":"2020-05-29T00:25:11","slug":"cojedes-aprendices-se-incorporan-a-las-practicas-de-servicios","status":"publish","type":"post","link":"https:\/\/inces.gob.ve\/index.php\/2020\/01\/21\/cojedes-aprendices-se-incorporan-a-las-practicas-de-servicios\/","title":{"rendered":"COJEDES | Aprendices se incorporan a las pr\u00e1cticas de servicios"},"content":{"rendered":"<p class=\"western\" align=\"justify\"><span style=\"font-family: Arial, sans-serif;\"><span style=\"font-size: x-large;\"><i><b>** Los j\u00f3venes promover\u00e1n la nueva cultura para el trabajo y el impulso del modelo econ\u00f3mico <\/b><\/i><\/span><\/span><\/p>\n<p class=\"western\" align=\"justify\">\n<!--more--><\/p>\n<p class=\"western\" align=\"justify\"><span style=\"font-family: Arial, sans-serif;\"><span style=\"font-size: x-large;\"><b>Prensa Inces<\/b><\/span><\/span><\/p>\n<p class=\"western\" align=\"justify\"><span style=\"font-family: Arial, sans-serif;\"><span style=\"font-size: x-large;\">En las instalaciones del centro de formaci\u00f3n socialista \u201cArgimiro Gabald\u00f3n\u201d, del estado Cojedes, un grupo de 27 j\u00f3venes del Programa Nacional de Aprendizaje (PNA) culminaron la fase te\u00f3rica de su formaci\u00f3n para iniciarse en la fase de pr\u00e1ctica profesional, luego de haber cumplido con el contenido acad\u00e9mico. Durante el acto del cierre, los aprendices recibieron lineamientos generales para el nuevo reto que asumir\u00e1n en las entidades de trabajo. <\/span><\/span><\/p>\n<p class=\"western\" align=\"justify\">\n<p class=\"western\" align=\"justify\"><span style=\"font-family: Arial, sans-serif;\"><span style=\"font-size: x-large;\">En esta oportunidad los aprendices estar\u00e1n distribuidos en las entidades de trabajo, Cl\u00ednica Nazaret, Comercializadora Central Cojedes, Minvih, Caica, Toyoagro, Agropecuaria Fermar, Alimentos Cojedes y Alborada Caf\u00e9; all\u00ed los j\u00f3venes tendr\u00e1n un a\u00f1o de pr\u00e1ctica y recibir\u00e1n su respectiva remuneraci\u00f3n y beneficios laborales. <\/span><\/span><\/p>\n<p class=\"western\" align=\"justify\"><span style=\"font-family: Arial, sans-serif;\"><span style=\"font-size: x-large;\"><img loading=\"lazy\" decoding=\"async\" class=\"aligncenter wp-image-33319 size-full\" src=\"https:\/\/www.inces.gob.ve\/wp-content\/uploads\/2020\/01\/Inces-Aprendices-pr\u00e1cticas-de-servicios-1-.jpeg\" alt=\"\" width=\"700\" height=\"525\" srcset=\"https:\/\/inces.gob.ve\/wp-content\/uploads\/2020\/01\/Inces-Aprendices-pr\u00e1cticas-de-servicios-1-.jpeg 700w, https:\/\/inces.gob.ve\/wp-content\/uploads\/2020\/01\/Inces-Aprendices-pr\u00e1cticas-de-servicios-1--300x225.jpeg 300w, https:\/\/inces.gob.ve\/wp-content\/uploads\/2020\/01\/Inces-Aprendices-pr\u00e1cticas-de-servicios-1--136x102.jpeg 136w\" sizes=\"auto, (max-width: 700px) 100vw, 700px\" \/><\/span><\/span><\/p>\n<p class=\"western\" align=\"justify\"><span style=\"font-family: Arial, sans-serif;\"><span style=\"font-size: x-large;\">La coordinadora del PNA, Adriana P\u00e9rez, indic\u00f3 que es un grupo importante de 27 aprendices provenientes de los cursos Oficinista Integral Financiero y Mec\u00e1nico de Mantenimiento. <\/span><\/span><\/p>\n<p class=\"western\" align=\"justify\">\n<p class=\"western\" align=\"justify\"><span style=\"font-family: Arial, sans-serif;\"><span style=\"font-size: x-large;\">Resalt\u00f3 que la mayor\u00eda de los j\u00f3venes son miembros del Movimiento Nacional de Aprendices; muchachos que vienen estando a la vanguardia en las distintas actividades institucionales, sociales, recreativas, pol\u00edticas y de formaci\u00f3n. <\/span><\/span><\/p>\n<p class=\"western\" align=\"justify\">\n<p class=\"western\" align=\"justify\"><span style=\"font-family: Arial, sans-serif;\"><span style=\"font-size: x-large;\">Por su parte, la aprendiz Eglimar Ni\u00f1o, del curso Oficinista Integral Financiero, quien iniciar\u00e1 sus pr\u00e1cticas en la empresa Agropecuaria Fermar, dijo: \u201cEl PNA es un programa social que inserta a los j\u00f3venes para recibir formaci\u00f3n y luego poder entrar al campo laboral, sin ning\u00fan tipo de dificultad\u201d.<\/span><\/span><\/p>\n<p class=\"western\" align=\"justify\"><img loading=\"lazy\" decoding=\"async\" class=\"aligncenter wp-image-33320 \" src=\"https:\/\/www.inces.gob.ve\/wp-content\/uploads\/2020\/01\/Inces-Aprendices-pr\u00e1cticas-de-servicios-2-.jpeg\" alt=\"\" width=\"611\" height=\"459\" srcset=\"https:\/\/inces.gob.ve\/wp-content\/uploads\/2020\/01\/Inces-Aprendices-pr\u00e1cticas-de-servicios-2-.jpeg 550w, https:\/\/inces.gob.ve\/wp-content\/uploads\/2020\/01\/Inces-Aprendices-pr\u00e1cticas-de-servicios-2--300x225.jpeg 300w, https:\/\/inces.gob.ve\/wp-content\/uploads\/2020\/01\/Inces-Aprendices-pr\u00e1cticas-de-servicios-2--136x102.jpeg 136w\" sizes=\"auto, (max-width: 611px) 100vw, 611px\" \/><br \/>\n\u201c<span style=\"font-family: Arial, sans-serif;\"><span style=\"font-size: x-large;\">Es un nuevo reto y es un compromiso que asumimos con toda responsabilidad ya que el Inces nos ha dado la oportunidad de aprender un oficio. somos el talento humano que estar\u00e1 recibiendo formaci\u00f3n de calidad y nos preparamos d\u00eda ad\u00eda para los distintos desaf\u00edos que se nos presenten\u201d, expres\u00f3 el aprendiz Rafael Quiroz. <\/span><\/span><\/p>\n<p class=\"western\" align=\"justify\">\n<p class=\"western\" align=\"justify\">\n","protected":false},"excerpt":{"rendered":"<p>** Los j\u00f3venes promover\u00e1n la nueva cultura para el trabajo y el impulso del modelo econ\u00f3mico<\/p>\n","protected":false},"author":15,"featured_media":33321,"comment_status":"closed","ping_status":"closed","sticky":false,"template":"","format":"standard","meta":{"footnotes":""},"categories":[2],"tags":[],"class_list":["post-33318","post","type-post","status-publish","format-standard","has-post-thumbnail","hentry","category-blog"],"_links":{"self":[{"href":"https:\/\/inces.gob.ve\/index.php\/wp-json\/wp\/v2\/posts\/33318","targetHints":{"allow":["GET"]}}],"collection":[{"href":"https:\/\/inces.gob.ve\/index.php\/wp-json\/wp\/v2\/posts"}],"about":[{"href":"https:\/\/inces.gob.ve\/index.php\/wp-json\/wp\/v2\/types\/post"}],"author":[{"embeddable":true,"href":"https:\/\/inces.gob.ve\/index.php\/wp-json\/wp\/v2\/users\/15"}],"replies":[{"embeddable":true,"href":"https:\/\/inces.gob.ve\/index.php\/wp-json\/wp\/v2\/comments?post=33318"}],"version-history":[{"count":1,"href":"https:\/\/inces.gob.ve\/index.php\/wp-json\/wp\/v2\/posts\/33318\/revisions"}],"predecessor-version":[{"id":33322,"href":"https:\/\/inces.gob.ve\/index.php\/wp-json\/wp\/v2\/posts\/33318\/revisions\/33322"}],"wp:featuredmedia":[{"embeddable":true,"href":"https:\/\/inces.gob.ve\/index.php\/wp-json\/wp\/v2\/media\/33321"}],"wp:attachment":[{"href":"https:\/\/inces.gob.ve\/index.php\/wp-json\/wp\/v2\/media?parent=33318"}],"wp:term":[{"taxonomy":"category","embeddable":true,"href":"https:\/\/inces.gob.ve\/index.php\/wp-json\/wp\/v2\/categories?post=33318"},{"taxonomy":"post_tag","embeddable":true,"href":"https:\/\/inces.gob.ve\/index.php\/wp-json\/wp\/v2\/tags?post=33318"}],"curies":[{"name":"wp","href":"https:\/\/api.w.org\/{rel}","templated":true}]}}