{"id":33420,"date":"2020-01-24T08:51:21","date_gmt":"2020-01-24T14:51:21","guid":{"rendered":"https:\/\/inces.gob.ve\/?p=33420"},"modified":"2020-05-28T20:24:02","modified_gmt":"2020-05-29T00:24:02","slug":"inces-trujillo-inicia-su-formaciones-con-textil-agricolaturismo-y-nmg","status":"publish","type":"post","link":"https:\/\/inces.gob.ve\/index.php\/2020\/01\/24\/inces-trujillo-inicia-su-formaciones-con-textil-agricolaturismo-y-nmg\/","title":{"rendered":"Inces Trujillo inicia su formaciones con Textil, Agr\u00edcola,Turismo y NMG"},"content":{"rendered":"<p align=\"justify\"><span style=\"font-family: Arial, sans-serif;\"><span style=\"font-size: x-large;\"><i><b>** Las adversidades de orden econ\u00f3mico y social que podr\u00edan generar incomodidades al colectivo trujillano, en estos d\u00edas no han sido inconvenientes para que el p\u00fablico acuda a la Gran Base de Misiones \u201cHugo Ch\u00e1vez\u201d del municipio Valera e inscribirse en las formaciones de su preferencia<\/b><\/i><\/span><\/span><\/p>\n<p align=\"justify\"><!--more--><\/p>\n<p align=\"justify\"><span style=\"font-family: Arial, sans-serif;\"><span style=\"font-size: x-large;\"><b>MAR\u00cdA CABRERA<\/b><\/span><\/span><\/p>\n<p align=\"justify\"><span style=\"font-family: Arial, sans-serif;\"><span style=\"font-size: x-large;\">La din\u00e1mica del 2020 inicia en el Instituto Nacional de Capacitaci\u00f3n y Educaci\u00f3n Socialista de Trujillo con pie firme y conscientes de los distintos retos que en la parte de formaci\u00f3n tiene el organismo en atenci\u00f3n a las comunidades que durante 60 a\u00f1os han respaldado su labor pese a las grandes contratiempos que debe hacer frente todos los d\u00edas.<\/span><\/span><\/p>\n<p align=\"justify\"><span style=\"font-family: Arial, sans-serif;\"><span style=\"font-size: x-large;\">Muestra de los anterior lo son las formaciones que el Inces Trujillo apertur\u00f3 durante este semana tan dif\u00edcil por la presencia de algunas adversidades de orden econ\u00f3mico y social que podr\u00edan limitar el accionar del colectivo trujillano y a\u00fan as\u00ed se apersonan a la Gran Base de Misiones \u201cHugo Ch\u00e1vez\u201d del municipio Valera para inscribirse en la formaciones de su preferencia que estar\u00e1n all\u00ed por espacio de un mes aproximadamente.<\/span><\/span><\/p>\n<p align=\"justify\"><span style=\"font-family: Arial, sans-serif;\"><span style=\"font-size: x-large;\"><img loading=\"lazy\" decoding=\"async\" class=\"aligncenter wp-image-33422 size-full\" src=\"https:\/\/www.inces.gob.ve\/wp-content\/uploads\/2020\/01\/INCES-inicia-formaciones-con-Textil-Agr\u00edcolaTurismo2-.jpg\" alt=\"\" width=\"800\" height=\"600\" srcset=\"https:\/\/inces.gob.ve\/wp-content\/uploads\/2020\/01\/INCES-inicia-formaciones-con-Textil-Agr\u00edcolaTurismo2-.jpg 800w, https:\/\/inces.gob.ve\/wp-content\/uploads\/2020\/01\/INCES-inicia-formaciones-con-Textil-Agr\u00edcolaTurismo2--300x225.jpg 300w, https:\/\/inces.gob.ve\/wp-content\/uploads\/2020\/01\/INCES-inicia-formaciones-con-Textil-Agr\u00edcolaTurismo2--768x576.jpg 768w, https:\/\/inces.gob.ve\/wp-content\/uploads\/2020\/01\/INCES-inicia-formaciones-con-Textil-Agr\u00edcolaTurismo2--136x102.jpg 136w\" sizes=\"auto, (max-width: 800px) 100vw, 800px\" \/><\/span><\/span><\/p>\n<p align=\"justify\"><span style=\"font-family: Arial, sans-serif;\"><span style=\"font-size: x-large;\">Tal es el caso de lo observado en los programas de Textil, Turismo, Nuevos Modelos de Gesti\u00f3n (NMG), y Agr\u00edcola donde los maestros t\u00e9cnicos productivos conscientes del panorama descrito, han flexibilizado la oferta formativa para que el p\u00fablico trujillano no se quede sin sus cursos solicitados.<\/span><\/span><\/p>\n<p align=\"justify\"><span style=\"font-family: Arial, sans-serif;\"><span style=\"font-size: x-large;\">Las gr\u00e1ficas que mostramos son elocuentes y determinan adem\u00e1s la tranquilidad que se refleja en los rostros de ese colectivo que pese a los inconvenientes descritos y otros, siguen apostando al Inces-Trujillo pues saben que en este ente tienen alguien con quien contar en momentos cuando lo com\u00fan, \u201ces que todo est\u00e1 perdido\u201d.<\/span><\/span><\/p>\n<p align=\"justify\"><span style=\"font-family: Arial, sans-serif;\"><span style=\"font-size: x-large;\">Elsa Gonz\u00e1lez, Sabina Parra, H\u00e9ctor La Torre y Suhail Davila dan la cara y responde con la misma seriedad y regocijo agradecidos de la confianza y el cari\u00f1o demostrado a cada uno de ellos que entienden y asumen es extensiva al Inces y a su masa laboral.<\/span><\/span><\/p>\n<p align=\"justify\">\n","protected":false},"excerpt":{"rendered":"<p>** Las adversidades de orden econ\u00f3mico y social que podr\u00edan generar incomodidades al colectivo trujillano, en estos d\u00edas no han sido inconvenientes para que el p\u00fablico acuda a la Gran Base de Misiones \u201cHugo Ch\u00e1vez\u201d del municipio Valera e inscribirse en las formaciones de su preferencia<\/p>\n","protected":false},"author":15,"featured_media":33421,"comment_status":"closed","ping_status":"closed","sticky":false,"template":"","format":"standard","meta":{"footnotes":""},"categories":[2],"tags":[],"class_list":["post-33420","post","type-post","status-publish","format-standard","has-post-thumbnail","hentry","category-blog"],"_links":{"self":[{"href":"https:\/\/inces.gob.ve\/index.php\/wp-json\/wp\/v2\/posts\/33420","targetHints":{"allow":["GET"]}}],"collection":[{"href":"https:\/\/inces.gob.ve\/index.php\/wp-json\/wp\/v2\/posts"}],"about":[{"href":"https:\/\/inces.gob.ve\/index.php\/wp-json\/wp\/v2\/types\/post"}],"author":[{"embeddable":true,"href":"https:\/\/inces.gob.ve\/index.php\/wp-json\/wp\/v2\/users\/15"}],"replies":[{"embeddable":true,"href":"https:\/\/inces.gob.ve\/index.php\/wp-json\/wp\/v2\/comments?post=33420"}],"version-history":[{"count":1,"href":"https:\/\/inces.gob.ve\/index.php\/wp-json\/wp\/v2\/posts\/33420\/revisions"}],"predecessor-version":[{"id":33423,"href":"https:\/\/inces.gob.ve\/index.php\/wp-json\/wp\/v2\/posts\/33420\/revisions\/33423"}],"wp:featuredmedia":[{"embeddable":true,"href":"https:\/\/inces.gob.ve\/index.php\/wp-json\/wp\/v2\/media\/33421"}],"wp:attachment":[{"href":"https:\/\/inces.gob.ve\/index.php\/wp-json\/wp\/v2\/media?parent=33420"}],"wp:term":[{"taxonomy":"category","embeddable":true,"href":"https:\/\/inces.gob.ve\/index.php\/wp-json\/wp\/v2\/categories?post=33420"},{"taxonomy":"post_tag","embeddable":true,"href":"https:\/\/inces.gob.ve\/index.php\/wp-json\/wp\/v2\/tags?post=33420"}],"curies":[{"name":"wp","href":"https:\/\/api.w.org\/{rel}","templated":true}]}}