{"id":33428,"date":"2020-01-24T12:43:02","date_gmt":"2020-01-24T18:43:02","guid":{"rendered":"https:\/\/inces.gob.ve\/?p=33428"},"modified":"2020-05-28T20:24:02","modified_gmt":"2020-05-29T00:24:02","slug":"sede-celebrado-primer-encuentro-anual-entre-formacion-profesional-e-infraestructura","status":"publish","type":"post","link":"https:\/\/inces.gob.ve\/index.php\/2020\/01\/24\/sede-celebrado-primer-encuentro-anual-entre-formacion-profesional-e-infraestructura\/","title":{"rendered":"Sede | Celebrado primer encuentro anual entre Formaci\u00f3n Profesional e Infraestructura"},"content":{"rendered":"<p align=\"justify\"><span style=\"color: #000000;\"><span style=\"font-family: Arial, sans-serif;\"><span style=\"font-size: x-large;\"><b>**<i> <\/i><i>La consigna es procurar mayor integraci\u00f3n y coherencia en la realizaci\u00f3n y mantenimiento de los m\u00e1s diversos proyectos<\/i><\/b><\/span><\/span><\/span><\/p>\n<p align=\"justify\"><!--more--><\/p>\n<p align=\"justify\">\n<p align=\"justify\"><span style=\"color: #000000;\"><span style=\"font-family: Arial, sans-serif;\"><span style=\"font-size: x-large;\"><b>Ivaldo Rodr\u00edguez | Prensa Inces Sede<\/b><\/span><\/span><\/span><\/p>\n<p align=\"justify\"><span style=\"color: #000000;\"><span style=\"font-family: Arial, sans-serif;\"><span style=\"font-size: x-large;\"><b>Datos: Lourdes Hidalgo<\/b><\/span><\/span><\/span><\/p>\n<p align=\"justify\"><span style=\"color: #000000;\"><span style=\"font-family: Arial, sans-serif;\"><span style=\"font-size: x-large;\"><b>Fotos: Adriana Rosendo<\/b><\/span><\/span><\/span><\/p>\n<p align=\"justify\"><span style=\"color: #000000;\"><span style=\"font-family: Arial, sans-serif;\"><span style=\"font-size: x-large;\">En d\u00edas recientes se llev\u00f3 a cabo un <b>encuentro explorativo, evaluativo y supervisorio entre personal de las gerencias generales de Formaci\u00f3n Profesional e Infraestructura.<\/b> All\u00ed, en un ambiente de integraci\u00f3n y camarader\u00eda los representantes de cada dependencia cumplieron una agenda de trabajo que inici\u00f3 con el seguimiento a los proyectos conjuntos abordados durante el pasado a\u00f1o 2019 y <b>la observaci\u00f3n, an\u00e1lisis y planificaci\u00f3n de posibles proyectos para emprender en el presente 2020.<\/b><\/span><\/span><\/span><\/p>\n<p align=\"justify\"><span style=\"color: #000000;\"><span style=\"font-family: Arial, sans-serif;\"><span style=\"font-size: x-large;\"><b><img loading=\"lazy\" decoding=\"async\" class=\"aligncenter wp-image-33430 size-full\" src=\"https:\/\/www.inces.gob.ve\/wp-content\/uploads\/2020\/01\/Inces-Encuentro-entre-Formaci\u00f3n-Profesional-Infraestructura3-.jpeg\" alt=\"\" width=\"800\" height=\"450\" srcset=\"https:\/\/inces.gob.ve\/wp-content\/uploads\/2020\/01\/Inces-Encuentro-entre-Formaci\u00f3n-Profesional-Infraestructura3-.jpeg 800w, https:\/\/inces.gob.ve\/wp-content\/uploads\/2020\/01\/Inces-Encuentro-entre-Formaci\u00f3n-Profesional-Infraestructura3--300x169.jpeg 300w, https:\/\/inces.gob.ve\/wp-content\/uploads\/2020\/01\/Inces-Encuentro-entre-Formaci\u00f3n-Profesional-Infraestructura3--768x432.jpeg 768w\" sizes=\"auto, (max-width: 800px) 100vw, 800px\" \/><\/b><\/span><\/span><\/span><\/p>\n<p align=\"justify\"><span style=\"color: #000000;\"><span style=\"font-family: Arial, sans-serif;\"><span style=\"font-size: x-large;\">La caracter\u00edstica principal de esta concurrencia fue el alto <b>sentido institucional de los asistentes<\/b> quienes apuestan en lo adelante a la conformaci\u00f3n de equipos m\u00e1s unidos y cohesionados para <b>eliminar distancias e iniciativas separadas o divorciadas<\/b>. Es decir, los gerentes de Formaci\u00f3n Profesional (Jos\u00e9 Hern\u00e1ndez) y de Infraestructura (Jos\u00e9 Luis Tovar) apuestan a enfrentar los <b>pr\u00f3ximos retos profesionales de una manera m\u00e1s estrecha, congruente y s\u00f3lida en beneficio del instituto<\/b> y en consecuencia, en beneficio de nuestros aprendices, participantes y trabajadores.<\/span><\/span><\/span><\/p>\n<p align=\"justify\"><span style=\"color: #000000;\"><span style=\"font-family: Arial, sans-serif;\"><span style=\"font-size: x-large;\">No obstante, <b>esta intenci\u00f3n integradora incluye a otras gerencias clave para el desarrollo de la instituci\u00f3n tales como la gerencia de Encadenamiento Productivo y la de Cooperaci\u00f3n Nacional e Internacional<\/b>. Un digno ejemplo que debe proyectarse a toda la organizaci\u00f3n para que la sinergia y los enlaces y encadenamientos laborales fluyan, demostrando que el Inces es uno solo y tiene la capacidad de llevar adelante grandes y productivos proyectos.<\/span><\/span><\/span><\/p>\n<p align=\"justify\"><span style=\"color: #000000;\"><span style=\"font-family: Arial, sans-serif;\"><span style=\"font-size: x-large;\">Con este<b> renovado esp\u00edritu laboral<\/b> se trataron iniciativas como la construcci\u00f3n de un <b>aula- habitaci\u00f3n did\u00e1ctica<\/b> para el programa Turismo que facilitar\u00eda las pr\u00e1cticas (modelaje) inherentes al manejo de un cuarto de hotel, con todas las responsabilidades que ello reviste.<\/span><\/span><\/span><\/p>\n<p align=\"justify\"><span style=\"color: #000000;\"><span style=\"font-family: Arial, sans-serif;\"><span style=\"font-size: x-large;\">Se ventil\u00f3 la <b>conformaci\u00f3n y multiplicaci\u00f3n de Brigadas Productivas con metodolog\u00eda de <\/b><b>F<\/b><b>ormaci\u00f3n y <\/b><b>A<\/b><b>utoformaci\u00f3n <\/b><b>Continua y Permanente<\/b>. Se plante\u00f3 la recuperaci\u00f3n de la cocina; la elaboraci\u00f3n de muebles de paleta que pudiera beneficiar a todas las gerencias de la instituci\u00f3n, con solo proveer la materia prima.<\/span><\/span><\/span><\/p>\n<p align=\"justify\"><span style=\"color: #000000;\"><span style=\"font-family: Arial, sans-serif;\"><span style=\"font-size: x-large;\"><img loading=\"lazy\" decoding=\"async\" class=\"aligncenter wp-image-33429 size-full\" src=\"https:\/\/www.inces.gob.ve\/wp-content\/uploads\/2020\/01\/Inces-Encuentro-entre-Formaci\u00f3n-Profesional-Infraestructura1-.jpeg\" alt=\"\" width=\"800\" height=\"450\" srcset=\"https:\/\/inces.gob.ve\/wp-content\/uploads\/2020\/01\/Inces-Encuentro-entre-Formaci\u00f3n-Profesional-Infraestructura1-.jpeg 800w, https:\/\/inces.gob.ve\/wp-content\/uploads\/2020\/01\/Inces-Encuentro-entre-Formaci\u00f3n-Profesional-Infraestructura1--300x169.jpeg 300w, https:\/\/inces.gob.ve\/wp-content\/uploads\/2020\/01\/Inces-Encuentro-entre-Formaci\u00f3n-Profesional-Infraestructura1--768x432.jpeg 768w\" sizes=\"auto, (max-width: 800px) 100vw, 800px\" \/><\/span><\/span><\/span><\/p>\n<p align=\"justify\"><span style=\"color: #000000;\"><span style=\"font-family: Arial, sans-serif;\"><span style=\"font-size: x-large;\">Otros t\u00f3picos tratados tienen que ver con la reposici\u00f3n de bombillos ahorradores en algunos centros y la propia capacitaci\u00f3n en la recuperaci\u00f3n de \u00e9stos; por otra parte se profundiz\u00f3 sobre la certificaci\u00f3n de los miembros de las brigadas de mantenimiento.<\/span><\/span><\/span><\/p>\n<p align=\"justify\"><span style=\"color: #000000;\"><span style=\"font-family: Arial, sans-serif;\"><span style=\"font-size: x-large;\">Finalmente se coment\u00f3 sobre la vivienda construida con materiales ecol\u00f3gicos; los siete (7) artefactos o dispositivos para la elaboraci\u00f3n de bloques de construcci\u00f3n y la dotaci\u00f3n de carteleras y otros espacios para facilitar la comunicaci\u00f3n y publicidad interna, dentro de las instalaciones del Centro de Formaci\u00f3n Socialista Metropolitano de Caricuao.<\/span><\/span><\/span><\/p>\n","protected":false},"excerpt":{"rendered":"<p>** La consigna es procurar mayor integraci\u00f3n y coherencia en la realizaci\u00f3n y mantenimiento de los m\u00e1s diversos proyectos<\/p>\n","protected":false},"author":15,"featured_media":33431,"comment_status":"closed","ping_status":"closed","sticky":false,"template":"","format":"standard","meta":{"footnotes":""},"categories":[2],"tags":[],"class_list":["post-33428","post","type-post","status-publish","format-standard","has-post-thumbnail","hentry","category-blog"],"_links":{"self":[{"href":"https:\/\/inces.gob.ve\/index.php\/wp-json\/wp\/v2\/posts\/33428","targetHints":{"allow":["GET"]}}],"collection":[{"href":"https:\/\/inces.gob.ve\/index.php\/wp-json\/wp\/v2\/posts"}],"about":[{"href":"https:\/\/inces.gob.ve\/index.php\/wp-json\/wp\/v2\/types\/post"}],"author":[{"embeddable":true,"href":"https:\/\/inces.gob.ve\/index.php\/wp-json\/wp\/v2\/users\/15"}],"replies":[{"embeddable":true,"href":"https:\/\/inces.gob.ve\/index.php\/wp-json\/wp\/v2\/comments?post=33428"}],"version-history":[{"count":1,"href":"https:\/\/inces.gob.ve\/index.php\/wp-json\/wp\/v2\/posts\/33428\/revisions"}],"predecessor-version":[{"id":33432,"href":"https:\/\/inces.gob.ve\/index.php\/wp-json\/wp\/v2\/posts\/33428\/revisions\/33432"}],"wp:featuredmedia":[{"embeddable":true,"href":"https:\/\/inces.gob.ve\/index.php\/wp-json\/wp\/v2\/media\/33431"}],"wp:attachment":[{"href":"https:\/\/inces.gob.ve\/index.php\/wp-json\/wp\/v2\/media?parent=33428"}],"wp:term":[{"taxonomy":"category","embeddable":true,"href":"https:\/\/inces.gob.ve\/index.php\/wp-json\/wp\/v2\/categories?post=33428"},{"taxonomy":"post_tag","embeddable":true,"href":"https:\/\/inces.gob.ve\/index.php\/wp-json\/wp\/v2\/tags?post=33428"}],"curies":[{"name":"wp","href":"https:\/\/api.w.org\/{rel}","templated":true}]}}