{"id":33436,"date":"2020-01-27T10:08:30","date_gmt":"2020-01-27T16:08:30","guid":{"rendered":"https:\/\/inces.gob.ve\/?p=33436"},"modified":"2020-05-28T20:24:02","modified_gmt":"2020-05-29T00:24:02","slug":"sede-hace-62-anos-el-pueblo-venezolano-marco-la-gesta-historica-popular","status":"publish","type":"post","link":"https:\/\/inces.gob.ve\/index.php\/2020\/01\/27\/sede-hace-62-anos-el-pueblo-venezolano-marco-la-gesta-historica-popular\/","title":{"rendered":"Sede | Hace 62 a\u00f1os el pueblo venezolano marc\u00f3 la gesta hist\u00f3rica-popular"},"content":{"rendered":"<p align=\"justify\"><strong><span style=\"font-family: Arial, sans-serif;\"><span style=\"font-size: x-large;\">** <em>Hoy Venezuela sigue luchando por sus recursos energ\u00e9ticos y en contra del imperialismo norteamericano que busca apoderarse de los recursos de los pueblos; este 23 de enero de 2020 los venezolanos seguir\u00e1n luchando por su soberan\u00eda e independencia y la Paz<\/em><\/span><\/span><\/strong><\/p>\n<p align=\"justify\"><!--more--><\/p>\n<p align=\"justify\">\n<p align=\"justify\"><span style=\"font-size: 18pt;\"><strong>Prensa Inces<\/strong><\/span><\/p>\n<p align=\"justify\"><strong><span style=\"font-family: Arial, sans-serif;\"><span style=\"font-size: x-large;\">El 23 de enero de 1958 fue la ca\u00edda del dictador Marcos P\u00e9rez Jim\u00e9nez, las protestas del pueblo en las calles marc\u00f3 el inicio de la pseudodemocracia de gobiernos liberales y neoliberales, socialdem\u00f3cratas y socialcristianos hasta 1999, donde los poderes se alternaron la presidencia ignorando las necesidades del pueblo venezolano.<\/span><\/span><\/strong><\/p>\n<p align=\"justify\">\n<p align=\"justify\"><span style=\"font-family: Arial, sans-serif;\"><span style=\"font-size: x-large;\">Desde el 1\u00b0 de enero de 1958 se iniciaron las protestas que posteriormente acabar\u00edan con el totalitarismo de P\u00e9rez Jim\u00e9nez, instaurado desde 1952. P\u00e9rez Jim\u00e9nez no contaba con el apoyo del pueblo ni de las Fuerzas Armadas. El descontento parti\u00f3 de un plebiscito considerado fraudulento que realiz\u00f3 para hacerse del poder por encima del derecho a elegir de los venezolanos, ese plebiscito se consideraba ilegal porque no estaba estipulado en la Constituci\u00f3n, solo eran v\u00e1lidas las elecciones generales. El dictador neg\u00f3 al Congreso la posibilidad de convocar a elecciones presidenciales, que deb\u00edan celebrarse en 1957.<\/span><\/span><\/p>\n<p align=\"justify\"><strong><span style=\"font-family: Arial, sans-serif;\"><span style=\"font-size: x-large;\">El 23 de enero de 1958 fue la ca\u00edda del dictador Marcos P\u00e9rez Jim\u00e9nez, las protestas del pueblo en las calles marc\u00f3 el inicio de la pseudodemocracia de gobiernos liberales y neoliberales, socialdem\u00f3cratas y socialcristianos hasta 1999, donde los poderes se alternaron la presidencia ignorando las necesidades del pueblo venezolano.<\/span><\/span><\/strong><\/p>\n<p align=\"justify\"><strong><span style=\"font-family: Arial, sans-serif;\"><span style=\"font-size: x-large;\"><img loading=\"lazy\" decoding=\"async\" class=\"aligncenter wp-image-33382 \" src=\"https:\/\/www.inces.gob.ve\/wp-content\/uploads\/2020\/01\/PEREZ-JIMENEZ.jpg\" alt=\"\" width=\"550\" height=\"366\" srcset=\"https:\/\/inces.gob.ve\/wp-content\/uploads\/2020\/01\/PEREZ-JIMENEZ.jpg 500w, https:\/\/inces.gob.ve\/wp-content\/uploads\/2020\/01\/PEREZ-JIMENEZ-300x200.jpg 300w\" sizes=\"auto, (max-width: 550px) 100vw, 550px\" \/><\/span><\/span><\/strong><\/p>\n<p align=\"justify\"><span style=\"font-family: Arial, sans-serif;\"><span style=\"font-size: x-large;\">Desde el 1\u00b0 de enero de 1958 se iniciaron las protestas que posteriormente acabar\u00edan con el totalitarismo de P\u00e9rez Jim\u00e9nez, instaurado desde 1952. P\u00e9rez Jim\u00e9nez no contaba con el apoyo del pueblo ni de las Fuerzas Armadas. El descontento parti\u00f3 de un plebiscito considerado fraudulento que realiz\u00f3 para hacerse del poder por encima del derecho a elegir de los venezolanos, ese plebiscito se consideraba ilegal porque no estaba estipulado en la Constituci\u00f3n, solo eran v\u00e1lidas las elecciones generales. El dictador neg\u00f3 al Congreso la posibilidad de convocar a elecciones presidenciales, que deb\u00edan celebrarse en 1957.<\/span><\/span><\/p>\n<p align=\"justify\">\n<p align=\"justify\"><strong><span style=\"font-family: Arial, sans-serif;\"><span style=\"font-size: x-large;\">La represi\u00f3n en la dictadura de P\u00e9rez Jim\u00e9nez era cada vez m\u00e1s cruda contra la disidencia, el robo de los recursos p\u00fablicos era evidente y no se pod\u00eda opacar la corrupci\u00f3n, el dictador entreg\u00f3 a compa\u00f1\u00edas privadas los recursos del pa\u00eds. M\u00e1s de 820 mil hect\u00e1reas de los mejores campos petroleros pasaron a mercantilistas a cambio de 2 mil 500 millones de bol\u00edvares que eran destinados a la corrupci\u00f3n administrativa.<\/span><\/span><\/strong><\/p>\n<p align=\"justify\"><strong><span style=\"font-family: Arial, sans-serif;\"><span style=\"font-size: x-large;\">El pueblo, a partir del 10 de enero, sigui\u00f3 acentuando sus protestas y concentraciones contra la dictadura, P\u00e9rez Jim\u00e9nez hizo varios cambios en su gabinete en cortos per\u00edodos de tiempo, donde integrantes de su gabinete empezaron a huir del pa\u00eds. <\/span><\/span><\/strong><\/p>\n<p align=\"justify\"><strong><span style=\"font-family: Arial, sans-serif;\"><span style=\"font-size: x-large;\"><img loading=\"lazy\" decoding=\"async\" class=\"aligncenter wp-image-33383 \" src=\"https:\/\/www.inces.gob.ve\/wp-content\/uploads\/2020\/01\/PROTETAS-EN-LAS-CALLES.jpg\" alt=\"\" width=\"622\" height=\"423\" srcset=\"https:\/\/inces.gob.ve\/wp-content\/uploads\/2020\/01\/PROTETAS-EN-LAS-CALLES.jpg 500w, https:\/\/inces.gob.ve\/wp-content\/uploads\/2020\/01\/PROTETAS-EN-LAS-CALLES-300x204.jpg 300w, https:\/\/inces.gob.ve\/wp-content\/uploads\/2020\/01\/PROTETAS-EN-LAS-CALLES-305x207.jpg 305w\" sizes=\"auto, (max-width: 622px) 100vw, 622px\" \/><\/span><\/span><\/strong><\/p>\n<p align=\"justify\"><strong><span style=\"font-family: Arial, sans-serif;\"><span style=\"font-size: x-large;\">El 21 de enero del a\u00f1o 1958 en Caracas las protestas en las calles se volv\u00edan cada vez m\u00e1s intensas y se incrementaba adem\u00e1s el n\u00famero de presos de la Seguridad Nacional (polic\u00eda de la dictadura), ese d\u00eda amaneci\u00f3 sin prensa por una huelga de la Junta Patri\u00f3tica. <\/span><\/span><\/strong><\/p>\n<p align=\"justify\">\n<p align=\"justify\"><span style=\"font-family: Arial, sans-serif;\"><span style=\"font-size: x-large;\">El pacto firmado en Nueva York entre COPEI, AD y URD, dio pie que un 31 de octubre de 1958 fuera firmado en Venezuela, el Pacto de Punto Fijo excluyendo al Partido Comunista de Venezuela (PCV), que tuvo parte en la gesta hist\u00f3rica-popular del 23 de enero.<\/span><\/span><\/p>\n<p align=\"justify\"><span style=\"font-family: Arial, sans-serif;\"><span style=\"font-size: x-large;\"> <img loading=\"lazy\" decoding=\"async\" class=\"aligncenter wp-image-33380 size-large\" src=\"https:\/\/www.inces.gob.ve\/wp-content\/uploads\/2020\/01\/pacto-de-nueva-york-1024x575.jpg\" alt=\"\" width=\"640\" height=\"359\" srcset=\"https:\/\/inces.gob.ve\/wp-content\/uploads\/2020\/01\/pacto-de-nueva-york-1024x575.jpg 1024w, https:\/\/inces.gob.ve\/wp-content\/uploads\/2020\/01\/pacto-de-nueva-york-300x169.jpg 300w, https:\/\/inces.gob.ve\/wp-content\/uploads\/2020\/01\/pacto-de-nueva-york-768x431.jpg 768w, https:\/\/inces.gob.ve\/wp-content\/uploads\/2020\/01\/pacto-de-nueva-york.jpg 1200w\" sizes=\"auto, (max-width: 640px) 100vw, 640px\" \/><\/span><\/span><\/p>\n<p align=\"justify\">\n<p align=\"justify\"><span style=\"font-family: Arial, sans-serif;\"><span style=\"font-size: x-large;\">Por m\u00e1s de 40 a\u00f1os el puntofijismo acumul\u00f3 el poder entre tres c\u00fapulas pol\u00edticas de los partidos Acci\u00f3n Democr\u00e1tica, Copei y Uni\u00f3n Republicana Democr\u00e1tica, una nueva dictadura pseudodemocr\u00e1tica que se convirti\u00f3 en un pacto bipartidista lo que para aquel entonces llam\u00e1bamos la \u201cGuanabana\u201d como la nueva dictadura fruto de la traici\u00f3n del pueblo a los postulados del 23 de enero de 1958.<\/span><\/span><\/p>\n<p align=\"justify\">\n<p align=\"justify\"><span style=\"font-family: Arial, sans-serif;\"><span style=\"font-size: x-large;\">Desde 1958 hasta 1999, La derecha se aprovech\u00f3 del descontento de los venezolanos para apoyarse en el derrocamiento de P\u00e9rez Jim\u00e9nez y as\u00ed apoderarse de los recursos (petroleros) del Estado junto al Gobierno de los EEUU por mas de 40 a\u00f1os. <\/span><\/span><\/p>\n<p align=\"justify\"><span style=\"font-family: Arial, sans-serif;\"><span style=\"font-size: x-large;\"><img loading=\"lazy\" decoding=\"async\" class=\"wp-image-33379  aligncenter\" src=\"https:\/\/www.inces.gob.ve\/wp-content\/uploads\/2020\/01\/EEUU-DERECHA-OPOSITORA-1024x683.jpeg\" alt=\"\" width=\"703\" height=\"469\" srcset=\"https:\/\/inces.gob.ve\/wp-content\/uploads\/2020\/01\/EEUU-DERECHA-OPOSITORA-1024x683.jpeg 1024w, https:\/\/inces.gob.ve\/wp-content\/uploads\/2020\/01\/EEUU-DERECHA-OPOSITORA-300x200.jpeg 300w, https:\/\/inces.gob.ve\/wp-content\/uploads\/2020\/01\/EEUU-DERECHA-OPOSITORA-768x512.jpeg 768w, https:\/\/inces.gob.ve\/wp-content\/uploads\/2020\/01\/EEUU-DERECHA-OPOSITORA-1536x1025.jpeg 1536w, https:\/\/inces.gob.ve\/wp-content\/uploads\/2020\/01\/EEUU-DERECHA-OPOSITORA.jpeg 2048w\" sizes=\"auto, (max-width: 703px) 100vw, 703px\" \/><\/span><\/span><\/p>\n<p align=\"justify\"><span style=\"font-family: Arial, sans-serif;\"><span style=\"font-size: x-large;\">El magnate petrolero estadounidense Nestor Rockefeller fue parte del apoyo internacional que impuls\u00f3 el debilitamiento del Gobierno de P\u00e9rez Jim\u00e9nez y le dio la bienvenida a los l\u00edderes de la derecha y posterior presidente, R\u00f3mulo Betancourt, quien ten\u00eda lazos de amistad con Rockefeller, donde ya se hab\u00eda pactado en Nueva York los recursos del pa\u00eds.<\/span><\/span><\/p>\n<p align=\"justify\"><strong><span style=\"font-family: Arial, sans-serif;\"><span style=\"font-size: x-large;\">Hoy Venezuela lucha por sus recursos energ\u00e9ticos y las derecha venezolana junto al Gobierno de los EEUU, quieren apoderarse de ella, estableciendo sanciones y medidas coercitivas que violan el derecho internacional en contra del pueblo venezolano.<\/span><\/span><\/strong><\/p>\n<p align=\"justify\"><strong><span style=\"font-family: Arial, sans-serif;\"><span style=\"font-size: x-large;\"><img loading=\"lazy\" decoding=\"async\" class=\"aligncenter wp-image-33386 size-full\" src=\"https:\/\/www.inces.gob.ve\/wp-content\/uploads\/2020\/01\/xIMG_8239-800x445.jpg.pagespeed.ic_.Ar5hrxSIiP.jpg\" alt=\"\" width=\"800\" height=\"445\" srcset=\"https:\/\/inces.gob.ve\/wp-content\/uploads\/2020\/01\/xIMG_8239-800x445.jpg.pagespeed.ic_.Ar5hrxSIiP.jpg 800w, https:\/\/inces.gob.ve\/wp-content\/uploads\/2020\/01\/xIMG_8239-800x445.jpg.pagespeed.ic_.Ar5hrxSIiP-300x167.jpg 300w, https:\/\/inces.gob.ve\/wp-content\/uploads\/2020\/01\/xIMG_8239-800x445.jpg.pagespeed.ic_.Ar5hrxSIiP-768x427.jpg 768w\" sizes=\"auto, (max-width: 800px) 100vw, 800px\" \/><\/span><\/span><\/strong><\/p>\n<p align=\"justify\"><strong><span style=\"font-family: Arial, sans-serif;\"><span style=\"font-size: x-large;\">Desde el 2002 Venezuela comenz\u00f3 a padecer de desestabilizaci\u00f3n pol\u00edtica, econ\u00f3mica y social, a trav\u00e9s de golpe de Estado, petrolero, guarimbas, intento de magnicidios, guerra econ\u00f3mica, guerra cibern\u00e9tica lo que se ha traducido en 18 a\u00f1os en una guerra no convencional, donde el pueblo venezolano se ha resistido en varias gestas populares y ha salido airoso por su empe\u00f1o de que Venezuela sea un pa\u00eds de esperanza y de Paz. <\/span><\/span><\/strong><\/p>\n<p align=\"justify\">\n","protected":false},"excerpt":{"rendered":"<p>** Hoy Venezuela sigue luchando por sus recursos energ\u00e9ticos y en contra del imperialismo norteamericano que busca apoderarse de los recursos de los pueblos; este 23 de enero de 2020 los venezolanos seguir\u00e1n luchando por su soberan\u00eda e independencia y la Paz<\/p>\n","protected":false},"author":15,"featured_media":33385,"comment_status":"closed","ping_status":"closed","sticky":false,"template":"","format":"standard","meta":{"footnotes":""},"categories":[2],"tags":[],"class_list":["post-33436","post","type-post","status-publish","format-standard","has-post-thumbnail","hentry","category-blog"],"_links":{"self":[{"href":"https:\/\/inces.gob.ve\/index.php\/wp-json\/wp\/v2\/posts\/33436","targetHints":{"allow":["GET"]}}],"collection":[{"href":"https:\/\/inces.gob.ve\/index.php\/wp-json\/wp\/v2\/posts"}],"about":[{"href":"https:\/\/inces.gob.ve\/index.php\/wp-json\/wp\/v2\/types\/post"}],"author":[{"embeddable":true,"href":"https:\/\/inces.gob.ve\/index.php\/wp-json\/wp\/v2\/users\/15"}],"replies":[{"embeddable":true,"href":"https:\/\/inces.gob.ve\/index.php\/wp-json\/wp\/v2\/comments?post=33436"}],"version-history":[{"count":1,"href":"https:\/\/inces.gob.ve\/index.php\/wp-json\/wp\/v2\/posts\/33436\/revisions"}],"predecessor-version":[{"id":33437,"href":"https:\/\/inces.gob.ve\/index.php\/wp-json\/wp\/v2\/posts\/33436\/revisions\/33437"}],"wp:featuredmedia":[{"embeddable":true,"href":"https:\/\/inces.gob.ve\/index.php\/wp-json\/wp\/v2\/media\/33385"}],"wp:attachment":[{"href":"https:\/\/inces.gob.ve\/index.php\/wp-json\/wp\/v2\/media?parent=33436"}],"wp:term":[{"taxonomy":"category","embeddable":true,"href":"https:\/\/inces.gob.ve\/index.php\/wp-json\/wp\/v2\/categories?post=33436"},{"taxonomy":"post_tag","embeddable":true,"href":"https:\/\/inces.gob.ve\/index.php\/wp-json\/wp\/v2\/tags?post=33436"}],"curies":[{"name":"wp","href":"https:\/\/api.w.org\/{rel}","templated":true}]}}