{"id":33440,"date":"2020-01-27T11:59:37","date_gmt":"2020-01-27T17:59:37","guid":{"rendered":"https:\/\/inces.gob.ve\/?p=33440"},"modified":"2020-05-28T20:24:02","modified_gmt":"2020-05-29T00:24:02","slug":"sede-el-inces-en-la-marcha-antiimperialista","status":"publish","type":"post","link":"https:\/\/inces.gob.ve\/index.php\/2020\/01\/27\/sede-el-inces-en-la-marcha-antiimperialista\/","title":{"rendered":"Sede | El Inces en la Marcha Antiimperialista"},"content":{"rendered":"<p align=\"justify\"><strong><span style=\"font-family: Arial, sans-serif;\"><span style=\"font-size: x-large;\"><i>** Fue entrevistado para la TV el Presidente Angel<\/i><\/span><\/span><\/strong><!--more--><\/p>\n<p align=\"justify\">\n<p align=\"justify\"><strong><span style=\"font-family: Arial, sans-serif;\"><span style=\"font-size: x-large;\">En el marco de la movilizaci\u00f3n por el oeste de la ciudad de Caracas denominada \u201cMarcha Antiimperialista\u201d, a prop\u00f3sito de celebrarse hoy 23 de enero los 62 a\u00f1os de la gesta libertaria que acab\u00f3 con el perejimenismo, estuvo presente una nutrida representaci\u00f3n del Inces liderada por el presidente de la instituci\u00f3n, Wuikelman Angel quien en determinado momento fue abordado por el reportero de Venezolana de Televisi\u00f3n y de manera categ\u00f3rica le expuso:<\/span><\/span><\/strong><\/p>\n<p align=\"justify\">\n<p align=\"justify\"><span style=\"font-family: Arial, sans-serif;\"><span style=\"font-size: x-large;\">Aqu\u00ed estamos con nuestra consigna fundamental de Aprender Haciendo; estamos defendiendo el derecho que tiene la juventud venezolana a formarse en libertad y en democracia. El pueblo de esta tierra marcha en defensa de la libertad y en favor de la patria. Venezuela se respeta y ese es un mensaje fundamental que quiere<\/span><\/span><\/p>\n<p align=\"justify\"><span style=\"font-family: Arial, sans-serif;\"><span style=\"font-size: x-large;\"><img loading=\"lazy\" decoding=\"async\" class=\"aligncenter wp-image-33439 size-full\" src=\"https:\/\/www.inces.gob.ve\/wp-content\/uploads\/2020\/01\/Inces-en-marcha-1-.jpeg\" alt=\"\" width=\"800\" height=\"371\" srcset=\"https:\/\/inces.gob.ve\/wp-content\/uploads\/2020\/01\/Inces-en-marcha-1-.jpeg 800w, https:\/\/inces.gob.ve\/wp-content\/uploads\/2020\/01\/Inces-en-marcha-1--300x139.jpeg 300w, https:\/\/inces.gob.ve\/wp-content\/uploads\/2020\/01\/Inces-en-marcha-1--768x356.jpeg 768w\" sizes=\"auto, (max-width: 800px) 100vw, 800px\" \/><\/span><\/span><\/p>\n<p align=\"justify\"><strong><span style=\"font-family: Arial, sans-serif;\"><span style=\"font-size: x-large;\">Luego prosigui\u00f3; somos un pa\u00eds que agotar\u00e1 todas sus posibilidades defensivas en favor de una convivencia pac\u00edfica donde todos seamos part\u00edcipes y protagonistas de nuestra historia. <\/span><\/span><\/strong><strong><span style=\"font-family: Arial, sans-serif;\"><span style=\"font-size: x-large;\">Hoy hay alteraciones en muchos pa\u00edses vecinos, pero nuestro pa\u00eds tiene el derecho a darse el gobierno que merece.<\/span><\/span><\/strong><\/p>\n<p align=\"justify\"><strong><span style=\"font-family: Arial, sans-serif;\"><span style=\"font-size: x-large;\"><img loading=\"lazy\" decoding=\"async\" class=\"aligncenter wp-image-33441 size-large\" src=\"https:\/\/www.inces.gob.ve\/wp-content\/uploads\/2020\/01\/2MArcha-Inces-0--1024x768.jpg\" alt=\"\" width=\"640\" height=\"480\" srcset=\"https:\/\/inces.gob.ve\/wp-content\/uploads\/2020\/01\/2MArcha-Inces-0--1024x768.jpg 1024w, https:\/\/inces.gob.ve\/wp-content\/uploads\/2020\/01\/2MArcha-Inces-0--300x225.jpg 300w, https:\/\/inces.gob.ve\/wp-content\/uploads\/2020\/01\/2MArcha-Inces-0--768x576.jpg 768w, https:\/\/inces.gob.ve\/wp-content\/uploads\/2020\/01\/2MArcha-Inces-0--1536x1152.jpg 1536w, https:\/\/inces.gob.ve\/wp-content\/uploads\/2020\/01\/2MArcha-Inces-0--2048x1536.jpg 2048w, https:\/\/inces.gob.ve\/wp-content\/uploads\/2020\/01\/2MArcha-Inces-0--136x102.jpg 136w\" sizes=\"auto, (max-width: 640px) 100vw, 640px\" \/><\/span><\/span><\/strong><\/p>\n<p align=\"justify\"><strong><span style=\"font-family: Arial, sans-serif;\"><span style=\"font-size: x-large;\">Luego prosigui\u00f3; somos un pa\u00eds que agotar\u00e1 todas sus posibilidades defensivas en favor de una convivencia pac\u00edfica donde todos seamos part\u00edcipes y protagonistas de nuestra historia. <\/span><\/span><\/strong><strong><span style=\"font-family: Arial, sans-serif;\"><span style=\"font-size: x-large;\">Hoy hay alteraciones en muchos pa\u00edses vecinos, pero nuestro pa\u00eds tiene el derecho a darse el gobierno que merece<\/span><\/span><\/strong><strong><span style=\"font-family: Arial, sans-serif;\"><span style=\"font-size: x-large;\">.<\/span><\/span><\/strong><\/p>\n<p align=\"justify\"><strong><span style=\"font-family: Arial, sans-serif;\"><span style=\"font-size: x-large;\"><img loading=\"lazy\" decoding=\"async\" class=\"aligncenter wp-image-33385 size-full\" src=\"https:\/\/www.inces.gob.ve\/wp-content\/uploads\/2020\/01\/inces_marcha_anc-1.jpg\" alt=\"\" width=\"650\" height=\"433\" srcset=\"https:\/\/inces.gob.ve\/wp-content\/uploads\/2020\/01\/inces_marcha_anc-1.jpg 650w, https:\/\/inces.gob.ve\/wp-content\/uploads\/2020\/01\/inces_marcha_anc-1-300x200.jpg 300w\" sizes=\"auto, (max-width: 650px) 100vw, 650px\" \/><\/span><\/span><\/strong><\/p>\n<p align=\"justify\"><strong><span style=\"font-family: Arial, sans-serif;\"><span style=\"font-size: x-large;\">Finalmente, aqu\u00ed esta una instituci\u00f3n que apoya al Gobierno Nacional y le dice a todos que estamos en la hora de defender la patria y poner nuestro granito de arena por ella.<\/span><\/span><\/strong><\/p>\n","protected":false},"excerpt":{"rendered":"<p>** Fue entrevistado para la TV el Presidente Angel<\/p>\n","protected":false},"author":15,"featured_media":33442,"comment_status":"closed","ping_status":"closed","sticky":false,"template":"","format":"standard","meta":{"footnotes":""},"categories":[2],"tags":[],"class_list":["post-33440","post","type-post","status-publish","format-standard","has-post-thumbnail","hentry","category-blog"],"_links":{"self":[{"href":"https:\/\/inces.gob.ve\/index.php\/wp-json\/wp\/v2\/posts\/33440","targetHints":{"allow":["GET"]}}],"collection":[{"href":"https:\/\/inces.gob.ve\/index.php\/wp-json\/wp\/v2\/posts"}],"about":[{"href":"https:\/\/inces.gob.ve\/index.php\/wp-json\/wp\/v2\/types\/post"}],"author":[{"embeddable":true,"href":"https:\/\/inces.gob.ve\/index.php\/wp-json\/wp\/v2\/users\/15"}],"replies":[{"embeddable":true,"href":"https:\/\/inces.gob.ve\/index.php\/wp-json\/wp\/v2\/comments?post=33440"}],"version-history":[{"count":1,"href":"https:\/\/inces.gob.ve\/index.php\/wp-json\/wp\/v2\/posts\/33440\/revisions"}],"predecessor-version":[{"id":33443,"href":"https:\/\/inces.gob.ve\/index.php\/wp-json\/wp\/v2\/posts\/33440\/revisions\/33443"}],"wp:featuredmedia":[{"embeddable":true,"href":"https:\/\/inces.gob.ve\/index.php\/wp-json\/wp\/v2\/media\/33442"}],"wp:attachment":[{"href":"https:\/\/inces.gob.ve\/index.php\/wp-json\/wp\/v2\/media?parent=33440"}],"wp:term":[{"taxonomy":"category","embeddable":true,"href":"https:\/\/inces.gob.ve\/index.php\/wp-json\/wp\/v2\/categories?post=33440"},{"taxonomy":"post_tag","embeddable":true,"href":"https:\/\/inces.gob.ve\/index.php\/wp-json\/wp\/v2\/tags?post=33440"}],"curies":[{"name":"wp","href":"https:\/\/api.w.org\/{rel}","templated":true}]}}