{"id":33488,"date":"2020-01-28T12:16:46","date_gmt":"2020-01-28T18:16:46","guid":{"rendered":"https:\/\/inces.gob.ve\/?p=33488"},"modified":"2020-05-28T20:24:01","modified_gmt":"2020-05-29T00:24:01","slug":"cojedes-promocion-de-cursos-en-los-punto-y-circulos-de-las-regionales","status":"publish","type":"post","link":"https:\/\/inces.gob.ve\/index.php\/2020\/01\/28\/cojedes-promocion-de-cursos-en-los-punto-y-circulos-de-las-regionales\/","title":{"rendered":"Cojedes | promoci\u00f3n de cursos en los punto y c\u00edrculos de las regionales"},"content":{"rendered":"<p class=\"western\" lang=\"en-US\" align=\"justify\"><span style=\"font-family: Arial, sans-serif;\"><span style=\"font-size: x-large;\"><i>** S<\/i><i>e concretaron cursos en el \u00e1rea de comercio y servicios con <\/i><i>\u201cFarma Cojedes\u201d<\/i><\/span><\/span><!--more--><\/p>\n<p class=\"western\" lang=\"en-US\" align=\"justify\"><span style=\"font-family: Arial, sans-serif;\"><span style=\"font-size: x-large;\"><b>Prensa Inces Cojedes <\/b><\/span><\/span><\/p>\n<p class=\"western\" lang=\"en-US\" align=\"justify\"><span style=\"font-family: Arial, sans-serif;\"><span style=\"font-size: x-large;\">La gerencia regional del Instituto Nacional de Capacitaci\u00f3n y Educaci\u00f3n Socialista del estado Bolivariano de Cojedes, se despleg\u00f3 en las ciudades de <i><b>Tinaco, Tinaquillo y Ezequiel<\/b><\/i> <b>Zamora<\/b>, a trav\u00e9s de los Centros de Formaci\u00f3n Socialistas para la <b>promoci\u00f3n de los cursos, talleres y formaciones para este 2020<\/b>, con el objetivo de formar produciendo producir formando. <\/span><\/span><\/p>\n<p class=\"western\" lang=\"en-US\" align=\"justify\"><span style=\"font-family: Arial, sans-serif;\"><span style=\"font-size: x-large;\">Las principales sedes del estado <b>visitaron, comunidades e institutos aleda\u00f1os al los CFS<\/b> :\u201cArgimiro Gabald\u00f3n\u201d, \u201cMatias Salazar\u201d, \u201cJos\u00e9 Laurencio Silva\u201d, \u201cBatalla de Taguanes\u201d y \u201cFrancisco Carvajal\u201d, <i><b>en donde presentaron la gama de cursos<\/b><\/i> enmarcados en los motores productivos y en el fortalecimiento de la econom\u00eda de la patria. <\/span><\/span><\/p>\n<p class=\"western\" lang=\"en-US\" align=\"justify\"><span style=\"font-family: Arial, sans-serif;\"><span style=\"font-size: x-large;\"><img loading=\"lazy\" decoding=\"async\" class=\"aligncenter wp-image-33489 size-full\" src=\"https:\/\/www.inces.gob.ve\/wp-content\/uploads\/2020\/01\/Inces-cursos-los-punto-y-c\u00edrculos1-.jpeg\" alt=\"\" width=\"800\" height=\"451\" srcset=\"https:\/\/inces.gob.ve\/wp-content\/uploads\/2020\/01\/Inces-cursos-los-punto-y-c\u00edrculos1-.jpeg 800w, https:\/\/inces.gob.ve\/wp-content\/uploads\/2020\/01\/Inces-cursos-los-punto-y-c\u00edrculos1--300x169.jpeg 300w, https:\/\/inces.gob.ve\/wp-content\/uploads\/2020\/01\/Inces-cursos-los-punto-y-c\u00edrculos1--768x433.jpeg 768w\" sizes=\"auto, (max-width: 800px) 100vw, 800px\" \/><\/span><\/span><\/p>\n<p class=\"western\" lang=\"en-US\" align=\"justify\"><span style=\"font-family: Arial, sans-serif;\"><span style=\"font-size: x-large;\">Por su parte, Mar\u00eda Gabriela Plazas, gerente de Talento Humano de Farma Cojedes, indic\u00f3 que \u201ces importante la visita del Inces hoy a nuestra farmacia. P<b>udimos conocer su programaci\u00f3n y desde ya nos aliamos para iniciar en este primer trimestre con tres \u00e1reas de conocimiento<\/b>, tales como Atenci\u00f3n al P\u00fablico, Relaciones Humanas y Motivaci\u00f3n al Logro, con el objetivo de optimizar el personal en la organizaci\u00f3n\u201d. <\/span><\/span><\/p>\n<p class=\"western\" lang=\"en-US\" align=\"justify\"><span style=\"font-family: Arial, sans-serif;\"><span style=\"font-size: x-large;\">Finalmente Jos\u00e9 Rios, Responsable de Formaci\u00f3n Profesional del Inces, hizo un llamado a la colectividad para acercarse a las sedes del Inces ubicadas en las ciudades de Tinaquillo, Ezequiel Zamora y Tinaco, dijo: \u201c<\/span><\/span><span style=\"font-family: Arial, sans-serif;\"><span style=\"font-size: x-large;\"><i><b>esta abierto el plazo para inscribirse en el \u00e1rea de su preferencia<\/b><\/i><\/span><\/span><span style=\"font-family: Arial, sans-serif;\"><span style=\"font-size: x-large;\">: como Turismo, Textil, Industria, Construcci\u00f3n, Agricola, Comercio y Servicio\u201d, finaliz\u00f3 invitando a consultar los cursos que ofrece el instituto en la pagina web <\/span><\/span><span style=\"color: #000080;\"><span lang=\"zxx\"><u><a href=\"http:\/\/www.inces.gob.ve\/\"><span style=\"font-family: Arial, sans-serif;\"><span style=\"font-size: x-large;\">www.inces.gob.ve<\/span><\/span><\/a><\/u><\/span><\/span><span style=\"font-family: Arial, sans-serif;\"><span style=\"font-size: x-large;\"> y a seguir las redes sociales @incescojedes @incesocialista. <\/span><\/span><\/p>\n<p lang=\"en-US\" align=\"justify\">\n","protected":false},"excerpt":{"rendered":"<p>** Se concretaron cursos en el \u00e1rea de comercio y servicios con \u201cFarma Cojedes\u201d<\/p>\n","protected":false},"author":15,"featured_media":33490,"comment_status":"closed","ping_status":"closed","sticky":false,"template":"","format":"standard","meta":{"footnotes":""},"categories":[2],"tags":[],"class_list":["post-33488","post","type-post","status-publish","format-standard","has-post-thumbnail","hentry","category-blog"],"_links":{"self":[{"href":"https:\/\/inces.gob.ve\/index.php\/wp-json\/wp\/v2\/posts\/33488","targetHints":{"allow":["GET"]}}],"collection":[{"href":"https:\/\/inces.gob.ve\/index.php\/wp-json\/wp\/v2\/posts"}],"about":[{"href":"https:\/\/inces.gob.ve\/index.php\/wp-json\/wp\/v2\/types\/post"}],"author":[{"embeddable":true,"href":"https:\/\/inces.gob.ve\/index.php\/wp-json\/wp\/v2\/users\/15"}],"replies":[{"embeddable":true,"href":"https:\/\/inces.gob.ve\/index.php\/wp-json\/wp\/v2\/comments?post=33488"}],"version-history":[{"count":1,"href":"https:\/\/inces.gob.ve\/index.php\/wp-json\/wp\/v2\/posts\/33488\/revisions"}],"predecessor-version":[{"id":33491,"href":"https:\/\/inces.gob.ve\/index.php\/wp-json\/wp\/v2\/posts\/33488\/revisions\/33491"}],"wp:featuredmedia":[{"embeddable":true,"href":"https:\/\/inces.gob.ve\/index.php\/wp-json\/wp\/v2\/media\/33490"}],"wp:attachment":[{"href":"https:\/\/inces.gob.ve\/index.php\/wp-json\/wp\/v2\/media?parent=33488"}],"wp:term":[{"taxonomy":"category","embeddable":true,"href":"https:\/\/inces.gob.ve\/index.php\/wp-json\/wp\/v2\/categories?post=33488"},{"taxonomy":"post_tag","embeddable":true,"href":"https:\/\/inces.gob.ve\/index.php\/wp-json\/wp\/v2\/tags?post=33488"}],"curies":[{"name":"wp","href":"https:\/\/api.w.org\/{rel}","templated":true}]}}