{"id":33504,"date":"2020-01-29T08:01:13","date_gmt":"2020-01-29T14:01:13","guid":{"rendered":"https:\/\/inces.gob.ve\/?p=33504"},"modified":"2020-05-28T20:24:01","modified_gmt":"2020-05-29T00:24:01","slug":"carabobo-inces-lleva-a-cabo-reunion-con-centros-de-formacion-del-pna","status":"publish","type":"post","link":"https:\/\/inces.gob.ve\/index.php\/2020\/01\/29\/carabobo-inces-lleva-a-cabo-reunion-con-centros-de-formacion-del-pna\/","title":{"rendered":"CARABOBO | Inces lleva a cabo reuni\u00f3n con centros de formaci\u00f3n del PNA"},"content":{"rendered":"<p align=\"justify\"><span style=\"font-family: Arial, sans-serif;\"><span style=\"font-size: x-large;\"><i><b>** En la actividad participaron los institutos Fundametal, Santa F\u00e8, Inforcal, M\u00e1ximo Talento, e Improco, ubicados a Valencia; Invecapi en Puerto Cabello y Jes\u00fas Obrero en Guacara<\/b><\/i><\/span><\/span><!--more--><\/p>\n<p align=\"justify\">\n<p align=\"justify\"><span style=\"font-family: Arial, sans-serif;\"><span style=\"font-size: x-large;\"><b>ATILIA CORTEZ <\/b><\/span><\/span><\/p>\n<p align=\"justify\"><span style=\"font-family: Arial, sans-serif;\"><span style=\"font-size: x-large;\">En el centro de formaci\u00f3n socialista (CFS) Luis Beltr\u00e1n Prieto Figueroa de Valencia la Gerencia Regional de Inces Carabobo y su Divisi\u00f3n de Formaci\u00f3n Profesional llevaron a cabo una reuni\u00f3n con los siete centros de formaci\u00f3n p\u00fablicos y privados del Programa Nacional de Aprendizaje (PNA).<\/span><\/span><\/p>\n<p align=\"justify\">\n<p align=\"justify\"><span style=\"font-family: Arial, sans-serif;\"><span style=\"font-size: x-large;\">Para el inicio de la actividad, Guyen Soto, gerente regional del Inces Carabobo, present\u00f3 la agenda a tratar, la cual contempla los siguientes puntos: Resultados de la Gesti\u00f3n del 2019, estrategias para el incremento de aprendices, normas para los aprendices Inces(acci\u00f3n comunicativa), actividades extracurriculares y beneficios del programa para las entidades de trabajo.<\/span><\/span><\/p>\n<p align=\"justify\">\n<p align=\"justify\"><span style=\"font-family: Arial, sans-serif;\"><span style=\"font-size: x-large;\">Soto destac\u00f3 que el Inces Carabobo y el PNA incorporaron a 1.150 aprendices en los siete centros de formaci\u00f3n p\u00fablicos y privados ubicados en la entidad carabobe\u00f1a.<\/span><\/span><\/p>\n<p align=\"justify\">\n<p align=\"justify\">\u201c<span style=\"font-family: Arial, sans-serif;\"><span style=\"font-size: x-large;\">Es importante para cualquier pa\u00eds que su poblaci\u00f3n juvenil se prepare tomando en cuenta que esta juventud es diferente, otros tiempos y eso hay que tomarlo en cuenta para su incorporaci\u00f3n La juventud de hoy es la que m\u00e1s emprende en la historia de la humanidad, con energ\u00edas diferentes a otras generaciones\u201d, puntualiz\u00f3 Soto<\/span><\/span><\/p>\n<p align=\"justify\">\n<p align=\"justify\"><span style=\"font-family: Arial, sans-serif;\"><span style=\"font-size: x-large;\">Por su parte representantes del Instituto Jes\u00fas Obrero explicaron que la malla curricular tambi\u00e9n debe adecuarse a estos tiempos y \u201clos profesores visualizarlo as\u00ed, porque son otros tiempos, otras necesidades y la formaci\u00f3n debe adecuarse a esta juventud\u201d<\/span><\/span><\/p>\n<p align=\"justify\"><span style=\"font-family: Arial, sans-serif;\"><span style=\"font-size: x-large;\">Finalmente Yorman Rosal, coordinador regional del PNA en Carabobo, resalt\u00f3 que entre los puntos de agenda en relaci\u00f3n a las actividades extracurriculares dentro de la formaci\u00f3n de los j\u00f3venes aprendices destacan canto, baile, reto al conocimiento, entre otras, \u201ces que la juventud se exprese sanamente y de forma integral\u201d.<\/span><\/span><\/p>\n<p align=\"justify\"><span style=\"font-family: Arial, sans-serif;\"><span style=\"font-size: x-large;\">LT<\/span><\/span><\/p>\n<p align=\"justify\">\n","protected":false},"excerpt":{"rendered":"<p>** En la actividad participaron los institutos Fundametal, Santa F\u00e8, Inforcal, M\u00e1ximo Talento, e Improco, ubicados a Valencia; Invecapi en Puerto Cabello y Jes\u00fas Obrero en Guacara<\/p>\n","protected":false},"author":15,"featured_media":33505,"comment_status":"closed","ping_status":"closed","sticky":false,"template":"","format":"standard","meta":{"footnotes":""},"categories":[2],"tags":[],"class_list":["post-33504","post","type-post","status-publish","format-standard","has-post-thumbnail","hentry","category-blog"],"_links":{"self":[{"href":"https:\/\/inces.gob.ve\/index.php\/wp-json\/wp\/v2\/posts\/33504","targetHints":{"allow":["GET"]}}],"collection":[{"href":"https:\/\/inces.gob.ve\/index.php\/wp-json\/wp\/v2\/posts"}],"about":[{"href":"https:\/\/inces.gob.ve\/index.php\/wp-json\/wp\/v2\/types\/post"}],"author":[{"embeddable":true,"href":"https:\/\/inces.gob.ve\/index.php\/wp-json\/wp\/v2\/users\/15"}],"replies":[{"embeddable":true,"href":"https:\/\/inces.gob.ve\/index.php\/wp-json\/wp\/v2\/comments?post=33504"}],"version-history":[{"count":1,"href":"https:\/\/inces.gob.ve\/index.php\/wp-json\/wp\/v2\/posts\/33504\/revisions"}],"predecessor-version":[{"id":33506,"href":"https:\/\/inces.gob.ve\/index.php\/wp-json\/wp\/v2\/posts\/33504\/revisions\/33506"}],"wp:featuredmedia":[{"embeddable":true,"href":"https:\/\/inces.gob.ve\/index.php\/wp-json\/wp\/v2\/media\/33505"}],"wp:attachment":[{"href":"https:\/\/inces.gob.ve\/index.php\/wp-json\/wp\/v2\/media?parent=33504"}],"wp:term":[{"taxonomy":"category","embeddable":true,"href":"https:\/\/inces.gob.ve\/index.php\/wp-json\/wp\/v2\/categories?post=33504"},{"taxonomy":"post_tag","embeddable":true,"href":"https:\/\/inces.gob.ve\/index.php\/wp-json\/wp\/v2\/tags?post=33504"}],"curies":[{"name":"wp","href":"https:\/\/api.w.org\/{rel}","templated":true}]}}