{"id":33520,"date":"2020-01-29T12:52:01","date_gmt":"2020-01-29T18:52:01","guid":{"rendered":"https:\/\/inces.gob.ve\/?p=33520"},"modified":"2020-05-28T20:24:01","modified_gmt":"2020-05-29T00:24:01","slug":"aragua-se-incorporo-a-la-iniciativa-hidroinces","status":"publish","type":"post","link":"https:\/\/inces.gob.ve\/index.php\/2020\/01\/29\/aragua-se-incorporo-a-la-iniciativa-hidroinces\/","title":{"rendered":"Aragua  se incorpor\u00f3 a la iniciativa HidroInces"},"content":{"rendered":"<p align=\"justify\"><span style=\"font-family: Arial, sans-serif;\"><span style=\"font-size: x-large;\"><i>** <b>En alianza con la hidrol\u00f3gica, las gerencias regionales del Inces en Carabobo y Cojedes <\/b><b>se reunieron<\/b><b> con el prop\u00f3sito de maximizar la capacidad instalada de la instituci\u00f3n<\/b><\/i><\/span><\/span><\/p>\n<p align=\"justify\"><!--more--><\/p>\n<p align=\"justify\">\n<p align=\"justify\"><span style=\"font-family: Arial, sans-serif;\"><span style=\"font-size: x-large;\">MAR\u00cdA MOLINA | <b>Aragua<\/b><\/span><\/span><\/p>\n<p align=\"justify\"><span style=\"font-family: Arial, sans-serif;\"><span style=\"font-size: x-large;\">Con el prop\u00f3sito de maximizar la capacidad instalada de Hidrocentro de suministrar el agua y proteger su infraestructura como parte de la defensa integral del territorio se realiz\u00f3 una reuni\u00f3n entre autoridades de esa instituci\u00f3n y las gerencias regionales del Inces de los estados Aragua, Carabobo y Cojedes. <\/span><\/span><\/p>\n<p align=\"justify\"><span style=\"font-family: Arial, sans-serif;\"><span style=\"font-size: x-large;\">Adem\u00e1s de consolidar alianzas, se ofreci\u00f3 la formacion t\u00e9cnica y sociopol\u00edica, reconocimiento e intercambio de saberes, conformaci\u00f3n de brigadas productivas y de servicios; reparaci\u00f3n y recuperaci\u00f3n de equipos, motores, maquinarias y sistemas, mediante la reutilizaci\u00f3n de partes y piezas de equipos en desuso existentes en los dep\u00f3sitos de Hidrocentro.<\/span><\/span><\/p>\n<p align=\"justify\"><span style=\"font-family: Arial, sans-serif;\"><span style=\"font-size: x-large;\"><img loading=\"lazy\" decoding=\"async\" class=\"aligncenter wp-image-33522 size-full\" src=\"https:\/\/www.inces.gob.ve\/wp-content\/uploads\/2020\/01\/INCES-iniciativa-HidroInces3-.jpg\" alt=\"\" width=\"800\" height=\"379\" srcset=\"https:\/\/inces.gob.ve\/wp-content\/uploads\/2020\/01\/INCES-iniciativa-HidroInces3-.jpg 800w, https:\/\/inces.gob.ve\/wp-content\/uploads\/2020\/01\/INCES-iniciativa-HidroInces3--300x142.jpg 300w, https:\/\/inces.gob.ve\/wp-content\/uploads\/2020\/01\/INCES-iniciativa-HidroInces3--768x364.jpg 768w\" sizes=\"auto, (max-width: 800px) 100vw, 800px\" \/><\/span><\/span><\/p>\n<p align=\"justify\"><span style=\"font-family: Arial, sans-serif;\"><span style=\"font-size: x-large;\">Durante la reuni\u00f3n, estuvo presente del personal administrativo y t\u00e9cnico de ambas instituciones, as\u00ed como el presidente de Hidrocentro, Felix Torres y la gerente regional del Inces Aragua, Mayi Cumare, quienes explicaron y expusieron los alcances e intenciones que se persigue con esta alianza estrat\u00e9gica.<\/span><\/span><\/p>\n","protected":false},"excerpt":{"rendered":"<p>** En alianza con la hidrol\u00f3gica, las gerencias regionales del Inces en Carabobo y Cojedes se reunieron con el prop\u00f3sito de maximizar la capacidad instalada de la instituci\u00f3n<\/p>\n","protected":false},"author":15,"featured_media":33521,"comment_status":"closed","ping_status":"closed","sticky":false,"template":"","format":"standard","meta":{"footnotes":""},"categories":[2],"tags":[],"class_list":["post-33520","post","type-post","status-publish","format-standard","has-post-thumbnail","hentry","category-blog"],"_links":{"self":[{"href":"https:\/\/inces.gob.ve\/index.php\/wp-json\/wp\/v2\/posts\/33520","targetHints":{"allow":["GET"]}}],"collection":[{"href":"https:\/\/inces.gob.ve\/index.php\/wp-json\/wp\/v2\/posts"}],"about":[{"href":"https:\/\/inces.gob.ve\/index.php\/wp-json\/wp\/v2\/types\/post"}],"author":[{"embeddable":true,"href":"https:\/\/inces.gob.ve\/index.php\/wp-json\/wp\/v2\/users\/15"}],"replies":[{"embeddable":true,"href":"https:\/\/inces.gob.ve\/index.php\/wp-json\/wp\/v2\/comments?post=33520"}],"version-history":[{"count":1,"href":"https:\/\/inces.gob.ve\/index.php\/wp-json\/wp\/v2\/posts\/33520\/revisions"}],"predecessor-version":[{"id":33523,"href":"https:\/\/inces.gob.ve\/index.php\/wp-json\/wp\/v2\/posts\/33520\/revisions\/33523"}],"wp:featuredmedia":[{"embeddable":true,"href":"https:\/\/inces.gob.ve\/index.php\/wp-json\/wp\/v2\/media\/33521"}],"wp:attachment":[{"href":"https:\/\/inces.gob.ve\/index.php\/wp-json\/wp\/v2\/media?parent=33520"}],"wp:term":[{"taxonomy":"category","embeddable":true,"href":"https:\/\/inces.gob.ve\/index.php\/wp-json\/wp\/v2\/categories?post=33520"},{"taxonomy":"post_tag","embeddable":true,"href":"https:\/\/inces.gob.ve\/index.php\/wp-json\/wp\/v2\/tags?post=33520"}],"curies":[{"name":"wp","href":"https:\/\/api.w.org\/{rel}","templated":true}]}}