{"id":33560,"date":"2020-01-30T09:06:12","date_gmt":"2020-01-30T15:06:12","guid":{"rendered":"https:\/\/inces.gob.ve\/?p=33560"},"modified":"2020-05-28T20:24:01","modified_gmt":"2020-05-29T00:24:01","slug":"monagas-elegidos-voceros-del-consejo-estudiantil","status":"publish","type":"post","link":"https:\/\/inces.gob.ve\/index.php\/2020\/01\/30\/monagas-elegidos-voceros-del-consejo-estudiantil\/","title":{"rendered":"Monagas | Elegidos voceros del Consejo Estudiantil"},"content":{"rendered":"<p align=\"justify\"><span style=\"font-family: Arial, sans-serif;\"><span style=\"font-size: x-large;\"><i><b>** El Inces les brinda la oportunidad a los j\u00f3venes de organizarse y participar en los planes y proyectos formativos y productivos de la patria<\/b><\/i><\/span><\/span><!--more--><\/p>\n<p align=\"justify\">\n<p align=\"justify\"><span style=\"font-family: Arial, sans-serif;\"><span style=\"font-size: x-large;\"><b>Mariangel Henr\u00edquez | Inces Monagas<\/b><\/span><\/span><\/p>\n<p align=\"justify\"><span style=\"font-family: Arial, sans-serif;\"><span style=\"font-size: x-large;\">Con la participaci\u00f3n de los estudiantes de Educaci\u00f3n B\u00e1sica, Modalidad Educaci\u00f3n de J\u00f3venes, Adultos y Adultas, se llev\u00f3 a cabo en la Escuela B\u00e1sica \u201cFederico Hands\u201d de Matur\u00edn, la elecci\u00f3n de los voceros estadales que <b>conformar\u00e1n el Consejo Estudiantil en el Instituto Nacional de Capacitaci\u00f3n y Educaci\u00f3n Socialista (Inces) del estado Monagas. <\/b><\/span><\/span><\/p>\n<p align=\"justify\"><span style=\"font-family: Arial, sans-serif;\"><span style=\"font-size: x-large;\">Como parte del reinicio de las actividades formativas, el Inces crea espacios para la organizaci\u00f3n de sus estructuras juveniles con la <b>conformaci\u00f3n de los Consejos Estudiantiles <\/b><b>que son instancias para la participaci\u00f3n protag\u00f3nica <\/b>de los sujetos sociales que se forman en la universidad del pueblo como Bachilleres Productivos a trav\u00e9s del programa de Educaci\u00f3n B\u00e1sica. En un ambiente de paz y solidaridad, en compa\u00f1\u00eda de las autoridades regionales y profesores, los j\u00f3venes ejercieron su voto manifestando apoyo a los candidatos que voluntariamente decidieron formar parte de la organizaci\u00f3n. <\/span><\/span><\/p>\n<p align=\"justify\"><span style=\"font-family: Arial, sans-serif;\"><span style=\"font-size: x-large;\"><img loading=\"lazy\" decoding=\"async\" class=\"aligncenter wp-image-33561 size-full\" src=\"https:\/\/www.inces.gob.ve\/wp-content\/uploads\/2020\/01\/INCES-voceros-del-Consejo-Estudiantil-1-.jpg\" alt=\"\" width=\"800\" height=\"600\" srcset=\"https:\/\/inces.gob.ve\/wp-content\/uploads\/2020\/01\/INCES-voceros-del-Consejo-Estudiantil-1-.jpg 800w, https:\/\/inces.gob.ve\/wp-content\/uploads\/2020\/01\/INCES-voceros-del-Consejo-Estudiantil-1--300x225.jpg 300w, https:\/\/inces.gob.ve\/wp-content\/uploads\/2020\/01\/INCES-voceros-del-Consejo-Estudiantil-1--768x576.jpg 768w, https:\/\/inces.gob.ve\/wp-content\/uploads\/2020\/01\/INCES-voceros-del-Consejo-Estudiantil-1--136x102.jpg 136w\" sizes=\"auto, (max-width: 800px) 100vw, 800px\" \/><\/span><\/span><\/p>\n<p align=\"justify\"><span style=\"font-family: Arial, sans-serif;\"><span style=\"font-size: x-large;\">La jornada tuvo una duraci\u00f3n de dos horas, en la que resultaron ganadores: Crismar Ruiz como vocera Socioproductiva, Kimberli Lara vocera Activista, Damaris Medina vocera Integradora y Katerin Lugo vocera Contralora.<\/span><\/span><\/p>\n<p align=\"justify\"><span style=\"font-family: Arial, sans-serif;\"><span style=\"font-size: x-large;\">Maura Cabello, coordinadora del mencionado programa, indic\u00f3, <b>\u201cl<\/b><b>a idea es que los voceros orienten al conglomerado de estudiantes a contribuir con el desarrollo nacional, <\/b><b>participando activamente en los planes educativos, productivos, econ\u00f3micos, pol\u00edticos, deportivos, culturales y recreativos de la naci\u00f3n en un ambiente de paz\u201d.<\/b> Por su parte, Hugo Serpa, estudiante del segundo periodo, resalt\u00f3 que el vocero juega un papel fundamental, ya que debe ser un l\u00edder que garantice la inserci\u00f3n y la formaci\u00f3n integral de los futuros bachilleres de la Rep\u00fablica Bolivariana de Venezuela y la prosecuci\u00f3n de estudios universitarios.<\/span><\/span><\/p>\n<p align=\"justify\"><span style=\"font-family: Arial, sans-serif;\"><span style=\"font-size: x-large;\"><img loading=\"lazy\" decoding=\"async\" class=\"aligncenter wp-image-33563 size-full\" src=\"https:\/\/www.inces.gob.ve\/wp-content\/uploads\/2020\/01\/INCES-voceros-del-Consejo-Estudiantil-4-.jpg\" alt=\"\" width=\"800\" height=\"600\" srcset=\"https:\/\/inces.gob.ve\/wp-content\/uploads\/2020\/01\/INCES-voceros-del-Consejo-Estudiantil-4-.jpg 800w, https:\/\/inces.gob.ve\/wp-content\/uploads\/2020\/01\/INCES-voceros-del-Consejo-Estudiantil-4--300x225.jpg 300w, https:\/\/inces.gob.ve\/wp-content\/uploads\/2020\/01\/INCES-voceros-del-Consejo-Estudiantil-4--768x576.jpg 768w, https:\/\/inces.gob.ve\/wp-content\/uploads\/2020\/01\/INCES-voceros-del-Consejo-Estudiantil-4--136x102.jpg 136w\" sizes=\"auto, (max-width: 800px) 100vw, 800px\" \/><\/span><\/span><\/p>\n<p align=\"justify\"><span style=\"font-family: Arial, sans-serif;\"><span style=\"font-size: x-large;\">De esta manera, la juventud productiva en la entidad monaguense asume el compromiso con el Inces para<b> continuar avanzando en la preparaci\u00f3n de profesionales y t\u00e9cnicos que aporten al desarrollo de la patria .<\/b><b> <\/b><\/span><\/span><\/p>\n","protected":false},"excerpt":{"rendered":"<p>** El Inces les brinda la oportunidad a los j\u00f3venes de organizarse y participar en los planes y proyectos formativos y productivos de la patria<\/p>\n","protected":false},"author":15,"featured_media":33562,"comment_status":"closed","ping_status":"closed","sticky":false,"template":"","format":"standard","meta":{"footnotes":""},"categories":[2],"tags":[],"class_list":["post-33560","post","type-post","status-publish","format-standard","has-post-thumbnail","hentry","category-blog"],"_links":{"self":[{"href":"https:\/\/inces.gob.ve\/index.php\/wp-json\/wp\/v2\/posts\/33560","targetHints":{"allow":["GET"]}}],"collection":[{"href":"https:\/\/inces.gob.ve\/index.php\/wp-json\/wp\/v2\/posts"}],"about":[{"href":"https:\/\/inces.gob.ve\/index.php\/wp-json\/wp\/v2\/types\/post"}],"author":[{"embeddable":true,"href":"https:\/\/inces.gob.ve\/index.php\/wp-json\/wp\/v2\/users\/15"}],"replies":[{"embeddable":true,"href":"https:\/\/inces.gob.ve\/index.php\/wp-json\/wp\/v2\/comments?post=33560"}],"version-history":[{"count":1,"href":"https:\/\/inces.gob.ve\/index.php\/wp-json\/wp\/v2\/posts\/33560\/revisions"}],"predecessor-version":[{"id":33564,"href":"https:\/\/inces.gob.ve\/index.php\/wp-json\/wp\/v2\/posts\/33560\/revisions\/33564"}],"wp:featuredmedia":[{"embeddable":true,"href":"https:\/\/inces.gob.ve\/index.php\/wp-json\/wp\/v2\/media\/33562"}],"wp:attachment":[{"href":"https:\/\/inces.gob.ve\/index.php\/wp-json\/wp\/v2\/media?parent=33560"}],"wp:term":[{"taxonomy":"category","embeddable":true,"href":"https:\/\/inces.gob.ve\/index.php\/wp-json\/wp\/v2\/categories?post=33560"},{"taxonomy":"post_tag","embeddable":true,"href":"https:\/\/inces.gob.ve\/index.php\/wp-json\/wp\/v2\/tags?post=33560"}],"curies":[{"name":"wp","href":"https:\/\/api.w.org\/{rel}","templated":true}]}}