{"id":33565,"date":"2020-01-30T09:27:06","date_gmt":"2020-01-30T15:27:06","guid":{"rendered":"https:\/\/inces.gob.ve\/?p=33565"},"modified":"2020-05-28T20:24:01","modified_gmt":"2020-05-29T00:24:01","slug":"inces-apure-sigue-avanzando-en-todos-los-sectores-productvos-del-estado","status":"publish","type":"post","link":"https:\/\/inces.gob.ve\/index.php\/2020\/01\/30\/inces-apure-sigue-avanzando-en-todos-los-sectores-productvos-del-estado\/","title":{"rendered":"INCES APURE SIGUE AVANZANDO EN TODOS LOS SECTORES PRODUCTVOS DEL ESTADO"},"content":{"rendered":"<p align=\"justify\"><span style=\"font-family: Arial, sans-serif;\"><span style=\"font-size: x-large;\"><i><b>**La Gerencia Regional del Inces Apure realiza formaciones y acreditaciones en las diferentes \u00e1reas productivas del Pa\u00eds.<\/b><\/i><\/span><\/span><\/p>\n<p align=\"justify\">\n<!--more--><\/p>\n<p align=\"justify\"><span style=\"font-family: Arial, sans-serif;\"><span style=\"font-size: x-large;\"><b>Jos\u00e9 Galindo<\/b><\/span><\/span><\/p>\n<p align=\"justify\"><span style=\"font-family: Arial, sans-serif;\"><span style=\"font-size: x-large;\">Prensa Inces Apure. <\/span><\/span><\/p>\n<p align=\"justify\"><span style=\"font-family: Arial, sans-serif;\"><span style=\"font-size: x-large;\">El Inces Apure, se despliega en todo el Estado Apure, con el fin de cumplir con los lineamientos emanados a nivel central, es por ello que esta casa de estudio va en crecimiento progresivo de la mano con las necesidades de formaci\u00f3n en las \u00e1reas productivas del pa\u00eds. <\/span><\/span><\/p>\n<p align=\"justify\"><span style=\"font-family: Arial, sans-serif;\"><span style=\"font-size: x-large;\"><b>En esta oportunidad se logr\u00f3 certificar 208 Pescadores de la Parroquia el Yagual, Municipio Achaguas, como atenci\u00f3n inmediata de los Consejos de Pescadores de esta entidad apure\u00f1a<\/b>, de igual forma se impuls\u00f3 la Certificaci\u00f3n de Saberes en la \u00e1reas de Ambiente Windows, Cocina Domestica, Dulcer\u00eda Criolla dicha actividad se ejecut\u00f3 en el Liceo Bolivariano Amantina de Sucre, Municipio Biruaca, contando con la participaci\u00f3n de 200 personas acreditadas entre comunidad en General y estudiantes. <\/span><\/span><\/p>\n<p align=\"justify\"><span style=\"font-family: Arial, sans-serif;\"><span style=\"font-size: x-large;\"><img loading=\"lazy\" decoding=\"async\" class=\"aligncenter wp-image-33567 size-full\" src=\"https:\/\/www.inces.gob.ve\/wp-content\/uploads\/2020\/01\/Inces-SECTORES-PRODUCTVOS-DEL-ESTADO-3-.jpg\" alt=\"\" width=\"800\" height=\"600\" srcset=\"https:\/\/inces.gob.ve\/wp-content\/uploads\/2020\/01\/Inces-SECTORES-PRODUCTVOS-DEL-ESTADO-3-.jpg 800w, https:\/\/inces.gob.ve\/wp-content\/uploads\/2020\/01\/Inces-SECTORES-PRODUCTVOS-DEL-ESTADO-3--300x225.jpg 300w, https:\/\/inces.gob.ve\/wp-content\/uploads\/2020\/01\/Inces-SECTORES-PRODUCTVOS-DEL-ESTADO-3--768x576.jpg 768w, https:\/\/inces.gob.ve\/wp-content\/uploads\/2020\/01\/Inces-SECTORES-PRODUCTVOS-DEL-ESTADO-3--136x102.jpg 136w\" sizes=\"auto, (max-width: 800px) 100vw, 800px\" \/><\/span><\/span><\/p>\n<p align=\"justify\"><span style=\"font-family: Arial, sans-serif;\"><span style=\"font-size: x-large;\"><b>En el marco de la Jornada Nacional de Supervisi\u00f3n y de Evaluaci\u00f3n de la Calidad Educativa, de igual manera se logra transcender y realizar alianzas Institucionales con el Ministerio del Poder Popular para la Agricultura y Tierras, permitiendo certificar a 162 compatriotas productores de las \u00e1reas de producci\u00f3n vegetal y animal<\/b>, los cuales poseen saberes emp\u00edricos y ancestrales, adquiridos a lo largo del tiempo, es por ello que el Inces reconoce y valora el esfuerzo de estas personas otorg\u00e1ndole su certificaci\u00f3n respectiva y pertinente en las diversas \u00e1reas del conocimiento. <\/span><\/span><\/p>\n<p align=\"justify\"><span style=\"font-family: Arial, sans-serif;\"><span style=\"font-size: x-large;\">La informaci\u00f3n la suministr\u00f3 el Msc. Alexis Noriega, Jefe de la Divisi\u00f3n de Formaci\u00f3n Profesional del Inces, quien destac\u00f3 \u201cEl gran compromiso adquirido y la responsabilidad de velar y valorar el saber-conocer aut\u00f3ctono de las personas a Certificar, adem\u00e1s de esto el Inces sigue incorporando Aprendices en las Entidades de Trabajo tanto P\u00fablicas como Privadas, como lo estable la Ley del Inces en sus Art\u00edculos 2,8,10 y 12 , resaltando el rol que tiene los aprendices en el proceso social,<b> buscando generar el primer empleo joven para formar una generaci\u00f3n de relevo capacitada tomando en consideraci\u00f3n el lema de aprender haciendo, y lograr establecer en todo el pa\u00eds una fuerza productiva joven con capacidad anal\u00edtica y pol\u00edtica<\/b>, es por ello que actualmente se est\u00e1 reimpulsando el Plan Chamba Juvenil, a partir de este a\u00f1o, d\u00e1ndole al Inces la responsabilidad de Incorporar en el \u00e1mbito laboral a m\u00e1s 2 millones de j\u00f3venes, finaliz\u00f3 Noriega.<\/span><\/span><\/p>\n<p align=\"justify\">\n","protected":false},"excerpt":{"rendered":"<p>**La Gerencia Regional del Inces Apure realiza formaciones y acreditaciones en las diferentes \u00e1reas productivas del Pa\u00eds.<\/p>\n","protected":false},"author":15,"featured_media":33566,"comment_status":"closed","ping_status":"closed","sticky":false,"template":"","format":"standard","meta":{"footnotes":""},"categories":[2],"tags":[],"class_list":["post-33565","post","type-post","status-publish","format-standard","has-post-thumbnail","hentry","category-blog"],"_links":{"self":[{"href":"https:\/\/inces.gob.ve\/index.php\/wp-json\/wp\/v2\/posts\/33565","targetHints":{"allow":["GET"]}}],"collection":[{"href":"https:\/\/inces.gob.ve\/index.php\/wp-json\/wp\/v2\/posts"}],"about":[{"href":"https:\/\/inces.gob.ve\/index.php\/wp-json\/wp\/v2\/types\/post"}],"author":[{"embeddable":true,"href":"https:\/\/inces.gob.ve\/index.php\/wp-json\/wp\/v2\/users\/15"}],"replies":[{"embeddable":true,"href":"https:\/\/inces.gob.ve\/index.php\/wp-json\/wp\/v2\/comments?post=33565"}],"version-history":[{"count":1,"href":"https:\/\/inces.gob.ve\/index.php\/wp-json\/wp\/v2\/posts\/33565\/revisions"}],"predecessor-version":[{"id":33568,"href":"https:\/\/inces.gob.ve\/index.php\/wp-json\/wp\/v2\/posts\/33565\/revisions\/33568"}],"wp:featuredmedia":[{"embeddable":true,"href":"https:\/\/inces.gob.ve\/index.php\/wp-json\/wp\/v2\/media\/33566"}],"wp:attachment":[{"href":"https:\/\/inces.gob.ve\/index.php\/wp-json\/wp\/v2\/media?parent=33565"}],"wp:term":[{"taxonomy":"category","embeddable":true,"href":"https:\/\/inces.gob.ve\/index.php\/wp-json\/wp\/v2\/categories?post=33565"},{"taxonomy":"post_tag","embeddable":true,"href":"https:\/\/inces.gob.ve\/index.php\/wp-json\/wp\/v2\/tags?post=33565"}],"curies":[{"name":"wp","href":"https:\/\/api.w.org\/{rel}","templated":true}]}}