{"id":33655,"date":"2020-02-01T11:54:09","date_gmt":"2020-02-01T17:54:09","guid":{"rendered":"https:\/\/inces.gob.ve\/?p=33655"},"modified":"2020-05-28T20:24:00","modified_gmt":"2020-05-29T00:24:00","slug":"portuguesa-inicia-formaciones-productivas-en-el-complejo-habitacional-simon-bolivar","status":"publish","type":"post","link":"https:\/\/inces.gob.ve\/index.php\/2020\/02\/01\/portuguesa-inicia-formaciones-productivas-en-el-complejo-habitacional-simon-bolivar\/","title":{"rendered":"Portuguesa | inicia formaciones productivas en el Complejo Habitacional Sim\u00f3n Bol\u00edvar"},"content":{"rendered":"<p align=\"justify\"><span style=\"font-family: Arial, sans-serif;\"><span style=\"font-size: x-large;\">** <i><b>Mas de 500 j\u00f3venes y adultos han formalizado su inscripci\u00f3n en cursos como electricidad, panader\u00eda artesanal, huerto familiar, corte y costura, entre otros<\/b><\/i><\/span><\/span><\/p>\n<p align=\"justify\"><!--more--><\/p>\n<p align=\"justify\">\n<p align=\"justify\"><span style=\"font-family: Arial, sans-serif;\"><span style=\"font-size: x-large;\"><b>Jes\u00fas Eduardo P\u00e9rez <\/b><b>| <\/b><b>Prensa Inces Portuguesa <\/b><\/span><\/span><\/p>\n<p align=\"justify\">\u201c<span style=\"font-family: Arial, sans-serif;\"><span style=\"font-size: x-large;\"><b>Territorializar el Inces en el estado es uno de nuestros objetivos fundamentales en este 2020\u201d<\/b><\/span><\/span><span style=\"font-family: Arial, sans-serif;\"><span style=\"font-size: x-large;\">, <\/span><\/span><span style=\"font-family: Arial, sans-serif;\"><span style=\"font-size: x-large;\"><b>as\u00ed lo expres\u00f3 la gerente regional del Inces Portuguesa <\/b><\/span><\/span><span style=\"color: #00000a;\"><span style=\"font-family: Arial, sans-serif;\"><span style=\"font-size: x-large;\"><b>Aracelis Bello, <\/b><\/span><\/span><\/span><span style=\"font-family: Arial, sans-serif;\"><span style=\"font-size: x-large;\"><b>durante la apertura de m\u00e1s 15 formaciones productivas en el Complejo Habitacional Sim\u00f3n Bol\u00edvar del municipio P\u00e1ez y en compa\u00f1\u00eda del Alcalde Bolivariano:\u00a0<\/b><\/span><\/span><a href=\"https:\/\/www.facebook.com\/efrensicumple?__tn__=%2CdK-R-R&amp;eid=ARBeMgszh7EYPThBRQdEPjP5yil_EVj8ojQJ_g4suCU-FKNBbA186ER9ccp-txpZdoIwc9S_6Br-prQX&amp;fref=mentions\" target=\"_blank\" rel=\"noopener noreferrer\"><span style=\"color: #00000a;\"><span style=\"font-family: Arial, sans-serif;\"><span style=\"font-size: x-large;\"><b>Efr\u00e9n P\u00e9rez<\/b><\/span><\/span><\/span><\/a><span style=\"font-family: Arial, sans-serif;\"><span style=\"font-size: x-large;\"><b>, concejales, participantes y poder popular del mencionado complejo.<\/b><\/span><\/span><\/p>\n<p align=\"justify\"><span style=\"font-family: Arial, sans-serif;\"><span style=\"font-size: x-large;\">La gerente regional enfatizo, \u201ceste a\u00f1o nos hemos puesto como meta sacar el Inces de las cuatros paredes que lo representan y llevarlo hasta las catatumbas del pueblo portuguese\u00f1o para garantizar la formaci\u00f3n de las comunidades y su desarrollo sustentable. A muestra de eso, <b>iniciamos con una matr\u00edcula de m\u00e1s 500 participantes en 15 formaciones productivas en este importantes complejo que cuenta con una poblaci\u00f3n de aproximadamente 20.000 habitantes\u201d<\/b>.<\/span><\/span><\/p>\n<p align=\"justify\"><span style=\"font-family: Arial, sans-serif;\"><span style=\"font-size: x-large;\"><img loading=\"lazy\" decoding=\"async\" class=\"aligncenter wp-image-33657 size-full\" src=\"https:\/\/www.inces.gob.ve\/wp-content\/uploads\/2020\/01\/Inces-formaciones-productivas2-.jpg\" alt=\"\" width=\"800\" height=\"600\" srcset=\"https:\/\/inces.gob.ve\/wp-content\/uploads\/2020\/01\/Inces-formaciones-productivas2-.jpg 800w, https:\/\/inces.gob.ve\/wp-content\/uploads\/2020\/01\/Inces-formaciones-productivas2--300x225.jpg 300w, https:\/\/inces.gob.ve\/wp-content\/uploads\/2020\/01\/Inces-formaciones-productivas2--768x576.jpg 768w, https:\/\/inces.gob.ve\/wp-content\/uploads\/2020\/01\/Inces-formaciones-productivas2--136x102.jpg 136w\" sizes=\"auto, (max-width: 800px) 100vw, 800px\" \/><\/span><\/span><\/p>\n<p align=\"justify\"><a name=\"m_7324963360360648793__GoBack\"><\/a> <span style=\"font-family: Arial, sans-serif;\"><span style=\"font-size: x-large;\">Para Bello este es el primer paso, porque se espera que d<b>urante el primer trimestre del a\u00f1o se desarrollen en los espacios otorgados por Instituto Aut\u00f3nomo de Protecci\u00f3n Civil y Administraci\u00f3n de Desastres conjuntamente con la comunidad organizada en el complejo habitacional, otros importantes programas como bachillerato productivo y PNA,<\/b> hasta poder consolidar un n\u00facleo de formaci\u00f3n socialista que seguramente llevara el nombre de un h\u00e9roe o hero\u00edna independentista de nuestro pa\u00eds o de un luchador o luchadora social del sector.<\/span><\/span><\/p>\n<p align=\"justify\"><span style=\"font-family: Arial, sans-serif;\"><span style=\"font-size: x-large;\"><img loading=\"lazy\" decoding=\"async\" class=\"aligncenter wp-image-33656 size-full\" src=\"https:\/\/www.inces.gob.ve\/wp-content\/uploads\/2020\/01\/Inces-formaciones-productivas1-.jpg\" alt=\"\" width=\"800\" height=\"600\" srcset=\"https:\/\/inces.gob.ve\/wp-content\/uploads\/2020\/01\/Inces-formaciones-productivas1-.jpg 800w, https:\/\/inces.gob.ve\/wp-content\/uploads\/2020\/01\/Inces-formaciones-productivas1--300x225.jpg 300w, https:\/\/inces.gob.ve\/wp-content\/uploads\/2020\/01\/Inces-formaciones-productivas1--768x576.jpg 768w, https:\/\/inces.gob.ve\/wp-content\/uploads\/2020\/01\/Inces-formaciones-productivas1--136x102.jpg 136w\" sizes=\"auto, (max-width: 800px) 100vw, 800px\" \/><\/span><\/span><\/p>\n<p align=\"justify\"><span style=\"font-family: Arial, sans-serif;\"><span style=\"font-size: x-large;\">Entre tanto <b>el Alcalde del municipio P\u00e1ez: Efr\u00e9n P\u00e9rez agradeci\u00f3 al Inces por la iniciativa de llevar los cursos a las comunidades<\/b>, <b>permitiendo al pueblo formarse para desarrollar un oficio productivo <\/b>que ayude al sustento de sus familias, adem\u00e1s de ayudar a solucionar los problemas que se puedan presentar en la comunidades como fallas en el sistema el\u00e9ctrico y del servicio de agua potable, entre otros, que muchas veces se atrasan por falta de recursos econ\u00f3micos para la contrataci\u00f3n de mano de obra o reparaci\u00f3n de los equipos afectados.<\/span><\/span><\/p>\n","protected":false},"excerpt":{"rendered":"<p>** Mas de 500 j\u00f3venes y adultos han formalizado su inscripci\u00f3n en cursos como electricidad, panader\u00eda artesanal, huerto familiar, corte y costura, entre otros<\/p>\n","protected":false},"author":15,"featured_media":33658,"comment_status":"closed","ping_status":"closed","sticky":false,"template":"","format":"standard","meta":{"footnotes":""},"categories":[2],"tags":[],"class_list":["post-33655","post","type-post","status-publish","format-standard","has-post-thumbnail","hentry","category-blog"],"_links":{"self":[{"href":"https:\/\/inces.gob.ve\/index.php\/wp-json\/wp\/v2\/posts\/33655","targetHints":{"allow":["GET"]}}],"collection":[{"href":"https:\/\/inces.gob.ve\/index.php\/wp-json\/wp\/v2\/posts"}],"about":[{"href":"https:\/\/inces.gob.ve\/index.php\/wp-json\/wp\/v2\/types\/post"}],"author":[{"embeddable":true,"href":"https:\/\/inces.gob.ve\/index.php\/wp-json\/wp\/v2\/users\/15"}],"replies":[{"embeddable":true,"href":"https:\/\/inces.gob.ve\/index.php\/wp-json\/wp\/v2\/comments?post=33655"}],"version-history":[{"count":1,"href":"https:\/\/inces.gob.ve\/index.php\/wp-json\/wp\/v2\/posts\/33655\/revisions"}],"predecessor-version":[{"id":33659,"href":"https:\/\/inces.gob.ve\/index.php\/wp-json\/wp\/v2\/posts\/33655\/revisions\/33659"}],"wp:featuredmedia":[{"embeddable":true,"href":"https:\/\/inces.gob.ve\/index.php\/wp-json\/wp\/v2\/media\/33658"}],"wp:attachment":[{"href":"https:\/\/inces.gob.ve\/index.php\/wp-json\/wp\/v2\/media?parent=33655"}],"wp:term":[{"taxonomy":"category","embeddable":true,"href":"https:\/\/inces.gob.ve\/index.php\/wp-json\/wp\/v2\/categories?post=33655"},{"taxonomy":"post_tag","embeddable":true,"href":"https:\/\/inces.gob.ve\/index.php\/wp-json\/wp\/v2\/tags?post=33655"}],"curies":[{"name":"wp","href":"https:\/\/api.w.org\/{rel}","templated":true}]}}