{"id":33690,"date":"2020-02-03T08:17:04","date_gmt":"2020-02-03T14:17:04","guid":{"rendered":"https:\/\/inces.gob.ve\/?p=33690"},"modified":"2020-05-28T20:24:00","modified_gmt":"2020-05-29T00:24:00","slug":"sucre-inces-brinda-formacion-turistica-en-diversos-espacios-de-la-ciudad-de-cumana","status":"publish","type":"post","link":"https:\/\/inces.gob.ve\/index.php\/2020\/02\/03\/sucre-inces-brinda-formacion-turistica-en-diversos-espacios-de-la-ciudad-de-cumana\/","title":{"rendered":"Sucre | Inces brinda Formaci\u00f3n Tur\u00edstica en diversos espacios de la ciudad de Cuman\u00e1"},"content":{"rendered":"<p align=\"justify\"><span style=\"font-family: Arial, sans-serif;\"><span style=\"font-size: x-large;\"><b>** El objetivo es impulsar con educaci\u00f3n el verdadero desarrollo de la actividad tur\u00edstica desde una perspectiva ecol\u00f3gica en la entidad <\/b><\/span><\/span><!--more--><\/p>\n<p align=\"justify\">\n<p align=\"justify\"><span style=\"font-family: Arial, sans-serif;\"><span style=\"font-size: x-large;\"><b>CARLOS HERRERA<\/b> <b>|<\/b> Presa<br \/>\n<\/span><\/span><\/p>\n<p align=\"justify\"><span style=\"font-family: Arial, sans-serif;\"><span style=\"font-size: x-large;\"><b>La Coordinaci\u00f3n del programa turismo de Inces Sucre trabaja de manera<\/b> <b>responsable por el<\/b> <b>desarrollo y crecimiento de \u00e9ste importante Motor de la econom\u00eda nacional, regional y local, fortaleciendo<\/b> <b>la formaci\u00f3n en la sensibilizaci\u00f3n tur\u00edstica en ni\u00f1os desde la<\/b> <b>edad escolar <\/b>y estudiantes de todos los niveles del sistema educativo venezolano; para unificar criterios, par\u00e1metros y dar direccionalidad a las pol\u00edticas que coadyuven al crecimiento y fortalecimiento del sector turismo.<\/span><\/span><\/p>\n<p align=\"justify\"><span style=\"font-family: Arial, sans-serif;\"><span style=\"font-size: x-large;\"><span style=\"color: #1c1e21;\"><b>Inces<\/b><\/span> <span style=\"color: #1c1e21;\"><b>Sucre en esta oportunidad comparti\u00f3 con los<\/b><\/span> <span style=\"color: #1c1e21;\"><b>alumnos y representantes de<\/b><\/span> <span style=\"color: #1c1e21;\"><b>la U. E. \u201cNuestra Se\u00f1ora del Carmen\u201d de la ciudad de Cuman\u00e1, la ponencia del proyecto \u201cDescubriendo juntos algo nuevo llamado turismo. Inces Sucre\u201d<\/b><\/span> <span style=\"color: #1c1e21;\"><b>dirigido por los MTV Deyci Rivero y Manuel D\u00edaz, pertenecientes al programa Turismo de la instituci\u00f3n.<\/b><\/span><\/span><\/span><\/p>\n<p align=\"justify\"><span style=\"font-family: Arial, sans-serif;\"><span style=\"font-size: x-large;\"><span style=\"color: #1c1e21;\">Esto en cumplimiento de los lineamientos emitidos por el ministerio del poder popular para la educaci\u00f3n, a trav\u00e9s del<\/span> <span style=\"color: #1c1e21;\">movimiento por la paz y la vida, brindando el apoyo a<\/span> <span style=\"color: #1c1e21;\">la generaci\u00f3n de oro de nuestra patria, estuvimos en la exposici\u00f3n de los proyectos escolares socio productivos \u00abConociendo Nuestro Estado\u00bb. <\/span><\/span><\/span><\/p>\n<p align=\"justify\"><span style=\"font-family: Arial, sans-serif;\"><span style=\"font-size: x-large;\">De igual manera, E<b>l Inces en alianza con instituciones regionales y municipales<\/b> <b>encargadas del Motor Turismo, exactamente especializadas en el \u00e1rea cacaotera, participan en Mesa de formaci\u00f3n productiva, cuyo objetivo es alinear la capacitaci\u00f3n en aras de arrojar saldos positivos en la producci\u00f3n y procesamiento de cacao<\/b> en el estado, trece de los quince municipios se caracterizan por ser cacaoteros <\/span><\/span><\/p>\n<p align=\"justify\"><span style=\"font-family: Arial, sans-serif;\"><span style=\"font-size: x-large;\">por otra parte, <b>Inces Sucre como ente formador aporta a Inparques Sucre su<\/b> <b>oferta formativa con formaciones productivas, te\u00f3ricas y pr\u00e1cticas, en especialidades como Sensibilizaci\u00f3n Tur\u00edstica, Orientaci\u00f3n al Turismo, Gu\u00eda Tur\u00edstic<\/b>a, Dise\u00f1o de Recorrido Tur\u00edstico, Programaci\u00f3n de Viajes, entre otras. La meta es ir hacia la sensibilizaci\u00f3n entre los entes del Estado y el pueblo, para dar impulso a ese sector de la econom\u00eda nacional desde una perspectiva ecologista.<\/span><\/span><\/p>\n","protected":false},"excerpt":{"rendered":"<p>** El objetivo es impulsar con educaci\u00f3n el verdadero desarrollo de la actividad tur\u00edstica desde una perspectiva ecol\u00f3gica en la entidad<\/p>\n","protected":false},"author":15,"featured_media":33691,"comment_status":"closed","ping_status":"closed","sticky":false,"template":"","format":"standard","meta":{"footnotes":""},"categories":[2],"tags":[],"class_list":["post-33690","post","type-post","status-publish","format-standard","has-post-thumbnail","hentry","category-blog"],"_links":{"self":[{"href":"https:\/\/inces.gob.ve\/index.php\/wp-json\/wp\/v2\/posts\/33690","targetHints":{"allow":["GET"]}}],"collection":[{"href":"https:\/\/inces.gob.ve\/index.php\/wp-json\/wp\/v2\/posts"}],"about":[{"href":"https:\/\/inces.gob.ve\/index.php\/wp-json\/wp\/v2\/types\/post"}],"author":[{"embeddable":true,"href":"https:\/\/inces.gob.ve\/index.php\/wp-json\/wp\/v2\/users\/15"}],"replies":[{"embeddable":true,"href":"https:\/\/inces.gob.ve\/index.php\/wp-json\/wp\/v2\/comments?post=33690"}],"version-history":[{"count":1,"href":"https:\/\/inces.gob.ve\/index.php\/wp-json\/wp\/v2\/posts\/33690\/revisions"}],"predecessor-version":[{"id":33692,"href":"https:\/\/inces.gob.ve\/index.php\/wp-json\/wp\/v2\/posts\/33690\/revisions\/33692"}],"wp:featuredmedia":[{"embeddable":true,"href":"https:\/\/inces.gob.ve\/index.php\/wp-json\/wp\/v2\/media\/33691"}],"wp:attachment":[{"href":"https:\/\/inces.gob.ve\/index.php\/wp-json\/wp\/v2\/media?parent=33690"}],"wp:term":[{"taxonomy":"category","embeddable":true,"href":"https:\/\/inces.gob.ve\/index.php\/wp-json\/wp\/v2\/categories?post=33690"},{"taxonomy":"post_tag","embeddable":true,"href":"https:\/\/inces.gob.ve\/index.php\/wp-json\/wp\/v2\/tags?post=33690"}],"curies":[{"name":"wp","href":"https:\/\/api.w.org\/{rel}","templated":true}]}}