{"id":33775,"date":"2020-02-04T14:34:15","date_gmt":"2020-02-04T20:34:15","guid":{"rendered":"https:\/\/inces.gob.ve\/?p=33775"},"modified":"2020-05-28T20:34:41","modified_gmt":"2020-05-29T00:34:41","slug":"trujillo-dia-de-la-dignidad-nacional","status":"publish","type":"post","link":"https:\/\/inces.gob.ve\/index.php\/2020\/02\/04\/trujillo-dia-de-la-dignidad-nacional\/","title":{"rendered":"TRUJILLO | D\u00eda de la dignidad nacional"},"content":{"rendered":"<p align=\"justify\"><span style=\"font-family: Arial, sans-serif;\"><span style=\"font-size: x-large;\"><i><b>** Una representaci\u00f3n integrada por los participantes del PNA adem\u00e1s de docentes y trabajadores del Inces asistieron a la conmemoraci\u00f3n de 4-F que se inici\u00f3 en la Plaza Bol\u00edvar de Valera<\/b><\/i><\/span><\/span><!--more--><\/p>\n<p align=\"justify\">\n<p align=\"justify\"><span style=\"font-family: Arial, sans-serif;\"><span style=\"font-size: x-large;\"><b>Prensa Trujillo<\/b><\/span><\/span><\/p>\n<p align=\"justify\"><span style=\"font-family: Arial, sans-serif;\"><span style=\"font-size: x-large;\">El 4 de Febrero, tambi\u00e9n conocido como \u201cD\u00eda de la Dignidad Nacional\u201d, fue la ocasi\u00f3n para que los habitantes de Valera y sus autoridades locales y regionales se reunieran para celebrar los 28 a\u00f1os de la insurrecci\u00f3n c\u00edvico-militar que lider\u00f3 en su momento el Comandante Hugo Ch\u00e1vez Fr\u00edas. <\/span><\/span><\/p>\n<p align=\"justify\"><span style=\"font-family: Arial, sans-serif;\"><span style=\"font-size: x-large;\">En esta oportunidad, el Gobernador del Estado Trujillo, Henry Rangel Silva, en su discurso indic\u00f3 que durante \u201clos nueve a\u00f1os se estuvo encubando en el vientre de la madre patria, en la matriz de los cuarteles, esos embriones estuvieron dispuestos a darle lo mejor al pueblo de para que tuviera una mejor calidad de vida\u201d, dijo.<\/span><\/span><\/p>\n<p align=\"justify\"><span style=\"font-family: Arial, sans-serif;\"><span style=\"font-size: x-large;\"><img loading=\"lazy\" decoding=\"async\" class=\"aligncenter wp-image-33777 size-full\" src=\"https:\/\/www.inces.gob.ve\/wp-content\/uploads\/2020\/02\/D\u00eda-de-la-dignidad-nacional-2-.jpg\" alt=\"\" width=\"800\" height=\"628\" srcset=\"https:\/\/inces.gob.ve\/wp-content\/uploads\/2020\/02\/D\u00eda-de-la-dignidad-nacional-2-.jpg 800w, https:\/\/inces.gob.ve\/wp-content\/uploads\/2020\/02\/D\u00eda-de-la-dignidad-nacional-2--300x236.jpg 300w, https:\/\/inces.gob.ve\/wp-content\/uploads\/2020\/02\/D\u00eda-de-la-dignidad-nacional-2--768x603.jpg 768w\" sizes=\"auto, (max-width: 800px) 100vw, 800px\" \/><\/span><\/span><\/p>\n<p align=\"justify\">\u201c<span style=\"font-family: Arial, sans-serif;\"><span style=\"font-size: x-large;\">Nosotros comprendimos la magnitud de lo que hab\u00edamos hecho solo despu\u00e9s que vimos la respuesta del pueblo, a pesar de que significara grandes sacrificios para quienes participamos directamente en el hecho\u201d, acot\u00f3 el primer mandatario regional en acto que reuni\u00f3 al pueblo revolucionario de Valera. <\/span><\/span><\/p>\n<p align=\"justify\"><span style=\"font-family: Arial, sans-serif;\"><span style=\"font-size: x-large;\"><img loading=\"lazy\" decoding=\"async\" class=\"aligncenter wp-image-33776 size-full\" src=\"https:\/\/www.inces.gob.ve\/wp-content\/uploads\/2020\/02\/D\u00eda-de-la-dignidad-nacional-1-.jpg\" alt=\"\" width=\"800\" height=\"600\" srcset=\"https:\/\/inces.gob.ve\/wp-content\/uploads\/2020\/02\/D\u00eda-de-la-dignidad-nacional-1-.jpg 800w, https:\/\/inces.gob.ve\/wp-content\/uploads\/2020\/02\/D\u00eda-de-la-dignidad-nacional-1--300x225.jpg 300w, https:\/\/inces.gob.ve\/wp-content\/uploads\/2020\/02\/D\u00eda-de-la-dignidad-nacional-1--768x576.jpg 768w, https:\/\/inces.gob.ve\/wp-content\/uploads\/2020\/02\/D\u00eda-de-la-dignidad-nacional-1--136x102.jpg 136w\" sizes=\"auto, (max-width: 800px) 100vw, 800px\" \/><\/span><\/span><\/p>\n<p align=\"justify\"><span style=\"font-family: Arial, sans-serif;\"><span style=\"font-size: x-large;\">El Gobernador del Estado manifest\u00f3 que la noche anterior al 4 de Febrero fueron testigos de angustias, indecisiones, acobardamientos pero que aun as\u00ed, vieron la utilidad que ese esfuerzo iba a tener para la patria en el futuro inmediato; y por eso decidieron continuar con el objetivo que se hab\u00edan planteado. <\/span><\/span><\/p>\n","protected":false},"excerpt":{"rendered":"<p>** Una representaci\u00f3n integrada por los participantes del PNA adem\u00e1s de docentes y trabajadores del Inces asistieron a la conmemoraci\u00f3n de 4-F que se inici\u00f3 en la Plaza Bol\u00edvar de Valera<\/p>\n","protected":false},"author":15,"featured_media":33778,"comment_status":"closed","ping_status":"closed","sticky":false,"template":"","format":"standard","meta":{"footnotes":""},"categories":[2],"tags":[],"class_list":["post-33775","post","type-post","status-publish","format-standard","has-post-thumbnail","hentry","category-blog"],"_links":{"self":[{"href":"https:\/\/inces.gob.ve\/index.php\/wp-json\/wp\/v2\/posts\/33775","targetHints":{"allow":["GET"]}}],"collection":[{"href":"https:\/\/inces.gob.ve\/index.php\/wp-json\/wp\/v2\/posts"}],"about":[{"href":"https:\/\/inces.gob.ve\/index.php\/wp-json\/wp\/v2\/types\/post"}],"author":[{"embeddable":true,"href":"https:\/\/inces.gob.ve\/index.php\/wp-json\/wp\/v2\/users\/15"}],"replies":[{"embeddable":true,"href":"https:\/\/inces.gob.ve\/index.php\/wp-json\/wp\/v2\/comments?post=33775"}],"version-history":[{"count":1,"href":"https:\/\/inces.gob.ve\/index.php\/wp-json\/wp\/v2\/posts\/33775\/revisions"}],"predecessor-version":[{"id":33779,"href":"https:\/\/inces.gob.ve\/index.php\/wp-json\/wp\/v2\/posts\/33775\/revisions\/33779"}],"wp:featuredmedia":[{"embeddable":true,"href":"https:\/\/inces.gob.ve\/index.php\/wp-json\/wp\/v2\/media\/33778"}],"wp:attachment":[{"href":"https:\/\/inces.gob.ve\/index.php\/wp-json\/wp\/v2\/media?parent=33775"}],"wp:term":[{"taxonomy":"category","embeddable":true,"href":"https:\/\/inces.gob.ve\/index.php\/wp-json\/wp\/v2\/categories?post=33775"},{"taxonomy":"post_tag","embeddable":true,"href":"https:\/\/inces.gob.ve\/index.php\/wp-json\/wp\/v2\/tags?post=33775"}],"curies":[{"name":"wp","href":"https:\/\/api.w.org\/{rel}","templated":true}]}}