{"id":33912,"date":"2020-02-08T07:10:11","date_gmt":"2020-02-08T13:10:11","guid":{"rendered":"https:\/\/inces.gob.ve\/?p=33912"},"modified":"2020-05-28T20:23:58","modified_gmt":"2020-05-29T00:23:58","slug":"bolivar-inces-realiza-alianzas-con-el-ministerio-del-poder-popular-para-la-agricultura-y-tierra","status":"publish","type":"post","link":"https:\/\/inces.gob.ve\/index.php\/2020\/02\/08\/bolivar-inces-realiza-alianzas-con-el-ministerio-del-poder-popular-para-la-agricultura-y-tierra\/","title":{"rendered":"Bol\u00edvar | Inces realiza alianzas con el Ministerio del Poder Popular Para la Agricultura y Tierra"},"content":{"rendered":"<p align=\"justify\"><span style=\"font-family: Arial, sans-serif;\"><span style=\"font-size: x-large;\"><i><b>** El objetivo del acuerdo establecido es atender a los productores de zonas rurales<\/b><\/i><\/span><\/span><\/p>\n<p align=\"justify\"><!--more--><\/p>\n<p align=\"justify\"><span style=\"font-family: Arial, sans-serif;\"><span style=\"font-size: x-large;\"><b>ALEXSSIA THOMAS | Prensa<\/b><\/span><\/span><\/p>\n<p align=\"justify\"><span style=\"font-family: Arial, sans-serif;\"><span style=\"font-size: x-large;\">En un recorrido realizado este mi\u00e9rcoles por los municipios Piar y Padre Chen el Ministerio del Poder Popular Para la Agricultura y Tierra (MAT) y la Oficina de Atenci\u00f3n al Ciudadano (OAC) Inces, entregaron <b>t\u00edtulos de tierra a 32 productores<\/b> propietarios de las parcelas donde residen desde hace varios a\u00f1os. <\/span><\/span><\/p>\n<p align=\"justify\"><span style=\"font-family: Arial, sans-serif;\"><span style=\"font-size: x-large;\">El acto se llev\u00f3 acabo en <b>Upata,<\/b> en el sector Bella Sombra, contando con representantes de instituciones como Vicepresidencia Social, Instituto Nacional de Tierra (Inti), y el Ministerio del Poder Popular Para la Agricultura y Tierra (MAT).<\/span><\/span><\/p>\n<p align=\"justify\"><span style=\"font-family: Arial, sans-serif;\"><span style=\"font-size: x-large;\"><img loading=\"lazy\" decoding=\"async\" class=\"aligncenter wp-image-33914 size-full\" src=\"https:\/\/www.inces.gob.ve\/wp-content\/uploads\/2020\/02\/Inces-alianzas-Ministerio-Agricultura-y-Tierra-2-.jpeg\" alt=\"\" width=\"800\" height=\"599\" srcset=\"https:\/\/inces.gob.ve\/wp-content\/uploads\/2020\/02\/Inces-alianzas-Ministerio-Agricultura-y-Tierra-2-.jpeg 800w, https:\/\/inces.gob.ve\/wp-content\/uploads\/2020\/02\/Inces-alianzas-Ministerio-Agricultura-y-Tierra-2--300x225.jpeg 300w, https:\/\/inces.gob.ve\/wp-content\/uploads\/2020\/02\/Inces-alianzas-Ministerio-Agricultura-y-Tierra-2--768x575.jpeg 768w, https:\/\/inces.gob.ve\/wp-content\/uploads\/2020\/02\/Inces-alianzas-Ministerio-Agricultura-y-Tierra-2--136x102.jpeg 136w\" sizes=\"auto, (max-width: 800px) 100vw, 800px\" \/><\/span><\/span><\/p>\n<p align=\"justify\"><span style=\"font-family: Arial, sans-serif;\"><span style=\"font-size: x-large;\">Ylyimaris Hern\u00e1ndez, coordinadora regional del OAC, se\u00f1al\u00f3: \u201cel gobierno en deseo de garantizar a los peque\u00f1os y medianos productores inici\u00f3 una serie de actividades para otorgar los t\u00edtulos de propiedad a los hombres y mujeres del campo que son punta de lanza para impulsar la <b>producci\u00f3n<\/b>. De igual modo el Inces seguir\u00e1 brind\u00e1ndoles la capacitaci\u00f3n que ellos necesitan para fortalecer sus conocimientos y convertir a nuestra Venezuela en un pa\u00eds potencia\u201d. Acot\u00f3 Hern\u00e1ndez.<\/span><\/span><\/p>\n<p align=\"justify\"><span style=\"font-family: Arial, sans-serif;\"><span style=\"font-size: x-large;\"><img loading=\"lazy\" decoding=\"async\" class=\"alignnone wp-image-33913 size-full\" src=\"https:\/\/www.inces.gob.ve\/wp-content\/uploads\/2020\/02\/Inces-alianzas-Ministerio-Agricultura-y-Tierra1-.jpeg\" alt=\"\" width=\"800\" height=\"600\" srcset=\"https:\/\/inces.gob.ve\/wp-content\/uploads\/2020\/02\/Inces-alianzas-Ministerio-Agricultura-y-Tierra1-.jpeg 800w, https:\/\/inces.gob.ve\/wp-content\/uploads\/2020\/02\/Inces-alianzas-Ministerio-Agricultura-y-Tierra1--300x225.jpeg 300w, https:\/\/inces.gob.ve\/wp-content\/uploads\/2020\/02\/Inces-alianzas-Ministerio-Agricultura-y-Tierra1--768x576.jpeg 768w, https:\/\/inces.gob.ve\/wp-content\/uploads\/2020\/02\/Inces-alianzas-Ministerio-Agricultura-y-Tierra1--136x102.jpeg 136w\" sizes=\"auto, (max-width: 800px) 100vw, 800px\" \/><\/span><\/span><\/p>\n<p align=\"justify\"><span style=\"font-family: Arial, sans-serif;\"><span style=\"font-size: x-large;\">Por su parte, J\u00f3se L\u00f3pez quien recibi\u00f3 la <b>carta agraria<\/b> que lo acredita como due\u00f1o de la parcela donde reside desde hace a\u00f1os, explic\u00f3: que \u201ccomo siempre seguir\u00e9 comprometido con el aporte de las siembras, cosecha y comercializaci\u00f3n de los rubros agr\u00edcolas que son indispensables para sostener la econom\u00eda del pa\u00eds\u201d. Manifest\u00f3 L\u00f3pez.<\/span><\/span><\/p>\n<p align=\"justify\"><span style=\"font-family: Arial, sans-serif;\"><span style=\"font-size: x-large;\">RB<\/span><\/span><\/p>\n","protected":false},"excerpt":{"rendered":"<p>** El objetivo del acuerdo establecido es atender a los productores de zonas rurales<\/p>\n","protected":false},"author":15,"featured_media":33915,"comment_status":"closed","ping_status":"closed","sticky":false,"template":"","format":"standard","meta":{"footnotes":""},"categories":[2],"tags":[],"class_list":["post-33912","post","type-post","status-publish","format-standard","has-post-thumbnail","hentry","category-blog"],"_links":{"self":[{"href":"https:\/\/inces.gob.ve\/index.php\/wp-json\/wp\/v2\/posts\/33912","targetHints":{"allow":["GET"]}}],"collection":[{"href":"https:\/\/inces.gob.ve\/index.php\/wp-json\/wp\/v2\/posts"}],"about":[{"href":"https:\/\/inces.gob.ve\/index.php\/wp-json\/wp\/v2\/types\/post"}],"author":[{"embeddable":true,"href":"https:\/\/inces.gob.ve\/index.php\/wp-json\/wp\/v2\/users\/15"}],"replies":[{"embeddable":true,"href":"https:\/\/inces.gob.ve\/index.php\/wp-json\/wp\/v2\/comments?post=33912"}],"version-history":[{"count":1,"href":"https:\/\/inces.gob.ve\/index.php\/wp-json\/wp\/v2\/posts\/33912\/revisions"}],"predecessor-version":[{"id":33916,"href":"https:\/\/inces.gob.ve\/index.php\/wp-json\/wp\/v2\/posts\/33912\/revisions\/33916"}],"wp:featuredmedia":[{"embeddable":true,"href":"https:\/\/inces.gob.ve\/index.php\/wp-json\/wp\/v2\/media\/33915"}],"wp:attachment":[{"href":"https:\/\/inces.gob.ve\/index.php\/wp-json\/wp\/v2\/media?parent=33912"}],"wp:term":[{"taxonomy":"category","embeddable":true,"href":"https:\/\/inces.gob.ve\/index.php\/wp-json\/wp\/v2\/categories?post=33912"},{"taxonomy":"post_tag","embeddable":true,"href":"https:\/\/inces.gob.ve\/index.php\/wp-json\/wp\/v2\/tags?post=33912"}],"curies":[{"name":"wp","href":"https:\/\/api.w.org\/{rel}","templated":true}]}}